{"id":31916,"date":"2021-05-28T14:56:43","date_gmt":"2021-05-28T17:56:43","guid":{"rendered":"https:\/\/www.tjes.jus.br\/corregedoria\/?p=31916"},"modified":"2021-05-28T14:56:43","modified_gmt":"2021-05-28T17:56:43","slug":"resolucao-no-010-2021-disp-28-05-2021","status":"publish","type":"post","link":"https:\/\/www.tjes.jus.br\/corregedoria\/2021\/05\/28\/resolucao-no-010-2021-disp-28-05-2021\/","title":{"rendered":"RESOLU\u00c7\u00c3O N\u00ba 010\/2021 &#8211; DISP. 28\/05\/2021"},"content":{"rendered":"<p style=\"text-align: center;\"><strong>ESTADO DO ESP\u00cdRITO SANTO<\/strong><\/p>\n<p style=\"text-align: center;\"><strong>PODER JUDICI\u00c1RIO<\/strong><\/p>\n<p style=\"text-align: center;\"><strong>TRIBUNAL DE JUSTI\u00c7A<\/strong><\/p>\n<p style=\"text-align: center;\">\n<p style=\"text-align: center;\"><strong>RESOLU\u00c7\u00c3O N\u00ba 010\/ 2021<\/strong><\/p>\n<p>&nbsp;<\/p>\n<p style=\"text-align: justify;\">O Excelent\u00edssimo Senhor Desembargador RONALDO GON\u00c7ALVES DE SOUSA, Presidente do Egr\u00e9gio Tribunal de Justi\u00e7a do Estado do Esp\u00edrito Santo, no uso de suas atribui\u00e7\u00f5es legais e regimentais, e tendo em vista DECIS\u00c3O do Egr\u00e9gio Tribunal Pleno, em sess\u00e3o realizada nesta data,<\/p>\n<p style=\"text-align: justify;\">\n<p style=\"text-align: justify;\"><strong>CONSIDERANDO<\/strong>\u00a0requerimento apresentado pelo Sindicato dos Servidores do Poder Judici\u00e1rio do Estado do Esp\u00edrito Santo \u2013 SINDIJUDICI\u00c1RIO\/ES, constante do processo SEI n\u00ba 202100084576,<\/p>\n<p style=\"text-align: justify;\">\n<p style=\"text-align: justify;\"><strong>CONSIDERANDO<\/strong>\u00a0o limite da disponibilidade or\u00e7ament\u00e1ria e financeira da unidade \u201cTribunal de Justi\u00e7a\u201d para o exerc\u00edcio de 2021, estabelecido pela Lei Estadual n\u00ba 11.231\/21 (Lei Or\u00e7ament\u00e1ria Anual),<\/p>\n<p style=\"text-align: justify;\">\n<p style=\"text-align: justify;\"><strong>CONSIDERANDO<\/strong>\u00a0que o referido limite de disponibilidade n\u00e3o autoriza o reajuste do valor do vale-alimenta\u00e7\u00e3o concedido aos servidores do Poder Judici\u00e1rio do Estado do Esp\u00edrito Santo pelo \u00edndice previsto pelo par\u00e1grafo \u00fanico do artigo 1\u00ba da Lei Estadual n\u00ba 7.048\/02 (\u00cdndice Geral de Pre\u00e7os de Mercado \u2013 IGPM\/FGV), possibilitando, entretanto, o citado reajuste pelo \u00cdndice de Pre\u00e7os ao Consumidor Amplo (IPCA\/IBGE),<\/p>\n<p style=\"text-align: justify;\">\n<p style=\"text-align: justify;\"><strong>RESOLVE:<\/strong><\/p>\n<p style=\"text-align: justify;\">\n<p style=\"text-align: justify;\"><strong>Art. 1\u00ba &#8211;<\/strong>\u00a0Fica estabelecido que o valor do vale-alimenta\u00e7\u00e3o concedido aos servidores do Poder Judici\u00e1rio do Estado do Esp\u00edrito Santo ser\u00e1 de R$ 60,17 (sessenta reais e dezessete centavos) por vale.<\/p>\n<p style=\"text-align: justify;\">\n<p style=\"text-align: justify;\"><strong>Art. 2\u00ba &#8211;<\/strong>\u00a0Esta Resolu\u00e7\u00e3o entra em vigor na data de sua publica\u00e7\u00e3o, com efeitos financeiros a partir de 01 de janeiro de 2021.<\/p>\n<p style=\"text-align: justify;\">\n<p style=\"text-align: justify;\">Publique-se.<\/p>\n<p style=\"text-align: justify;\">\n<p style=\"text-align: justify;\">Vit\u00f3ria, 27 de\u00a0 maio de 2021.<\/p>\n<p style=\"text-align: center;\">\n<p style=\"text-align: center;\">\n<p style=\"text-align: center;\"><strong>Des. RONALDO GON\u00c7ALVES DE SOUSA<\/strong><\/p>\n<p style=\"text-align: center;\"><strong>PRESIDENTE<\/strong><\/p>\n","protected":false},"excerpt":{"rendered":"<p>ESTADO DO ESP\u00cdRITO SANTO PODER JUDICI\u00c1RIO TRIBUNAL DE JUSTI\u00c7A RESOLU\u00c7\u00c3O N\u00ba 010\/ 2021 &nbsp; O Excelent\u00edssimo Senhor Desembargador RONALDO GON\u00c7ALVES DE SOUSA, Presidente do Egr\u00e9gio Tribunal de Justi\u00e7a do Estado do Esp\u00edrito Santo, no uso de suas atribui\u00e7\u00f5es legais e regimentais, e tendo em vista DECIS\u00c3O do Egr\u00e9gio Tribunal Pleno, em sess\u00e3o realizada nesta data, [&hellip;]<\/p>\n","protected":false},"author":15,"featured_media":0,"comment_status":"closed","ping_status":"closed","sticky":false,"template":"","format":"standard","meta":{"footnotes":""},"categories":[14,13],"tags":[],"_links":{"self":[{"href":"https:\/\/www.tjes.jus.br\/corregedoria\/wp-json\/wp\/v2\/posts\/31916"}],"collection":[{"href":"https:\/\/www.tjes.jus.br\/corregedoria\/wp-json\/wp\/v2\/posts"}],"about":[{"href":"https:\/\/www.tjes.jus.br\/corregedoria\/wp-json\/wp\/v2\/types\/post"}],"author":[{"embeddable":true,"href":"https:\/\/www.tjes.jus.br\/corregedoria\/wp-json\/wp\/v2\/users\/15"}],"replies":[{"embeddable":true,"href":"https:\/\/www.tjes.jus.br\/corregedoria\/wp-json\/wp\/v2\/comments?post=31916"}],"version-history":[{"count":1,"href":"https:\/\/www.tjes.jus.br\/corregedoria\/wp-json\/wp\/v2\/posts\/31916\/revisions"}],"predecessor-version":[{"id":31917,"href":"https:\/\/www.tjes.jus.br\/corregedoria\/wp-json\/wp\/v2\/posts\/31916\/revisions\/31917"}],"wp:attachment":[{"href":"https:\/\/www.tjes.jus.br\/corregedoria\/wp-json\/wp\/v2\/media?parent=31916"}],"wp:term":[{"taxonomy":"category","embeddable":true,"href":"https:\/\/www.tjes.jus.br\/corregedoria\/wp-json\/wp\/v2\/categories?post=31916"},{"taxonomy":"post_tag","embeddable":true,"href":"https:\/\/www.tjes.jus.br\/corregedoria\/wp-json\/wp\/v2\/tags?post=31916"}],"curies":[{"name":"wp","href":"https:\/\/api.w.org\/{rel}","templated":true}]}}