{"id":31922,"date":"2021-05-28T15:01:45","date_gmt":"2021-05-28T18:01:45","guid":{"rendered":"https:\/\/www.tjes.jus.br\/corregedoria\/?p=31922"},"modified":"2021-05-28T15:01:45","modified_gmt":"2021-05-28T18:01:45","slug":"31922","status":"publish","type":"post","link":"https:\/\/www.tjes.jus.br\/corregedoria\/2021\/05\/28\/31922\/","title":{"rendered":""},"content":{"rendered":"<p style=\"text-align: center;\"><strong>ESTADO DO ESP\u00cdRITO SANTO<\/strong><\/p>\n<p style=\"text-align: center;\"><strong>PODER JUDICI\u00c1RIO<\/strong><\/p>\n<p style=\"text-align: center;\"><strong>TRIBUNAL DE JUSTI\u00c7A<\/strong><\/p>\n<p style=\"text-align: center;\">\n<p style=\"text-align: center;\">\n<p style=\"text-align: center;\"><strong>ATO NORMATIVO N\u00ba 045 \u00a0\/2021<\/strong><\/p>\n<p>&nbsp;<\/p>\n<p style=\"text-align: justify;\">\n<p style=\"text-align: justify;\">Institui e convoca Equipe de Trabalho para atuar na Pauta Concentrada de Media\u00e7\u00e3o que ser\u00e1 realizada na Comarca de Cachoeiro de Itapemirim, no per\u00edodo de 07\/06\/2021 a 11\/06\/2021.<\/p>\n<p style=\"text-align: justify;\">\n<p style=\"text-align: justify;\">O Excelent\u00edssimo Senhor Desembargador RONALDO GON\u00c7ALVES DE SOUSA<strong>,\u00a0<\/strong>Presidente do Egr\u00e9gio Tribunal de Justi\u00e7a do Estado do Esp\u00edrito Santo, no uso de suas atribui\u00e7\u00f5es legais e,<\/p>\n<p style=\"text-align: justify;\">\n<p style=\"text-align: justify;\">CONSIDERANDO o disposto no art. 58, da Resolu\u00e7\u00e3o n\u00ba 15\/95 (Regimento Interno do Tribunal de Justi\u00e7a do Estado do Esp\u00edrito Santo), que atribui ao Presidente compet\u00eancia geral para exercer a superintend\u00eancia de todo servi\u00e7o judici\u00e1rio, na qualidade de Chefe do Poder Judici\u00e1rio Estadual;<\/p>\n<p style=\"text-align: justify;\">\n<p style=\"text-align: justify;\">CONSIDERANDO<strong>\u00a0<\/strong>a vig\u00eancia do C\u00f3digo de Processo Civil (Lei 13.105\/2015), bem como da Lei de Media\u00e7\u00e3o (Lei 13.140\/2015), da Resolu\u00e7\u00e3o 125\/2010, do Conselho Nacional de Justi\u00e7a \u2013 CNJ e a Resolu\u00e7\u00e3o TJES n. 01\/2021;<\/p>\n<p style=\"text-align: justify;\">\n<p style=\"text-align: justify;\">CONSIDERANDO a necessidade de coordenar, conduzir e auxiliar a realiza\u00e7\u00e3o das sess\u00f5es de media\u00e7\u00e3o judicial.<\/p>\n<p style=\"text-align: justify;\">\n<p style=\"text-align: justify;\"><strong>RESOLVE:<\/strong><\/p>\n<p style=\"text-align: justify;\">\n<p style=\"text-align: justify;\">Art. 1\u00ba \u2013 Designar os Excelent\u00edssimos Senhores Ju\u00edzes de Direito que comp\u00f5e o Grupo de Trabalho do 6\u00ba Centro Judici\u00e1rio de Solu\u00e7\u00e3o de Conflitos e Cidadania &#8211; 6\u00ba CEJUSC Cachoeiro de Itapemirim para a pr\u00e1tica dos atos judiciais e administrativos necess\u00e1rios ao suporte e a supervis\u00e3o da Pauta Concentrada de Media\u00e7\u00e3o dos processos em tr\u00e2mite nas Varas de Fam\u00edlia, \u00d3rf\u00e3os e Sucess\u00f5es da Comarca de Cachoeiro de Itapemirim.<\/p>\n<p style=\"text-align: justify;\">\n<p style=\"text-align: justify;\">Art. 2\u00ba \u2013 Instituir e convocar a Equipe de Trabalho para atuar na Pauta Concentrada de Media\u00e7\u00e3o que ser\u00e1 realizada no \u00e2mbito do 6\u00ba CEJUSC e nas depend\u00eancias da 2\u00aa Subse\u00e7\u00e3o da OAB-ES, localizada na Av. Monte Castelo, n\u00ba 96, Pra\u00e7a da Justi\u00e7a, bairro Independ\u00eancia, Cachoeiro de Itapemirim-ES, no per\u00edodo de 07\/06\/2021 a 11\/06\/2021, no hor\u00e1rio das 7h30min \u00e0s 18h30min, conforme segue:<\/p>\n<p style=\"text-align: justify;\">\n<table>\n<tbody>\n<tr>\n<td>ADRIANA PAIVA KLAWA CAU<\/td>\n<td>210155-53<\/td>\n<\/tr>\n<tr>\n<td>IZABELLA DALLA SILY CASAGRANDE<\/td>\n<td>206881-77<\/td>\n<\/tr>\n<tr>\n<td>JAKLANE DE SOUZA ALMEIDA<\/td>\n<td>208144-79<\/td>\n<\/tr>\n<tr>\n<td>ROBERTO CARLOS LIMA GOMES<\/td>\n<td>206579-66<\/td>\n<\/tr>\n<\/tbody>\n<\/table>\n<p style=\"text-align: justify;\">\n<p style=\"text-align: justify;\">Art. 3\u00ba &#8211; A Equipe de Trabalho promover\u00e1 os atos executivos necess\u00e1rios \u00e0 realiza\u00e7\u00e3o das sess\u00f5es de media\u00e7\u00e3o, devendo cumprir o C\u00f3digo de \u00c9tica dos Mediadores Judiciais, estabelecido pela Resolu\u00e7\u00e3o 125\/10, do Conselho Nacional de Justi\u00e7a, ficando respons\u00e1veis pela coordena\u00e7\u00e3o, supervis\u00e3o e\/ou condu\u00e7\u00e3o das media\u00e7\u00f5es realizadas.<\/p>\n<p style=\"text-align: justify;\">\n<p style=\"text-align: justify;\">Art. 4\u00ba \u2013 O NUPEMEC encaminhar\u00e1 \u00e0 Secretaria de Gest\u00e3o de Pessoas do Egr\u00e9gio Tribunal de Justi\u00e7a, no prazo de 10(dez) dias \u00fateis ap\u00f3s o encerramento do evento, informa\u00e7\u00e3o acerca das horas trabalhadas pelos servidores para anota\u00e7\u00e3o em ficha funcional.<\/p>\n<p style=\"text-align: justify;\">\n<p style=\"text-align: justify;\">Art. 5\u00ba \u2013 As horas extraordin\u00e1rias realizadas pelos integrantes da equipe ser\u00e3o computadas exclusivamente para fins de compensa\u00e7\u00e3o.<\/p>\n<p style=\"text-align: justify;\">\n<p style=\"text-align: justify;\">Par\u00e1grafo \u00fanico \u2013 As horas extraordin\u00e1rias ser\u00e3o devidamente anotadas em ficha funcional, para gozo oportuno, mediante autoriza\u00e7\u00e3o da chefia imediata e sem preju\u00edzo do servi\u00e7o.<\/p>\n<p style=\"text-align: justify;\">\n<p style=\"text-align: justify;\">Art. 6\u00ba \u2013 Os servidores efetivos est\u00e1veis que atuar\u00e3o no mutir\u00e3o ter\u00e3o reconhecida, para fins de promo\u00e7\u00e3o na carreira, a pontua\u00e7\u00e3o equivalente \u00e0 participa\u00e7\u00e3o em Equipe Especial de Trabalho, conforme disposto no Ato n\u00ba 2.773\/2012.<\/p>\n<p style=\"text-align: justify;\">\n<p style=\"text-align: justify;\">Art. 7\u00ba \u2013 Este Ato Normativo entra em vigor na data de sua publica\u00e7\u00e3o.<\/p>\n<p style=\"text-align: justify;\">\n<p style=\"text-align: justify;\">Publique-se.<\/p>\n<p style=\"text-align: justify;\">\n<p style=\"text-align: justify;\">Vit\u00f3ria, 21 de maio de 2021.<\/p>\n<p>&nbsp;<\/p>\n<p>&nbsp;<\/p>\n<p style=\"text-align: center;\">Desembargador RONALDO GON\u00c7ALVES DE SOUSA<\/p>\n<p style=\"text-align: center;\">Presidente<\/p>\n","protected":false},"excerpt":{"rendered":"<p>ESTADO DO ESP\u00cdRITO SANTO PODER JUDICI\u00c1RIO TRIBUNAL DE JUSTI\u00c7A ATO NORMATIVO N\u00ba 045 \u00a0\/2021 &nbsp; Institui e convoca Equipe de Trabalho para atuar na Pauta Concentrada de Media\u00e7\u00e3o que ser\u00e1 realizada na Comarca de Cachoeiro de Itapemirim, no per\u00edodo de 07\/06\/2021 a 11\/06\/2021. O Excelent\u00edssimo Senhor Desembargador RONALDO GON\u00c7ALVES DE SOUSA,\u00a0Presidente do Egr\u00e9gio Tribunal de [&hellip;]<\/p>\n","protected":false},"author":15,"featured_media":0,"comment_status":"closed","ping_status":"closed","sticky":false,"template":"","format":"standard","meta":{"footnotes":""},"categories":[4,14],"tags":[],"_links":{"self":[{"href":"https:\/\/www.tjes.jus.br\/corregedoria\/wp-json\/wp\/v2\/posts\/31922"}],"collection":[{"href":"https:\/\/www.tjes.jus.br\/corregedoria\/wp-json\/wp\/v2\/posts"}],"about":[{"href":"https:\/\/www.tjes.jus.br\/corregedoria\/wp-json\/wp\/v2\/types\/post"}],"author":[{"embeddable":true,"href":"https:\/\/www.tjes.jus.br\/corregedoria\/wp-json\/wp\/v2\/users\/15"}],"replies":[{"embeddable":true,"href":"https:\/\/www.tjes.jus.br\/corregedoria\/wp-json\/wp\/v2\/comments?post=31922"}],"version-history":[{"count":1,"href":"https:\/\/www.tjes.jus.br\/corregedoria\/wp-json\/wp\/v2\/posts\/31922\/revisions"}],"predecessor-version":[{"id":31923,"href":"https:\/\/www.tjes.jus.br\/corregedoria\/wp-json\/wp\/v2\/posts\/31922\/revisions\/31923"}],"wp:attachment":[{"href":"https:\/\/www.tjes.jus.br\/corregedoria\/wp-json\/wp\/v2\/media?parent=31922"}],"wp:term":[{"taxonomy":"category","embeddable":true,"href":"https:\/\/www.tjes.jus.br\/corregedoria\/wp-json\/wp\/v2\/categories?post=31922"},{"taxonomy":"post_tag","embeddable":true,"href":"https:\/\/www.tjes.jus.br\/corregedoria\/wp-json\/wp\/v2\/tags?post=31922"}],"curies":[{"name":"wp","href":"https:\/\/api.w.org\/{rel}","templated":true}]}}