{"id":32078,"date":"2021-06-22T13:14:55","date_gmt":"2021-06-22T16:14:55","guid":{"rendered":"https:\/\/www.tjes.jus.br\/corregedoria\/?p=32078"},"modified":"2021-11-03T14:06:55","modified_gmt":"2021-11-03T17:06:55","slug":"ato-normativo-no-051-2021-disp-22-06-2021","status":"publish","type":"post","link":"https:\/\/www.tjes.jus.br\/corregedoria\/2021\/06\/22\/ato-normativo-no-051-2021-disp-22-06-2021\/","title":{"rendered":"ATO NORMATIVO N\u00ba 051\/2021 &#8211; DISP. 22\/06\/2021 &#8211; REPUBLICA\u00c7\u00c3O"},"content":{"rendered":"<p style=\"text-align: center;\" align=\"center\">PODER JUDICI\u00c1RIO DO ESTADO DO ESP\u00cdRITO SANTO &#8211; PJES<\/p>\n<p style=\"text-align: center;\" align=\"center\">RUA DESEMBARGADOR HOMERO MAFRA,60 &#8211; Bairro ENSEADA DO SU\u00c1 &#8211; CEP 29050906 &#8211; Vit\u00f3ria &#8211; ES &#8211; www.tjes.jus.br<\/p>\n<p class=\"textocentralizadomaiusculas\" style=\"text-align: center;\" align=\"center\"><strong>ATO NORMATIVO N\u00ba 051\/2021<\/strong><\/p>\n<p>&nbsp;<\/p>\n<p class=\"textojustificadorecuoprimeiralinha\" style=\"text-align: justify;\">O Excelent\u00edssimo Senhor Desembargador Ronaldo Gon\u00e7alves de Sousa, Presidente do Egr\u00e9gio Tribunal de Justi\u00e7a do Estado do Esp\u00edrito Santo, no uso de suas atribui\u00e7\u00f5es legais,<\/p>\n<p class=\"textojustificadorecuoprimeiralinha\" style=\"text-align: justify;\">CONSIDERANDO o teor do Processo SEI inciado por of\u00edcio\u00a0encaminhado pelo. Exmo. Sr. Dr.\u00a0Gedeon Rocha Lima Junior, Juiz de Direito Diretor do Foro da Comarca de Ibira\u00e7u\/ES, atrav\u00e9s do qual\u00a0solicita a suspens\u00e3o dos prazos processuais e do expediente forense no dia 21 de junho de 2021, tendo em vista a execu\u00e7\u00e3o de\u00a0obras\u00a0para Constru\u00e7\u00e3o da Subesta\u00e7\u00e3o de energia el\u00e9trica de Ibira\u00e7u na referida data, fato que provocar\u00e1 a suspens\u00e3o da\u00a0energia el\u00e9trica no F\u00f3rum por tal per\u00edodo.;<\/p>\n<p class=\"textojustificadorecuoprimeiralinha\" style=\"text-align: justify;\">RESOLVE:<\/p>\n<p class=\"textojustificadorecuoprimeiralinha\" style=\"text-align: justify;\"><strong>SUSPENDER<\/strong>\u00a0os prazos processuais bem como do expediente presencial na Comarca de Ibira\u00e7u no dia\u00a0<strong>21 de junho de 2021\u200b.<\/strong><\/p>\n<p class=\"textojustificadorecuoprimeiralinha\" style=\"text-align: justify;\"><strong>DETERMINAR<\/strong>\u00a0que, na referida data,\u00a0os Servidores e Magistrados da comarca de Ibira\u00e7u permane\u00e7am em trabalho remoto, bem como seja providenciado sistema de plant\u00e3o capaz de apreciar as medidas consideradas urgentes.<\/p>\n<p class=\"textojustificadorecuoprimeiralinha\" style=\"text-align: justify;\">Publique-se.<\/p>\n<p class=\"textojustificadorecuoprimeiralinha\" style=\"text-align: justify;\">Vit\u00f3ria\/ES, na data publicada no sistema<\/p>\n<p>&nbsp;<\/p>\n<p class=\"textojustificadorecuoprimeiralinha\" style=\"text-align: center;\">Desembargador RONALDO GON\u00c7ALVES DE SOUSA<\/p>\n<p class=\"textojustificadorecuoprimeiralinha\" style=\"text-align: center;\">Presidente<\/p>\n<p class=\"textojustificadorecuoprimeiralinha\" style=\"text-align: center;\"><span style=\"color: #ff0000;\">*ATO\u00a0republicado por incorre\u00e7\u00e3o: onde se lia\u00a0<strong>21 de julho de 2021<\/strong>\u00a0leia-se\u00a0<strong>21 de junho de 2021.<\/strong><\/span><\/p>\n","protected":false},"excerpt":{"rendered":"<p>PODER JUDICI\u00c1RIO DO ESTADO DO ESP\u00cdRITO SANTO &#8211; PJES RUA DESEMBARGADOR HOMERO MAFRA,60 &#8211; Bairro ENSEADA DO SU\u00c1 &#8211; CEP 29050906 &#8211; Vit\u00f3ria &#8211; ES &#8211; www.tjes.jus.br ATO NORMATIVO N\u00ba 051\/2021 &nbsp; O Excelent\u00edssimo Senhor Desembargador Ronaldo Gon\u00e7alves de Sousa, Presidente do Egr\u00e9gio Tribunal de Justi\u00e7a do Estado do Esp\u00edrito Santo, no uso de suas [&hellip;]<\/p>\n","protected":false},"author":15,"featured_media":0,"comment_status":"closed","ping_status":"closed","sticky":false,"template":"","format":"standard","meta":{"footnotes":""},"categories":[4,14],"tags":[],"_links":{"self":[{"href":"https:\/\/www.tjes.jus.br\/corregedoria\/wp-json\/wp\/v2\/posts\/32078"}],"collection":[{"href":"https:\/\/www.tjes.jus.br\/corregedoria\/wp-json\/wp\/v2\/posts"}],"about":[{"href":"https:\/\/www.tjes.jus.br\/corregedoria\/wp-json\/wp\/v2\/types\/post"}],"author":[{"embeddable":true,"href":"https:\/\/www.tjes.jus.br\/corregedoria\/wp-json\/wp\/v2\/users\/15"}],"replies":[{"embeddable":true,"href":"https:\/\/www.tjes.jus.br\/corregedoria\/wp-json\/wp\/v2\/comments?post=32078"}],"version-history":[{"count":5,"href":"https:\/\/www.tjes.jus.br\/corregedoria\/wp-json\/wp\/v2\/posts\/32078\/revisions"}],"predecessor-version":[{"id":32941,"href":"https:\/\/www.tjes.jus.br\/corregedoria\/wp-json\/wp\/v2\/posts\/32078\/revisions\/32941"}],"wp:attachment":[{"href":"https:\/\/www.tjes.jus.br\/corregedoria\/wp-json\/wp\/v2\/media?parent=32078"}],"wp:term":[{"taxonomy":"category","embeddable":true,"href":"https:\/\/www.tjes.jus.br\/corregedoria\/wp-json\/wp\/v2\/categories?post=32078"},{"taxonomy":"post_tag","embeddable":true,"href":"https:\/\/www.tjes.jus.br\/corregedoria\/wp-json\/wp\/v2\/tags?post=32078"}],"curies":[{"name":"wp","href":"https:\/\/api.w.org\/{rel}","templated":true}]}}