{"id":32128,"date":"2021-06-25T13:22:11","date_gmt":"2021-06-25T16:22:11","guid":{"rendered":"https:\/\/www.tjes.jus.br\/corregedoria\/?p=32128"},"modified":"2021-06-25T13:22:11","modified_gmt":"2021-06-25T16:22:11","slug":"portaria-no-24-2021-disp-25-06-2021-republicacao","status":"publish","type":"post","link":"https:\/\/www.tjes.jus.br\/corregedoria\/2021\/06\/25\/portaria-no-24-2021-disp-25-06-2021-republicacao\/","title":{"rendered":"PORTARIA N\u00ba 24\/2021 &#8211; DISP. 25\/06\/2021 &#8211; REPUBLICA\u00c7\u00c3O"},"content":{"rendered":"<p class=\"Tabela_Texto_Centralizado\" style=\"text-align: center;\"><strong>PORTARIA N\u00ba 24\/2021*<\/strong><\/p>\n<p>&nbsp;<\/p>\n<p class=\"Tabela_Texto_Alinhado_Direita\" style=\"text-align: justify;\">O Desembargador\u00a0<strong>NEY BATISTA COUTINHO<\/strong>, Corregedor-Geral da Justi\u00e7a do Estado do Esp\u00edrito Santo, no uso de suas atribui\u00e7\u00f5es legais,<\/p>\n<p style=\"text-align: justify;\">\n<p class=\"Texto_Justificado\" style=\"text-align: justify;\"><strong>CONSIDERANDO<\/strong>\u00a0o que prescreve o artigo\u00a035, do C\u00f3digo de Organiza\u00e7\u00e3o Judici\u00e1ria do Estado do Esp\u00edrito Santo, no sentido de ser a Corregedoria Geral da Justi\u00e7a o \u00f3rg\u00e3o de fiscaliza\u00e7\u00e3o, que disciplina a orienta\u00e7\u00e3o administrativa com circunscri\u00e7\u00e3o em todo o Estado;<\/p>\n<p style=\"text-align: justify;\">\n<p class=\"Texto_Justificado\" style=\"text-align: justify;\"><strong>CONSIDERANDO<\/strong>\u00a0a import\u00e2ncia da realiza\u00e7\u00e3o de Correi\u00e7\u00f5es, na conformidade das modalidades previstas no artigo\u00a013 do C\u00f3digo de Normas &#8211; Foro Judicial &#8211; Tomo I;<\/p>\n<p style=\"text-align: justify;\">\n<p class=\"Texto_Justificado\" style=\"text-align: justify;\"><strong>CONSIDERANDO<\/strong>,\u00a0ainda, que o cronograma de correi\u00e7\u00f5es presenciais e virtuais \u00e9 pautado em crit\u00e9rios objetivos, destacando-se, dentre outros, o decurso temporal da \u00faltima correi\u00e7\u00e3o sobre os servi\u00e7os do foro judicial;<\/p>\n<p style=\"text-align: justify;\">\n<p class=\"Texto_Justificado\" style=\"text-align: justify;\"><strong>CONSIDERANDO<\/strong>\u00a0a necessidade de ampla divulga\u00e7\u00e3o, transpar\u00eancia e publicidade do cronograma de correi\u00e7\u00f5es do 2\u00ba semestre do ano de 2021;<\/p>\n<p style=\"text-align: justify;\">\n<p class=\"Texto_Justificado\" style=\"text-align: justify;\"><strong>RESOLVE:<\/strong><\/p>\n<p style=\"text-align: justify;\">\n<p class=\"Texto_Justificado\" style=\"text-align: justify;\"><strong>Art.\u00a01\u00ba.<\/strong>\u00a0Determinar a realiza\u00e7\u00e3o de correi\u00e7\u00f5es nas seguintes unidades judici\u00e1rias do Estado do Esp\u00edrito Santo, conforme modalidades abaixo relacionadas:<\/p>\n<p style=\"text-align: justify;\">\n<table border=\"1\" cellspacing=\"1\" cellpadding=\"0\">\n<tbody>\n<tr align=\"center\">\n<td align=\"center\" bgcolor=\"#bcbfba\">\n<p class=\"Tabela_Texto_Centralizado\"><strong>M\u00caS<\/strong><\/p>\n<\/td>\n<td align=\"center\" bgcolor=\"#bcbfba\">\n<p class=\"Tabela_Texto_Centralizado\"><strong>UNIDADE\u00a0JUDICI\u00c1RIA<\/strong><\/p>\n<\/td>\n<td align=\"center\" bgcolor=\"#bcbfba\">\n<p class=\"Tabela_Texto_Centralizado\"><strong>MODALIDADE<\/strong><\/p>\n<\/td>\n<\/tr>\n<tr align=\"center\">\n<td colspan=\"1\" rowspan=\"8\">\n<p class=\"Tabela_Texto_Centralizado\"><strong>Julho<\/strong><\/p>\n<\/td>\n<td align=\"justify\">\n<p class=\"Texto_Justificado\">CARIACICA &#8211; VARA\u00a0 DA FAZENDA P\u00daBLICA MUNICIPAL<\/p>\n<\/td>\n<td align=\"justify\">\n<p class=\"Texto_Justificado\">VIRTUAL<\/p>\n<\/td>\n<\/tr>\n<tr align=\"center\">\n<td align=\"justify\">\n<p class=\"Texto_Justificado\">CARIACICA &#8211; VARA DA FAZENDA P\u00daBLICA ESTADUAL, REGISTROS P\u00daBLICOS E MEIO AMBIENTE<\/p>\n<\/td>\n<td align=\"justify\">\n<p class=\"Texto_Justificado\">VIRTUAL<\/p>\n<\/td>\n<\/tr>\n<tr align=\"center\">\n<td align=\"justify\">\n<p class=\"Texto_Justificado\">SERRA &#8211; VARA DA FAZENDA P\u00daBLICA ESTADUAL, REGISTROS P\u00daBLICOS E MEIO AMBIENTE<\/p>\n<\/td>\n<td align=\"justify\">\n<p class=\"Texto_Justificado\">VIRTUAL<\/p>\n<\/td>\n<\/tr>\n<tr align=\"center\">\n<td align=\"justify\">\n<p class=\"Texto_Justificado\">SERRA &#8211; VARA DA FAZENDA PUBLICA MUNICIPAL<\/p>\n<\/td>\n<td align=\"justify\">\n<p class=\"Texto_Justificado\">VIRTUAL<\/p>\n<\/td>\n<\/tr>\n<tr align=\"center\">\n<td align=\"justify\">\n<p class=\"Texto_Justificado\">LINHARES &#8211; VARA DA\u00a0FAZENDA P\u00daBLICA ESTADUAL, MUNICIPAL, REGISTROS\u00a0P\u00daBLICOS\u00a0E MEIO AMBIENTE<\/p>\n<\/td>\n<td align=\"justify\">\n<p class=\"Texto_Justificado\">VIRTUAL<\/p>\n<\/td>\n<\/tr>\n<tr align=\"center\">\n<td align=\"justify\">\n<p class=\"Texto_Justificado\">CACHOEIRO DE ITAPEMIRIM &#8211; 2\u00aa VARA FAZENDA P\u00daBLICA ESTADUAL, MUNICIPAL, REGISTROS P\u00daBLICOS, MEIO AMBIENTE E SA\u00daDE<\/p>\n<\/td>\n<td align=\"justify\">\n<p class=\"Texto_Justificado\">VIRTUAL<\/p>\n<\/td>\n<\/tr>\n<tr align=\"center\">\n<td align=\"justify\">\n<p class=\"Texto_Justificado\">CACHOEIRO DE ITAPEMIRIM &#8211; 3\u00aa VARA CRIMINAL<\/p>\n<\/td>\n<td align=\"justify\">\n<p class=\"Texto_Justificado\">VIRTUAL<\/p>\n<\/td>\n<\/tr>\n<tr align=\"center\">\n<td align=\"justify\">\n<p class=\"Texto_Justificado\">MARATA\u00cdZES &#8211; VARA DE FAZENDA P\u00daBLICA ESTADUAL, MUNICIPAL E REGISTROS P\u00daBLICOS<\/p>\n<\/td>\n<td align=\"justify\">\n<p class=\"Texto_Justificado\">VIRTUAL<\/p>\n<\/td>\n<\/tr>\n<tr align=\"center\">\n<td colspan=\"1\" rowspan=\"7\" bgcolor=\"#bcbfba\">\n<p class=\"Tabela_Texto_Centralizado\"><strong>Agosto<\/strong><\/p>\n<\/td>\n<td align=\"justify\" bgcolor=\"#bcbfba\">\n<p class=\"Texto_Justificado\">CACHOEIRO DE ITAPEMIRIM &#8211; 2\u00aa VARA CRIMINAL<\/p>\n<\/td>\n<td align=\"justify\" bgcolor=\"#bcbfba\">\n<p class=\"Texto_Justificado\">VIRTUAL<\/p>\n<\/td>\n<\/tr>\n<tr align=\"left\">\n<td bgcolor=\"#bcbfba\">\n<p class=\"Texto_Justificado\">LINHARES &#8211; 2\u00aa VARA CRIMINAL<\/p>\n<\/td>\n<td bgcolor=\"#bcbfba\">\n<p class=\"Texto_Justificado\">VIRTUAL<\/p>\n<\/td>\n<\/tr>\n<tr align=\"left\">\n<td bgcolor=\"#bcbfba\">\n<p class=\"Texto_Justificado\">VIANA &#8211; 2\u00aa VARA CRIMINAL<\/p>\n<\/td>\n<td bgcolor=\"#bcbfba\">\n<p class=\"Texto_Justificado\">VIRTUAL<\/p>\n<\/td>\n<\/tr>\n<tr align=\"left\">\n<td bgcolor=\"#bcbfba\">\n<p class=\"Texto_Justificado\">COLATINA &#8211; 2\u00aa VARA CRIMINAL<\/p>\n<\/td>\n<td bgcolor=\"#bcbfba\">\n<p class=\"Texto_Justificado\">VIRTUAL<\/p>\n<\/td>\n<\/tr>\n<tr align=\"left\">\n<td bgcolor=\"#bcbfba\">\n<p class=\"Texto_Justificado\">S\u00c3O MATEUS &#8211; 2\u00aa VARA CRIMINAL<\/p>\n<\/td>\n<td bgcolor=\"#bcbfba\">\n<p class=\"Texto_Justificado\">VIRTUAL<\/p>\n<\/td>\n<\/tr>\n<tr align=\"left\">\n<td bgcolor=\"#bcbfba\">\n<p class=\"Texto_Justificado\">VILA VELHA &#8211; 8\u00aa VARA CRIMINAL<\/p>\n<\/td>\n<td bgcolor=\"#bcbfba\">\n<p class=\"Texto_Justificado\">VIRTUAL<\/p>\n<\/td>\n<\/tr>\n<tr align=\"center\">\n<td align=\"justify\" bgcolor=\"#bcbfba\">\n<p class=\"Texto_Justificado\">VILA VELHA &#8211; VARA DE EXECU\u00c7\u00d5ES PENAIS<\/p>\n<\/td>\n<td bgcolor=\"#bcbfba\">\n<p class=\"Texto_Justificado\">VIRTUAL<\/p>\n<\/td>\n<\/tr>\n<tr align=\"center\">\n<td colspan=\"1\" rowspan=\"8\">\n<p class=\"Tabela_Texto_Centralizado\"><strong>Setembro<\/strong><\/p>\n<\/td>\n<td align=\"justify\">\n<p class=\"Texto_Justificado\">CACHOEIRO DE ITAPEMIRIM &#8211; VARA INF\u00c2NCIA E JUVENTUDE<\/p>\n<\/td>\n<td align=\"justify\">\n<p class=\"Texto_Justificado\">VIRTUAL<\/p>\n<\/td>\n<\/tr>\n<tr align=\"center\">\n<td align=\"justify\">\n<p class=\"Texto_Justificado\">SERRA &#8211; 6\u00aa VARA CRIMINAL<\/p>\n<\/td>\n<td align=\"justify\">\n<p class=\"Texto_Justificado\">VIRTUAL<\/p>\n<\/td>\n<\/tr>\n<tr align=\"center\">\n<td align=\"justify\">\n<p class=\"Texto_Justificado\">LINHARES &#8211; 1\u00aa VARA DA INF\u00c2NCIA E JUVENTUDE<\/p>\n<\/td>\n<td align=\"justify\">\n<p class=\"Texto_Justificado\">VIRTUAL<\/p>\n<\/td>\n<\/tr>\n<tr align=\"center\">\n<td align=\"justify\">\n<p class=\"Texto_Justificado\">GUARAPARI &#8211; 3\u00aa VARA CRIMINAL<\/p>\n<\/td>\n<td align=\"justify\">\n<p class=\"Texto_Justificado\">VIRTUAL<\/p>\n<\/td>\n<\/tr>\n<tr align=\"center\">\n<td align=\"justify\">\n<p class=\"Texto_Justificado\">MARATA\u00cdZES &#8211; JUIZADO ESPECIAL C\u00cdVEL, CRIMINAL E DA FAZENDA P\u00daBLICA<\/p>\n<\/td>\n<td align=\"justify\">\n<p class=\"Texto_Justificado\">VIRTUAL<\/p>\n<\/td>\n<\/tr>\n<tr align=\"center\">\n<td align=\"justify\">\n<p class=\"Texto_Justificado\">SERRA &#8211; VARA DE \u00d3RF\u00c3OS E SUCESS\u00d5ES<\/p>\n<\/td>\n<td align=\"justify\">\n<p class=\"Texto_Justificado\">VIRTUAL<\/p>\n<\/td>\n<\/tr>\n<tr align=\"center\">\n<td align=\"justify\">\n<p class=\"Texto_Justificado\">CACHOEIRO DE ITAPEMIRIM &#8211; 1\u00aa VARA C\u00cdVEL<\/p>\n<\/td>\n<td align=\"justify\">\n<p class=\"Texto_Justificado\">VIRTUAL<\/p>\n<\/td>\n<\/tr>\n<tr align=\"center\">\n<td align=\"justify\">\n<p class=\"Texto_Justificado\">CACHOEIRO DE ITAPEMIRIM &#8211; 1\u00aa VARA DA FAZENDA P\u00daBLICA ESTADUAL, MUNICIPAL, REGISTROS\u00a0P\u00daBLICOS, MEIO AMBIENTE E SA\u00daDE<\/p>\n<\/td>\n<td align=\"justify\">\n<p class=\"Texto_Justificado\">VIRTUAL<\/p>\n<\/td>\n<\/tr>\n<tr>\n<td colspan=\"1\" rowspan=\"8\" bgcolor=\"#bcbfba\">\n<p class=\"Tabela_Texto_Centralizado\"><strong>Outubro<\/strong><\/p>\n<\/td>\n<td bgcolor=\"#bcbfba\">\n<p class=\"Texto_Justificado\">CACHOEIRO DE ITAPEMIRIM &#8211; 2\u00aa VARA DE FAM\u00cdLIA E \u00d3RF\u00c3OS E SUCESS\u00d5ES<\/p>\n<\/td>\n<td bgcolor=\"#bcbfba\">\n<p class=\"Texto_Justificado\">VIRTUAL<\/p>\n<\/td>\n<\/tr>\n<tr>\n<td bgcolor=\"#bcbfba\">\n<p class=\"Texto_Justificado\">LINHARES &#8211; 2\u00aa VARA C\u00cdVEL E COMERCIAL<\/p>\n<\/td>\n<td bgcolor=\"#bcbfba\">\n<p class=\"Texto_Justificado\">VIRTUAL<\/p>\n<\/td>\n<\/tr>\n<tr>\n<td bgcolor=\"#bcbfba\">\n<p class=\"Texto_Justificado\">ITAPEMIRIM &#8211; VARA DE FAM\u00cdLIA, \u00d3RF\u00c3OS E SUCESS\u00d5ES<\/p>\n<\/td>\n<td bgcolor=\"#bcbfba\">\n<p class=\"Texto_Justificado\">VIRTUAL<\/p>\n<\/td>\n<\/tr>\n<tr>\n<td bgcolor=\"#bcbfba\">\n<p class=\"Texto_Justificado\">NOVA VEN\u00c9CIA &#8211; 2\u00aa VARA C\u00cdVEL<\/p>\n<\/td>\n<td bgcolor=\"#bcbfba\">\n<p class=\"Texto_Justificado\">VIRTUAL<\/p>\n<\/td>\n<\/tr>\n<tr>\n<td bgcolor=\"#bcbfba\">\n<p class=\"Texto_Justificado\">COLEGIADO RECURSAL &#8211; 5\u00aa TURMA RECURSAL<\/p>\n<\/td>\n<td bgcolor=\"#bcbfba\">\n<p class=\"Texto_Justificado\">VIRTUAL<\/p>\n<\/td>\n<\/tr>\n<tr>\n<td bgcolor=\"#bcbfba\">\n<p class=\"Texto_Justificado\">COLEGIADO RECURSAL &#8211; 4\u00aa TURMA RECURSAL<\/p>\n<\/td>\n<td bgcolor=\"#bcbfba\">\n<p class=\"Texto_Justificado\">VIRTUAL<\/p>\n<\/td>\n<\/tr>\n<tr>\n<td bgcolor=\"#bcbfba\">\n<p class=\"Texto_Justificado\">CARIACICA &#8211; 5\u00aa CRIMINAL (VIOL\u00caNCIA DOM\u00c9STICA)<\/p>\n<\/td>\n<td bgcolor=\"#bcbfba\">\n<p class=\"Texto_Justificado\">VIRTUAL<\/p>\n<\/td>\n<\/tr>\n<tr>\n<td bgcolor=\"#bcbfba\">\n<p class=\"Texto_Justificado\">SERRA &#8211; 5\u00aa VARA CRIMINAL<\/p>\n<\/td>\n<td bgcolor=\"#bcbfba\">\n<p class=\"Texto_Justificado\">VIRTUAL<\/p>\n<\/td>\n<\/tr>\n<\/tbody>\n<\/table>\n<p style=\"text-align: justify;\">\n<p class=\"Texto_Justificado\" style=\"text-align: justify;\"><strong>Par\u00e1grafo \u00fanico.<\/strong>\u00a0O cronograma descrito nesta Portaria poder\u00e1 sofrer altera\u00e7\u00f5es, a depender de fatores externos, n\u00e3o previstos quando de sua elabora\u00e7\u00e3o.<\/p>\n<p style=\"text-align: justify;\">\n<p class=\"Texto_Justificado\" style=\"text-align: justify;\"><strong>Art. 2\u00ba.\u00a0<\/strong>Determinar que, durante o per\u00edodo de correi\u00e7\u00e3o, n\u00e3o haver\u00e1 suspens\u00e3o de prazos, interrup\u00e7\u00e3o de distribui\u00e7\u00e3o, transfer\u00eancia das audi\u00eancias marcadas, procurando-se evitar, ao m\u00e1ximo, preju\u00edzo aos trabalhos normais da unidade correicionada.<\/p>\n<p style=\"text-align: justify;\">\n<p class=\"Texto_Justificado\" style=\"text-align: justify;\"><strong>Art. 3\u00ba.<\/strong>\u00a0Orientar aos<strong>\u00a0Magistrados respons\u00e1veis pelas Unidades Judici\u00e1rias acima indicadas a providenciarem o primeiro acesso ao sistema PJeCor\u00a0<\/strong>(manual\u00a0dispon\u00edvel\u00a0no\u00a0<em>site<\/em>\u00a0da Corregedoria Geral da Justi\u00e7a em &#8220;Publica\u00e7\u00f5es &#8211; Manuais e Cartilhas&#8221;), tendo vista que,\u00a0por determina\u00e7\u00e3o\u00a0do Colendo\u00a0Conselho Nacional de Justi\u00e7a, as Correi\u00e7\u00f5es Ordin\u00e1rias (presenciais e virtuais), autuadas a partir de 30 de abril de 2021,\u00a0passaram a tramitar no referido sistema.<\/p>\n<p style=\"text-align: justify;\">\n<p class=\"Texto_Justificado\" style=\"text-align: justify;\"><strong>Art. 4\u00ba.\u00a0<\/strong>Em conformidade com o artigo\u00a013, \u00a710\u00ba do C\u00f3digo de Normas &#8211; Foro Judicial &#8211; Tomo I, as unidades judici\u00e1rias mencionadas no artigo\u00a01\u00ba desta Portaria, ficam dispensadas da realiza\u00e7\u00e3o de inspe\u00e7\u00f5es judiciais no ano de 2021.<\/p>\n<p style=\"text-align: justify;\">\n<p class=\"Texto_Justificado\" style=\"text-align: justify;\"><strong>Art. 5\u00ba.<\/strong>\u00a0Esta Portaria entrar\u00e1 em vigor na data da sua publica\u00e7\u00e3o.<\/p>\n<p style=\"text-align: justify;\">\n<p class=\"Texto_Justificado\" style=\"text-align: justify;\">Publique-se. Registre-se. Cumpra-se.<\/p>\n<p style=\"text-align: justify;\">\n<p class=\"Texto_Justificado\" style=\"text-align: justify;\">Vit\u00f3ria\/ES, 17 de junho\u00a0de 2021.<\/p>\n<p>&nbsp;<\/p>\n<p class=\"Tabela_Texto_Centralizado\" style=\"text-align: center;\"><strong>Desembargador NEY BATISTA COUTINHO<\/strong><\/p>\n<p class=\"Tabela_Texto_Centralizado\" style=\"text-align: center;\"><strong>Corregedor Geral da Justi\u00e7a<\/strong><\/p>\n<p style=\"text-align: center;\"><strong>* REPUBLICADA POR CONTER ERRO NA NUMERA\u00c7\u00c3O<\/strong><\/p>\n","protected":false},"excerpt":{"rendered":"<p>PORTARIA N\u00ba 24\/2021* &nbsp; O Desembargador\u00a0NEY BATISTA COUTINHO, Corregedor-Geral da Justi\u00e7a do Estado do Esp\u00edrito Santo, no uso de suas atribui\u00e7\u00f5es legais, CONSIDERANDO\u00a0o que prescreve o artigo\u00a035, do C\u00f3digo de Organiza\u00e7\u00e3o Judici\u00e1ria do Estado do Esp\u00edrito Santo, no sentido de ser a Corregedoria Geral da Justi\u00e7a o \u00f3rg\u00e3o de fiscaliza\u00e7\u00e3o, que disciplina a orienta\u00e7\u00e3o administrativa [&hellip;]<\/p>\n","protected":false},"author":15,"featured_media":0,"comment_status":"closed","ping_status":"closed","sticky":false,"template":"","format":"standard","meta":{"footnotes":""},"categories":[14,6],"tags":[],"_links":{"self":[{"href":"https:\/\/www.tjes.jus.br\/corregedoria\/wp-json\/wp\/v2\/posts\/32128"}],"collection":[{"href":"https:\/\/www.tjes.jus.br\/corregedoria\/wp-json\/wp\/v2\/posts"}],"about":[{"href":"https:\/\/www.tjes.jus.br\/corregedoria\/wp-json\/wp\/v2\/types\/post"}],"author":[{"embeddable":true,"href":"https:\/\/www.tjes.jus.br\/corregedoria\/wp-json\/wp\/v2\/users\/15"}],"replies":[{"embeddable":true,"href":"https:\/\/www.tjes.jus.br\/corregedoria\/wp-json\/wp\/v2\/comments?post=32128"}],"version-history":[{"count":1,"href":"https:\/\/www.tjes.jus.br\/corregedoria\/wp-json\/wp\/v2\/posts\/32128\/revisions"}],"predecessor-version":[{"id":32129,"href":"https:\/\/www.tjes.jus.br\/corregedoria\/wp-json\/wp\/v2\/posts\/32128\/revisions\/32129"}],"wp:attachment":[{"href":"https:\/\/www.tjes.jus.br\/corregedoria\/wp-json\/wp\/v2\/media?parent=32128"}],"wp:term":[{"taxonomy":"category","embeddable":true,"href":"https:\/\/www.tjes.jus.br\/corregedoria\/wp-json\/wp\/v2\/categories?post=32128"},{"taxonomy":"post_tag","embeddable":true,"href":"https:\/\/www.tjes.jus.br\/corregedoria\/wp-json\/wp\/v2\/tags?post=32128"}],"curies":[{"name":"wp","href":"https:\/\/api.w.org\/{rel}","templated":true}]}}