{"id":32162,"date":"2021-07-05T13:26:24","date_gmt":"2021-07-05T16:26:24","guid":{"rendered":"https:\/\/www.tjes.jus.br\/corregedoria\/?p=32162"},"modified":"2021-07-05T13:26:24","modified_gmt":"2021-07-05T16:26:24","slug":"portaria-no-25-2021-disp-05-07-2021","status":"publish","type":"post","link":"https:\/\/www.tjes.jus.br\/corregedoria\/2021\/07\/05\/portaria-no-25-2021-disp-05-07-2021\/","title":{"rendered":"PORTARIA N\u00ba 25\/2021 &#8211; DISP. 05\/07\/2021"},"content":{"rendered":"<p class=\"Texto_Centralizado_Maiusculas\" style=\"text-align: center;\"><strong>PORTARIA N\u00ba 25\/2021<\/strong><\/p>\n<p>&nbsp;<\/p>\n<p>&nbsp;<\/p>\n<p class=\"Texto_Justificado\" style=\"text-align: justify;\">O Desembargador\u00a0<strong>NEY BATISTA COUTINHO<\/strong>, Corregedor-Geral da Justi\u00e7a do Estado do Esp\u00edrito Santo, no uso de suas atribui\u00e7\u00f5es legais,<\/p>\n<p style=\"text-align: justify;\">\n<p class=\"Texto_Justificado\" style=\"text-align: justify;\"><strong>CONSIDERANDO<\/strong>\u00a0o que prescreve o artigo\u00a035, do C\u00f3digo de Organiza\u00e7\u00e3o Judici\u00e1ria do Estado do Esp\u00edrito Santo, no sentido de ser a Corregedoria Geral da Justi\u00e7a o \u00f3rg\u00e3o de fiscaliza\u00e7\u00e3o, que disciplina a orienta\u00e7\u00e3o administrativa com circunscri\u00e7\u00e3o em todo o Estado;<\/p>\n<p style=\"text-align: justify;\">\n<p class=\"Texto_Justificado\" style=\"text-align: justify;\"><strong>CONSIDERANDO<\/strong>\u00a0a import\u00e2ncia da realiza\u00e7\u00e3o de Correi\u00e7\u00f5es, na conformidade das modalidades previstas no artigo\u00a013, do C\u00f3digo de Normas &#8211; Foro Judicial &#8211; Tomo I;<\/p>\n<p style=\"text-align: justify;\">\n<p class=\"Texto_Justificado\" style=\"text-align: justify;\"><strong>CONSIDERANDO<\/strong>\u00a0o cronograma de Correi\u00e7\u00f5es Virtuais, disponibilizado por meio da Portaria n\u00ba\u00a024\/2021, de 17\/06\/2021, referente ao 2\u00ba semestre do ano de 2021;<\/p>\n<p style=\"text-align: justify;\">\n<p class=\"Texto_Justificado\" style=\"text-align: justify;\"><strong>CONSIDERANDO<\/strong>, ainda, a necessidade de atender aos crit\u00e9rios objetivos estabelecidos no \u00a72\u00ba, do art. 14,\u00a0do C\u00f3digo de Normas &#8211; Foro Judicial &#8211; Tomo I, em especial, o tempo de realiza\u00e7\u00e3o da \u00faltima correi\u00e7\u00e3o;<\/p>\n<p style=\"text-align: justify;\">\n<p class=\"Texto_Justificado\" style=\"text-align: justify;\"><strong>CONSIDERANDO<\/strong>, por fim,\u00a0que\u00a03\u00aa Vara Criminal do Ju\u00edzo de Guarapari\u00a0foi submetida \u00e0 Correi\u00e7\u00e3o Virtual\u00a0no ano de 2020, conforme se extrai da Portaria n\u00ba\u00a0002\/2020, desta Corregedoria Geral da Justi\u00e7a<\/p>\n<p style=\"text-align: justify;\">\n<p style=\"text-align: justify;\">\n<p class=\"Texto_Justificado\" style=\"text-align: justify;\"><strong>RESOLVE:<\/strong><\/p>\n<p style=\"text-align: justify;\">\n<p style=\"text-align: justify;\">\n<p class=\"Texto_Justificado\" style=\"text-align: justify;\"><strong>Art.\u00a01\u00ba.<\/strong>\u00a0Alterar o cronograma de Correi\u00e7\u00e3o Virtual do 2\u00ba semestre do ano de 2021, nos seguintes termos:<\/p>\n<p style=\"text-align: justify;\">\n<p class=\"Texto_Justificado\" style=\"text-align: justify;\"><strong>EXCLUIR:<\/strong><\/p>\n<table border=\"1\" cellspacing=\"1\" cellpadding=\"0\" align=\"center\">\n<tbody>\n<tr>\n<td>\n<p class=\"Tabela_Texto_Centralizado\"><strong>M\u00caS<\/strong><\/p>\n<\/td>\n<td>\n<p class=\"Tabela_Texto_Centralizado\"><strong>UNIDADE\u00a0JUDICI\u00c1RIA<\/strong><\/p>\n<\/td>\n<td>\n<p class=\"Tabela_Texto_Centralizado\"><strong>MODALIDADE<\/strong><\/p>\n<\/td>\n<\/tr>\n<tr>\n<td colspan=\"1\" rowspan=\"1\">\n<p class=\"Tabela_Texto_Centralizado\"><strong>Setembro<\/strong><\/p>\n<\/td>\n<td>\n<p class=\"Tabela_Texto_Centralizado\">GUARAPARI &#8211; 3\u00aa VARA CRIMINAL<\/p>\n<\/td>\n<td>\n<p class=\"Tabela_Texto_Centralizado\">VIRTUAL<\/p>\n<\/td>\n<\/tr>\n<\/tbody>\n<\/table>\n<p style=\"text-align: justify;\">\n<p class=\"Texto_Justificado\" style=\"text-align: justify;\"><strong>INCLUIR:<\/strong><\/p>\n<table border=\"1\" cellspacing=\"1\" cellpadding=\"0\" align=\"center\">\n<tbody>\n<tr>\n<td>\n<p class=\"Tabela_Texto_Centralizado\"><strong>M\u00caS<\/strong><\/p>\n<\/td>\n<td align=\"center\">\n<p class=\"Tabela_Texto_Centralizado\"><strong>UNIDADE\u00a0JUDICI\u00c1RIA<\/strong><\/p>\n<\/td>\n<td align=\"center\">\n<p class=\"Tabela_Texto_Centralizado\"><strong>MODALIDADE<\/strong><\/p>\n<\/td>\n<\/tr>\n<tr align=\"center\">\n<td colspan=\"1\" rowspan=\"1\" align=\"center\">\n<p class=\"Tabela_Texto_Centralizado\"><strong>Setembro<\/strong><\/p>\n<\/td>\n<td align=\"center\">\n<p class=\"Tabela_Texto_Centralizado\">VILA VELHA &#8211; 4\u00aa VARA C\u00cdVEL<\/p>\n<\/td>\n<td>\n<p class=\"Tabela_Texto_Centralizado\">VIRTUAL<\/p>\n<\/td>\n<\/tr>\n<\/tbody>\n<\/table>\n<p style=\"text-align: justify;\">\n<p class=\"Texto_Justificado\" style=\"text-align: justify;\"><strong>Art. 2\u00ba.\u00a0<\/strong>Esta Portaria entrar\u00e1 em vigor na data da sua publica\u00e7\u00e3o.<\/p>\n<p style=\"text-align: justify;\">\n<p style=\"text-align: justify;\">\n<p class=\"Texto_Justificado\" style=\"text-align: justify;\">Publique-se. Registre-se. Cumpra-se.<\/p>\n<p style=\"text-align: justify;\">\n<p class=\"Texto_Justificado\" style=\"text-align: justify;\">Vit\u00f3ria\/ES, 28\u00a0de junho\u00a0de 2021.<\/p>\n<p>&nbsp;<\/p>\n<p>&nbsp;<\/p>\n<p class=\"Texto_Centralizado\" style=\"text-align: center;\"><strong>Desembargador NEY BATISTA COUTINHO<\/strong><\/p>\n<p class=\"Texto_Centralizado\" style=\"text-align: center;\"><strong>Corregedor Geral da Justi\u00e7a<\/strong><\/p>\n","protected":false},"excerpt":{"rendered":"<p>PORTARIA N\u00ba 25\/2021 &nbsp; &nbsp; O Desembargador\u00a0NEY BATISTA COUTINHO, Corregedor-Geral da Justi\u00e7a do Estado do Esp\u00edrito Santo, no uso de suas atribui\u00e7\u00f5es legais, CONSIDERANDO\u00a0o que prescreve o artigo\u00a035, do C\u00f3digo de Organiza\u00e7\u00e3o Judici\u00e1ria do Estado do Esp\u00edrito Santo, no sentido de ser a Corregedoria Geral da Justi\u00e7a o \u00f3rg\u00e3o de fiscaliza\u00e7\u00e3o, que disciplina a orienta\u00e7\u00e3o [&hellip;]<\/p>\n","protected":false},"author":15,"featured_media":0,"comment_status":"closed","ping_status":"closed","sticky":false,"template":"","format":"standard","meta":{"footnotes":""},"categories":[14,6],"tags":[],"_links":{"self":[{"href":"https:\/\/www.tjes.jus.br\/corregedoria\/wp-json\/wp\/v2\/posts\/32162"}],"collection":[{"href":"https:\/\/www.tjes.jus.br\/corregedoria\/wp-json\/wp\/v2\/posts"}],"about":[{"href":"https:\/\/www.tjes.jus.br\/corregedoria\/wp-json\/wp\/v2\/types\/post"}],"author":[{"embeddable":true,"href":"https:\/\/www.tjes.jus.br\/corregedoria\/wp-json\/wp\/v2\/users\/15"}],"replies":[{"embeddable":true,"href":"https:\/\/www.tjes.jus.br\/corregedoria\/wp-json\/wp\/v2\/comments?post=32162"}],"version-history":[{"count":1,"href":"https:\/\/www.tjes.jus.br\/corregedoria\/wp-json\/wp\/v2\/posts\/32162\/revisions"}],"predecessor-version":[{"id":32163,"href":"https:\/\/www.tjes.jus.br\/corregedoria\/wp-json\/wp\/v2\/posts\/32162\/revisions\/32163"}],"wp:attachment":[{"href":"https:\/\/www.tjes.jus.br\/corregedoria\/wp-json\/wp\/v2\/media?parent=32162"}],"wp:term":[{"taxonomy":"category","embeddable":true,"href":"https:\/\/www.tjes.jus.br\/corregedoria\/wp-json\/wp\/v2\/categories?post=32162"},{"taxonomy":"post_tag","embeddable":true,"href":"https:\/\/www.tjes.jus.br\/corregedoria\/wp-json\/wp\/v2\/tags?post=32162"}],"curies":[{"name":"wp","href":"https:\/\/api.w.org\/{rel}","templated":true}]}}