{"id":32192,"date":"2021-07-09T13:09:23","date_gmt":"2021-07-09T16:09:23","guid":{"rendered":"https:\/\/www.tjes.jus.br\/corregedoria\/?p=32192"},"modified":"2021-07-09T13:29:20","modified_gmt":"2021-07-09T16:29:20","slug":"oficio-circular-no-73-2021-disp-09-07-2021","status":"publish","type":"post","link":"https:\/\/www.tjes.jus.br\/corregedoria\/2021\/07\/09\/oficio-circular-no-73-2021-disp-09-07-2021\/","title":{"rendered":"OF\u00cdCIO CIRCULAR N\u00ba 73\/2021 &#8211; DISP. 09\/07\/2021"},"content":{"rendered":"<div class=\"override-text\">\n<p class=\"Tabela_Texto_Centralizado\" style=\"text-align: center;\"><strong>PODER JUDICI\u00c1RIO DO ESTADO DO ESP\u00cdRITO SANTO &#8211; PJES<\/strong><\/p>\n<p class=\"Tabela_Texto_Centralizado\" style=\"text-align: center;\"><strong>RUA DESEMBARGADOR HOMERO MAFRA,60 &#8211; Bairro ENSEADA DO SU\u00c1 &#8211; CEP 29050906 &#8211; Vit\u00f3ria &#8211; ES &#8211;\u00a0<a href=\"https:\/\/www.tjes.jus.br\/\">www.tjes.jus.br<\/a><br \/>\n<\/strong><\/p>\n<p style=\"text-align: center;\">\n<\/div>\n<p class=\"Texto_Centralizado_Maiusculas\" style=\"text-align: center;\">OF\u00cdCIO-CIRCULAR N\u00ba 73\/2021 &#8211; SECAO DE MONITORAMENTO DE FORO EXTRAJUDICIAL<\/p>\n<p class=\"Texto_Alinhado_Direita\" style=\"text-align: justify;\">Vit\u00f3ria, 05 de julho de 2021.<\/p>\n<p class=\"Texto_Justificado\" style=\"text-align: justify;\">De ordem do\u00a0Exmo. Sr. Desembargador Corregedor-Geral da Justi\u00e7a do Estado do Esp\u00edrito Santo, no uso de suas atribui\u00e7\u00f5es legais e,<\/p>\n<p class=\"Texto_Justificado\" style=\"text-align: justify;\"><strong>CONSIDERANDO<\/strong>\u00a0que a Corregedoria Geral da Justi\u00e7a \u00e9 \u00f3rg\u00e3o de fiscaliza\u00e7\u00e3o, disciplina e orienta\u00e7\u00e3o administrativa, com circunscri\u00e7\u00e3o em todo o Estado, conforme art. 35 da Lei Complementar Estadual n\u00ba 234\/2002 (COJES);<\/p>\n<p class=\"Texto_Justificado\" style=\"text-align: justify;\"><strong>CONSIDERANDO<\/strong>\u00a0o previsto no Art. 1\u00ba do Provimento n\u00ba 052\/2021, disponibilizado no Di\u00e1rio Eletr\u00f4nico da Justi\u00e7a do dia 07 de maio de 2021;<\/p>\n<p class=\"Texto_Justificado\" style=\"text-align: justify;\"><strong>CONSIDERANDO<\/strong>\u00a0o recebimento do malote digital n\u00ba 80920216573727, referente ao Of\u00edcio n\u00ba 233\/2021\u00a0enviado pela Corregedoria-Geral da Justi\u00e7a do Estado de Goi\u00e1s;<\/p>\n<p class=\"Texto_Justificado\" style=\"text-align: justify;\"><strong>CONSIDERANDO<\/strong>\u00a0que a referida comunica\u00e7\u00e3o trata-se de expediente do Juiz Diretor do Foro da Comarca de Jaragu\u00e1\/GO, Dr. D\u00eanis Lima Bonfim, por meio do qual comunica a tentativa de falsifica\u00e7\u00e3o na lavratura de escritura de estrema\u00e7\u00e3o\/gleba legal, ocorrida no Cart\u00f3rio de Registro de Pessoas Jur\u00eddicas e Tabelionato 2\u00ba de Notas da referida Comarca, conforme documentos anexados.<\/p>\n<p class=\"Texto_Justificado\" style=\"text-align: justify;\"><strong>CONSIDERANDO<\/strong>\u00a0que a referida Serventia j\u00e1 procedeu o registro da ocorr\u00eancia junto a Policia Civil do Estado do Goi\u00e1s, conforme Boletim de Ocorr\u00eancia em anexo.<\/p>\n<p class=\"Texto_Justificado\" style=\"text-align: justify;\"><strong>RECOMENDO<\/strong>\u00a0aos Ju\u00edzes de Direito Diretores dos F\u00f3runs, Membros do Minist\u00e9rio P\u00fablico, Advogados, Not\u00e1rios e Registradores, Serventu\u00e1rios e a quem mais possa\u00a0interessar, que observem o comunicado em anexo, e adotem as provid\u00eancias que entenderem pertinentes.<\/p>\n<p class=\"Texto_Justificado\" style=\"text-align: justify;\"><strong>Publique-se. Cumpra-se.<\/strong><\/p>\n<p class=\"Tabela_Texto_Centralizado\" style=\"text-align: center;\"><strong>MAGALI BARBOSA DE OLIVEIRA<\/strong><\/p>\n<p class=\"Tabela_Texto_Centralizado\" style=\"text-align: center;\"><strong>Coordenadora\u00a0de Monitoramento do Foro Judicial e Extrajudicial<\/strong><\/p>\n<p style=\"text-align: center;\"><a href=\"https:\/\/sistemas.tjes.jus.br\/ediario\/images\/Despacho_-_oficio_circula.pdf\">ANEXO I &#8211; CLIQUE AQUI<\/a><\/p>\n<p style=\"text-align: center;\"><a href=\"https:\/\/sistemas.tjes.jus.br\/ediario\/images\/AREA_DE_TRABALHO\/Oficio_CGJ.pdf\">ANEXO II &#8211; CLIQUE AQUI<\/a><\/p>\n","protected":false},"excerpt":{"rendered":"<p>PODER JUDICI\u00c1RIO DO ESTADO DO ESP\u00cdRITO SANTO &#8211; PJES RUA DESEMBARGADOR HOMERO MAFRA,60 &#8211; Bairro ENSEADA DO SU\u00c1 &#8211; CEP 29050906 &#8211; Vit\u00f3ria &#8211; ES &#8211;\u00a0www.tjes.jus.br OF\u00cdCIO-CIRCULAR N\u00ba 73\/2021 &#8211; SECAO DE MONITORAMENTO DE FORO EXTRAJUDICIAL Vit\u00f3ria, 05 de julho de 2021. De ordem do\u00a0Exmo. Sr. Desembargador Corregedor-Geral da Justi\u00e7a do Estado do Esp\u00edrito Santo, [&hellip;]<\/p>\n","protected":false},"author":15,"featured_media":0,"comment_status":"closed","ping_status":"closed","sticky":false,"template":"","format":"standard","meta":{"footnotes":""},"categories":[14,5],"tags":[],"_links":{"self":[{"href":"https:\/\/www.tjes.jus.br\/corregedoria\/wp-json\/wp\/v2\/posts\/32192"}],"collection":[{"href":"https:\/\/www.tjes.jus.br\/corregedoria\/wp-json\/wp\/v2\/posts"}],"about":[{"href":"https:\/\/www.tjes.jus.br\/corregedoria\/wp-json\/wp\/v2\/types\/post"}],"author":[{"embeddable":true,"href":"https:\/\/www.tjes.jus.br\/corregedoria\/wp-json\/wp\/v2\/users\/15"}],"replies":[{"embeddable":true,"href":"https:\/\/www.tjes.jus.br\/corregedoria\/wp-json\/wp\/v2\/comments?post=32192"}],"version-history":[{"count":2,"href":"https:\/\/www.tjes.jus.br\/corregedoria\/wp-json\/wp\/v2\/posts\/32192\/revisions"}],"predecessor-version":[{"id":32196,"href":"https:\/\/www.tjes.jus.br\/corregedoria\/wp-json\/wp\/v2\/posts\/32192\/revisions\/32196"}],"wp:attachment":[{"href":"https:\/\/www.tjes.jus.br\/corregedoria\/wp-json\/wp\/v2\/media?parent=32192"}],"wp:term":[{"taxonomy":"category","embeddable":true,"href":"https:\/\/www.tjes.jus.br\/corregedoria\/wp-json\/wp\/v2\/categories?post=32192"},{"taxonomy":"post_tag","embeddable":true,"href":"https:\/\/www.tjes.jus.br\/corregedoria\/wp-json\/wp\/v2\/tags?post=32192"}],"curies":[{"name":"wp","href":"https:\/\/api.w.org\/{rel}","templated":true}]}}