{"id":32218,"date":"2021-07-12T15:05:08","date_gmt":"2021-07-12T18:05:08","guid":{"rendered":"https:\/\/www.tjes.jus.br\/corregedoria\/?p=32218"},"modified":"2021-11-03T14:06:05","modified_gmt":"2021-11-03T17:06:05","slug":"ato-normativo-no-057-2021-disp-12-07-2021","status":"publish","type":"post","link":"https:\/\/www.tjes.jus.br\/corregedoria\/2021\/07\/12\/ato-normativo-no-057-2021-disp-12-07-2021\/","title":{"rendered":"ATO NORMATIVO N\u00ba 057\/2021 &#8211; DISP. 12\/07\/2021 &#8211; REPUBLICADO"},"content":{"rendered":"<h2 style=\"text-align: center;\"><strong><span style=\"color: #ff0000;\">REPUBLICADO EM 23\/07\/2021 <a href=\"https:\/\/www.tjes.jus.br\/corregedoria\/2021\/06\/22\/ato-normativo-no-051-2021-disp-22-06-2021\/\">(<\/a><a href=\"https:\/\/www.tjes.jus.br\/corregedoria\/2021\/07\/23\/ato-normativo-no-057-2021-disp-23-07-2021-republicacao\/\">CLIQUE AQUI<\/a><a href=\"https:\/\/www.tjes.jus.br\/corregedoria\/2021\/06\/22\/ato-normativo-no-051-2021-disp-22-06-2021\/\">)<\/a><\/span><\/strong><\/h2>\n<p style=\"text-align: center;\" align=\"center\"><del>PODER JUDICI\u00c1RIO DO ESTADO DO ESP\u00cdRITO SANTO &#8211; PJES<\/del><\/p>\n<p style=\"text-align: center;\" align=\"center\"><del>RUA DESEMBARGADOR HOMERO MAFRA,60 &#8211; Bairro ENSEADA DO SU\u00c1 &#8211; CEP 29050906 &#8211; Vit\u00f3ria &#8211; ES &#8211;\u00a0<a href=\"https:\/\/www.tjes.jus.br\/\">www.tjes.jus.br<\/a><\/del><\/p>\n<p style=\"text-align: center;\"><del><strong>ATO NORMATIVO N\u00ba 057\/2021<\/strong><\/del><\/p>\n<p style=\"text-align: justify;\"><del>O Excelent\u00edssimo Senhor Desembargador Ronaldo Gon\u00e7alves de Sousa, Presidente do Egr\u00e9gio Tribunal de Justi\u00e7a do Estado do Esp\u00edrito Santo, no uso de suas atribui\u00e7\u00f5es legais,<\/del><\/p>\n<p style=\"text-align: justify;\"><del>CONSIDERANDO o teor do Processo SEI inciado por of\u00edcio\u00a0encaminhado pelo. Exmo. Sr. Dr.\u00a0FELIPE LEIT\u00c3O GOMES, Juiz de Direito Diretor do Foro da Comarca de Ibira\u00e7u\/ES, atrav\u00e9s do qual\u00a0solicita a suspens\u00e3o dos prazos processuais e do expediente forense no dia 07 de julho\u00a0de 2021, tendo em vista a interrup\u00e7\u00e3o do servi\u00e7o de internet naquela localidade;<\/del><\/p>\n<p style=\"text-align: justify;\"><del>RESOLVE:<\/del><\/p>\n<p style=\"text-align: justify;\"><del><strong>SUSPENDER<\/strong>\u00a0os prazos processuais bem como do expediente presencial na Comarca de Anchieta e Iconha\u00a0no dia\u00a0<strong>07 de julho de 2021.<\/strong><\/del><\/p>\n<p style=\"text-align: justify;\"><del>Publique-se.<\/del><\/p>\n<p style=\"text-align: justify;\"><del>Vit\u00f3ria\/ES, 07 de julho de 2021.<\/del><\/p>\n<p align=\"center\">Desembargador RONALDO GON\u00c7ALVES DE SOUSA<\/p>\n<p align=\"center\">Presidente do TJES<\/p>\n","protected":false},"excerpt":{"rendered":"<p>REPUBLICADO EM 23\/07\/2021 (CLIQUE AQUI) PODER JUDICI\u00c1RIO DO ESTADO DO ESP\u00cdRITO SANTO &#8211; PJES RUA DESEMBARGADOR HOMERO MAFRA,60 &#8211; Bairro ENSEADA DO SU\u00c1 &#8211; CEP 29050906 &#8211; Vit\u00f3ria &#8211; ES &#8211;\u00a0www.tjes.jus.br ATO NORMATIVO N\u00ba 057\/2021 O Excelent\u00edssimo Senhor Desembargador Ronaldo Gon\u00e7alves de Sousa, Presidente do Egr\u00e9gio Tribunal de Justi\u00e7a do Estado do Esp\u00edrito Santo, no [&hellip;]<\/p>\n","protected":false},"author":15,"featured_media":0,"comment_status":"closed","ping_status":"closed","sticky":false,"template":"","format":"standard","meta":{"footnotes":""},"categories":[4,14],"tags":[],"_links":{"self":[{"href":"https:\/\/www.tjes.jus.br\/corregedoria\/wp-json\/wp\/v2\/posts\/32218"}],"collection":[{"href":"https:\/\/www.tjes.jus.br\/corregedoria\/wp-json\/wp\/v2\/posts"}],"about":[{"href":"https:\/\/www.tjes.jus.br\/corregedoria\/wp-json\/wp\/v2\/types\/post"}],"author":[{"embeddable":true,"href":"https:\/\/www.tjes.jus.br\/corregedoria\/wp-json\/wp\/v2\/users\/15"}],"replies":[{"embeddable":true,"href":"https:\/\/www.tjes.jus.br\/corregedoria\/wp-json\/wp\/v2\/comments?post=32218"}],"version-history":[{"count":4,"href":"https:\/\/www.tjes.jus.br\/corregedoria\/wp-json\/wp\/v2\/posts\/32218\/revisions"}],"predecessor-version":[{"id":32940,"href":"https:\/\/www.tjes.jus.br\/corregedoria\/wp-json\/wp\/v2\/posts\/32218\/revisions\/32940"}],"wp:attachment":[{"href":"https:\/\/www.tjes.jus.br\/corregedoria\/wp-json\/wp\/v2\/media?parent=32218"}],"wp:term":[{"taxonomy":"category","embeddable":true,"href":"https:\/\/www.tjes.jus.br\/corregedoria\/wp-json\/wp\/v2\/categories?post=32218"},{"taxonomy":"post_tag","embeddable":true,"href":"https:\/\/www.tjes.jus.br\/corregedoria\/wp-json\/wp\/v2\/tags?post=32218"}],"curies":[{"name":"wp","href":"https:\/\/api.w.org\/{rel}","templated":true}]}}