{"id":32232,"date":"2021-07-13T16:25:07","date_gmt":"2021-07-13T19:25:07","guid":{"rendered":"https:\/\/www.tjes.jus.br\/corregedoria\/?p=32232"},"modified":"2021-07-29T14:27:05","modified_gmt":"2021-07-29T17:27:05","slug":"ato-normativo-no-060-2021-disp-13-07-2021","status":"publish","type":"post","link":"https:\/\/www.tjes.jus.br\/corregedoria\/2021\/07\/13\/ato-normativo-no-060-2021-disp-13-07-2021\/","title":{"rendered":"ATO NORMATIVO N\u00ba 060\/2021 &#8211; DISP. 13\/07\/2021"},"content":{"rendered":"<h2 align=\"center\"><span style=\"color: #ff0000;\">Alterado pelo<\/span>\u00a0<a href=\"https:\/\/www.tjes.jus.br\/corregedoria\/2021\/07\/29\/ato-normativo-no-065-2021-disp-29-07-2021\/\">ATO NORMATIVO N\u00ba 065\/2021 <\/a><span style=\"color: #ff0000;\">disp. em 29\/07\/2021<\/span><\/h2>\n<p style=\"text-align: center;\" align=\"center\">ESTADO DO ESP\u00cdRITO SANTO<\/p>\n<p style=\"text-align: center;\" align=\"center\">PODER JUDICI\u00c1RIO<\/p>\n<p style=\"text-align: center;\" align=\"center\">TRIBUNAL DE JUSTI\u00c7A<\/p>\n<p style=\"text-align: center;\" align=\"center\">ATO NORMATIVO\u00a0 N\u00ba 060\u00a0 \/2021<\/p>\n<p>&nbsp;<\/p>\n<p style=\"text-align: justify;\" align=\"justify\">Institui e convoca Equipe de Trabalho para atuar na Pauta Concentrada de Media\u00e7\u00e3o e Concilia\u00e7\u00e3o\u00a0na Comarca de Alfredo Chaves, no per\u00edodo de 26\/07\/2021\u00a0a 30\/07\/2021.<\/p>\n<p style=\"text-align: justify;\" align=\"justify\">O Excelent\u00edssimo Senhor Desembargador RONALDO GON\u00c7ALVES DE SOUSA,Presidente do Egr\u00e9gio Tribunal de Justi\u00e7a do Estado do Esp\u00edrito Santo, no uso de suas atribui\u00e7\u00f5es legais e,<\/p>\n<p style=\"text-align: justify;\" align=\"justify\"><strong>CONSIDERANDO<\/strong>\u00a0o disposto no art. 58, da Resolu\u00e7\u00e3o n\u00ba 15\/95 (Regimento Interno do Tribunal de Justi\u00e7a do Estado do Esp\u00edrito Santo), que atribui ao Presidente compet\u00eancia geral para exercer a superintend\u00eancia de todo servi\u00e7o judici\u00e1rio, na qualidade de Chefe do Poder Judici\u00e1rio Estadual;<\/p>\n<p style=\"text-align: justify;\" align=\"justify\"><strong>CONSIDERANDO\u00a0<\/strong>a vig\u00eancia do C\u00f3digo de Processo Civil (Lei 13.105\/2015), bem como da Lei de Media\u00e7\u00e3o (Lei 13.140\/2015),\u00a0da Resolu\u00e7\u00e3o 125\/2010, do Conselho Nacional de Justi\u00e7a \u2013 CNJ e a Resolu\u00e7\u00e3o TJES n. 01\/2021;<\/p>\n<p style=\"text-align: justify;\" align=\"justify\"><strong>CONSIDERANDO<\/strong>\u00a0a necessidade de coordenar, conduzir e auxiliar a realiza\u00e7\u00e3o das sess\u00f5es de media\u00e7\u00e3o e concilia\u00e7\u00e3o judicial.<\/p>\n<p style=\"text-align: justify;\" align=\"justify\">RESOLVE:<\/p>\n<p style=\"text-align: justify;\" align=\"justify\">Art. 1\u00ba \u2013 Designar o Excelent\u00edssimo Dr. Arion Merg\u00e1r, Juiz de Direito Diretor do Foro, para a pr\u00e1tica dos atos judiciais e administrativos necess\u00e1rios ao suporte e \u00e0 supervis\u00e3o da Pauta Concentrada de media\u00e7\u00e3o e concilia\u00e7\u00e3o dos processos em tr\u00e2mite na Comarca de Alfredo Chaves.<\/p>\n<p style=\"text-align: justify;\" align=\"justify\">Art. 2\u00ba \u2013 Instituir e convocar a Equipe de Trabalho para atuar na Pauta Concentrada que ser\u00e1 realizada na Comarca de Alfredo Chaves, no per\u00edodo de 26\/07\/2021\u00a0a 30\/07\/2021, no hor\u00e1rio das 8h \u00e0s 18h30min, conforme segue:<\/p>\n<table cellspacing=\"0\" cellpadding=\"2\">\n<colgroup>\n<col width=\"286\" \/>\n<col width=\"71\" \/><\/colgroup>\n<tbody>\n<tr>\n<td>\n<p align=\"justify\">IZABELLA DALLA SILY CASAGRANDE<\/p>\n<\/td>\n<td>\n<p align=\"center\">206881-77<\/p>\n<\/td>\n<\/tr>\n<tr>\n<td>\n<p align=\"justify\">ADRIANA PAIVA KLAWA CAU<\/p>\n<\/td>\n<td>\n<p align=\"center\">210155-53<\/p>\n<\/td>\n<\/tr>\n<tr>\n<td>\n<p align=\"justify\">ALEXANDRE IGNES TRIST\u00c3O<\/p>\n<\/td>\n<td>\n<p align=\"center\">205530-84<\/p>\n<\/td>\n<\/tr>\n<tr>\n<td>\n<p align=\"justify\">CYNTHIA DE SOUZA APOLIN\u00c1RIO<\/p>\n<\/td>\n<td>\n<p align=\"center\">208965-27<\/p>\n<\/td>\n<\/tr>\n<tr>\n<td>\n<p align=\"justify\">D\u00c9BORA CRISTINA CRUZ CHAVES ROSA<\/p>\n<\/td>\n<td>\n<p align=\"center\">210607-20<\/p>\n<\/td>\n<\/tr>\n<tr>\n<td>\n<p align=\"justify\">JOS\u00c9 CARLOS COSTA<\/p>\n<\/td>\n<td>\n<p align=\"center\">205536-07<\/p>\n<\/td>\n<\/tr>\n<tr>\n<td>\n<p align=\"justify\">LUCIANA DA LUZ FERNANDES<\/p>\n<\/td>\n<td>\n<p align=\"center\">208896-55<\/p>\n<\/td>\n<\/tr>\n<tr>\n<td>\n<p align=\"justify\">MARCIA CRISTINA DE GODOYS MONTEIRO<\/p>\n<\/td>\n<td>\n<p align=\"center\">206768-61<\/p>\n<\/td>\n<\/tr>\n<tr>\n<td>\n<p align=\"justify\">PATR\u00cdCIA NUNES MARTINS<\/p>\n<\/td>\n<td>\n<p align=\"center\">205338-86<\/p>\n<\/td>\n<\/tr>\n<tr>\n<td>\n<p align=\"justify\">WEBER ANDRADE DE OLIVEIRA<\/p>\n<\/td>\n<td>\n<p align=\"center\">209890-79<\/p>\n<\/td>\n<\/tr>\n<tr>\n<td>ROS\u00c2NGELA DE MARIA ALVES PARA\u00cdSO <span style=\"color: #ff0000;\"><strong><span style=\"color: #000000;\">(<\/span>Inclu\u00edda pelo\u00a0<a href=\"https:\/\/www.tjes.jus.br\/corregedoria\/2021\/07\/29\/ato-normativo-no-065-2021-disp-29-07-2021\/\">ATO NORMATIVO N\u00ba 065\/2021<\/a>\u00a0disp. em 29\/07\/2021<span style=\"color: #000000;\">)<\/span><\/strong><\/span><\/td>\n<td>\n<p align=\"center\">&#8211;<\/p>\n<\/td>\n<\/tr>\n<\/tbody>\n<\/table>\n<p style=\"text-align: justify;\" align=\"justify\">Art. 3\u00ba &#8211; A Equipe de Trabalho contar\u00e1 com a valiosa atua\u00e7\u00e3o do\u00a0Juiz\u00a0Aposentado, Dr. Jos\u00e9 Machado de Souza,\u00a0trabalhando como volunt\u00e1rio.<\/p>\n<p style=\"text-align: justify;\" align=\"justify\">Art. 4\u00ba &#8211;\u00a0\u00a0A Equipe de Trabalho promover\u00e1 os atos executivos necess\u00e1rios \u00e0 realiza\u00e7\u00e3o das sess\u00f5es de media\u00e7\u00e3o e concilia\u00e7\u00e3o, devendo cumprir o C\u00f3digo de \u00c9tica dos Mediadores Judiciais, estabelecido pela Resolu\u00e7\u00e3o 125\/10, do Conselho Nacional de Justi\u00e7a, ficando respons\u00e1veis pela coordena\u00e7\u00e3o e\/ou condu\u00e7\u00e3o das media\u00e7\u00f5es e concilia\u00e7\u00f5es realizadas.<\/p>\n<p style=\"text-align: justify;\" align=\"justify\">Art. 5\u00ba \u2013 O NUPEMEC encaminhar\u00e1 \u00e0 Secretaria de Gest\u00e3o de Pessoas do Egr\u00e9gio Tribunal de Justi\u00e7a, no prazo de 10(dez) dias \u00fateis ap\u00f3s o encerramento do evento, informa\u00e7\u00e3o acerca das horas trabalhadas pelos servidores para anota\u00e7\u00e3o em ficha funcional.<\/p>\n<p style=\"text-align: justify;\" align=\"justify\">Art. 6\u00ba \u2013 As horas extraordin\u00e1rias realizadas pelos integrantes da equipe ser\u00e3o computadas exclusivamente para fins de compensa\u00e7\u00e3o.<\/p>\n<p style=\"text-align: justify;\" align=\"justify\">\u00a7 1\u00ba \u2013 As horas extraordin\u00e1rias ser\u00e3o devidamente anotadas em ficha funcional, para gozo oportuno, mediante autoriza\u00e7\u00e3o da chefia imediata e sem preju\u00edzo do servi\u00e7o.<\/p>\n<p style=\"text-align: justify;\" align=\"justify\">Art. 7\u00ba \u2013 Os servidores efetivos est\u00e1veis que atuar\u00e3o no mutir\u00e3o ter\u00e3o reconhecida, para fins de promo\u00e7\u00e3o na carreira, a pontua\u00e7\u00e3o equivalente \u00e0 participa\u00e7\u00e3o em Equipe Especial de Trabalho, conforme disposto no Ato n\u00ba 2.773\/2012.<\/p>\n<p style=\"text-align: justify;\" align=\"justify\">Art. 8\u00ba \u2013 Este Ato Normativo entra em vigor na data de sua publica\u00e7\u00e3o.<\/p>\n<p style=\"text-align: justify;\" align=\"justify\">Publique-se.<\/p>\n<p>&nbsp;<\/p>\n<p align=\"center\">Vit\u00f3ria, 06 de Julho\u00a0de 2021.<\/p>\n<p>&nbsp;<\/p>\n<p align=\"center\">Desembargador\u00a0RONALDO GON\u00c7ALVES DE SOUSA<\/p>\n<p align=\"center\">PRESIDENTE<\/p>\n","protected":false},"excerpt":{"rendered":"<p>Alterado pelo\u00a0ATO NORMATIVO N\u00ba 065\/2021 disp. em 29\/07\/2021 ESTADO DO ESP\u00cdRITO SANTO PODER JUDICI\u00c1RIO TRIBUNAL DE JUSTI\u00c7A ATO NORMATIVO\u00a0 N\u00ba 060\u00a0 \/2021 &nbsp; Institui e convoca Equipe de Trabalho para atuar na Pauta Concentrada de Media\u00e7\u00e3o e Concilia\u00e7\u00e3o\u00a0na Comarca de Alfredo Chaves, no per\u00edodo de 26\/07\/2021\u00a0a 30\/07\/2021. O Excelent\u00edssimo Senhor Desembargador RONALDO GON\u00c7ALVES DE SOUSA,Presidente [&hellip;]<\/p>\n","protected":false},"author":15,"featured_media":0,"comment_status":"closed","ping_status":"closed","sticky":false,"template":"","format":"standard","meta":{"footnotes":""},"categories":[4,14],"tags":[],"_links":{"self":[{"href":"https:\/\/www.tjes.jus.br\/corregedoria\/wp-json\/wp\/v2\/posts\/32232"}],"collection":[{"href":"https:\/\/www.tjes.jus.br\/corregedoria\/wp-json\/wp\/v2\/posts"}],"about":[{"href":"https:\/\/www.tjes.jus.br\/corregedoria\/wp-json\/wp\/v2\/types\/post"}],"author":[{"embeddable":true,"href":"https:\/\/www.tjes.jus.br\/corregedoria\/wp-json\/wp\/v2\/users\/15"}],"replies":[{"embeddable":true,"href":"https:\/\/www.tjes.jus.br\/corregedoria\/wp-json\/wp\/v2\/comments?post=32232"}],"version-history":[{"count":4,"href":"https:\/\/www.tjes.jus.br\/corregedoria\/wp-json\/wp\/v2\/posts\/32232\/revisions"}],"predecessor-version":[{"id":32348,"href":"https:\/\/www.tjes.jus.br\/corregedoria\/wp-json\/wp\/v2\/posts\/32232\/revisions\/32348"}],"wp:attachment":[{"href":"https:\/\/www.tjes.jus.br\/corregedoria\/wp-json\/wp\/v2\/media?parent=32232"}],"wp:term":[{"taxonomy":"category","embeddable":true,"href":"https:\/\/www.tjes.jus.br\/corregedoria\/wp-json\/wp\/v2\/categories?post=32232"},{"taxonomy":"post_tag","embeddable":true,"href":"https:\/\/www.tjes.jus.br\/corregedoria\/wp-json\/wp\/v2\/tags?post=32232"}],"curies":[{"name":"wp","href":"https:\/\/api.w.org\/{rel}","templated":true}]}}