{"id":32311,"date":"2021-07-26T13:43:03","date_gmt":"2021-07-26T16:43:03","guid":{"rendered":"https:\/\/www.tjes.jus.br\/corregedoria\/?p=32311"},"modified":"2021-07-26T13:50:17","modified_gmt":"2021-07-26T16:50:17","slug":"circular-geral-de-vacancias-cmfe-n-o-015-2021-disp-26-07-2021","status":"publish","type":"post","link":"https:\/\/www.tjes.jus.br\/corregedoria\/2021\/07\/26\/circular-geral-de-vacancias-cmfe-n-o-015-2021-disp-26-07-2021\/","title":{"rendered":"CIRCULAR GERAL DE VAC\u00c2NCIAS CMFE N.\u00ba 015\/2021 &#8211; DISP. 26\/07\/2021"},"content":{"rendered":"<p style=\"text-align: center;\">ESTADO DO ESP\u00cdRITO SANTO<\/p>\n<p style=\"text-align: center;\">Poder Judici\u00e1rio<\/p>\n<p style=\"text-align: center;\">Corregedoria Geral da Justi\u00e7a<\/p>\n<p style=\"text-align: center;\"><strong>CIRCULAR GERAL DE VAC\u00c2NCIAS CMFE N.\u00ba 015\/2021<\/strong><\/p>\n<p style=\"text-align: center;\">(<em>Proc. CGJES n.\u00ba 201200854601<\/em>)<\/p>\n<p style=\"text-align: justify;\">O Desembargador NEY BATISTA COUTINHO, Corregedor-Geral da Justi\u00e7a do Estado do Esp\u00edrito Santo, no uso de suas atribui\u00e7\u00f5es e,<\/p>\n<p style=\"text-align: justify;\"><strong>CONSIDERANDO<\/strong>\u00a0que a Corregedoria Geral da Justi\u00e7a \u00e9 \u00f3rg\u00e3o de fiscaliza\u00e7\u00e3o, disciplina e orienta\u00e7\u00e3o administrativa do foro extrajudicial, com circunscri\u00e7\u00e3o em todo o Estado, conforme art. 35 da Lei Complementar Estadual n.\u00ba 234\/2002 (COJES) c\/c art. 37 da Lei 9.835\/94 (LNR);<\/p>\n<p style=\"text-align: justify;\">CONSIDERANDO o disposto nos \u00a7 3\u00ba do art. 11 da Resolu\u00e7\u00e3o 80, \u00a7 2\u00ba do art. 2\u00ba da Resolu\u00e7\u00e3o n.\u00ba 81, ambas do Conselho Nacional de Justi\u00e7a; bem como na Ordem de Servi\u00e7o n.\u00ba 001\/2014 da Corregedoria Geral da Justi\u00e7a deste Estado.<\/p>\n<p style=\"text-align: justify;\"><strong>RESOLVE:<\/strong><\/p>\n<p style=\"text-align: justify;\"><strong>\u00a0<\/strong><\/p>\n<p style=\"text-align: justify;\"><strong>TORNAR P\u00daBLICA<\/strong>\u00a0a Rela\u00e7\u00e3o Geral de Vac\u00e2ncia das Delega\u00e7\u00f5es para a Atividade Notarial e de Registro do Estado do Esp\u00edrito Santo e que se encontram aptas a serem oferecidas em concurso p\u00fablico, respeitado o crit\u00e9rio de ingresso na rela\u00e7\u00e3o (provimento ou remo\u00e7\u00e3o), conforme Anexo I que acompanha a presente Circular,\u00a0<strong>atualizado at\u00e9 09\/07\/2021.<\/strong><\/p>\n<p style=\"text-align: justify;\">A rela\u00e7\u00e3o geral de vac\u00e2ncias ser\u00e1 publicada no Di\u00e1rio da Justi\u00e7a Eletr\u00f4nico (e-Di\u00e1rio) pelo prazo de 05 (cinco) dias \u00fateis consecutivos, e poder\u00e1 ser impugnada no prazo de 15 (quinze) dias contados do encerramento da divulga\u00e7\u00e3o.<\/p>\n<p style=\"text-align: justify;\"><strong>Publique-se. Cumpra-se.<\/strong><\/p>\n<p style=\"text-align: justify;\"><strong>\u00a0<\/strong><\/p>\n<p style=\"text-align: justify;\"><strong>\u00a0<\/strong><\/p>\n<p style=\"text-align: justify;\">Vit\u00f3ria, 09 de julho de 2021.<\/p>\n<p>&nbsp;<\/p>\n<p>&nbsp;<\/p>\n<p>&nbsp;<\/p>\n<p style=\"text-align: center;\"><strong>Desembargador NEY BATISTA COUTINHO<\/strong><\/p>\n<p style=\"text-align: center;\"><strong>CORREGEDOR-GERAL DA JUSTI\u00c7A<\/strong><\/p>\n<p style=\"text-align: center;\"><strong><a href=\"https:\/\/sistemas.tjes.jus.br\/ediario\/images\/RGV_15.pdf\">ANEXO &#8211; CLIQUE AQUI<\/a><\/strong><\/p>\n","protected":false},"excerpt":{"rendered":"<p>ESTADO DO ESP\u00cdRITO SANTO Poder Judici\u00e1rio Corregedoria Geral da Justi\u00e7a CIRCULAR GERAL DE VAC\u00c2NCIAS CMFE N.\u00ba 015\/2021 (Proc. CGJES n.\u00ba 201200854601) O Desembargador NEY BATISTA COUTINHO, Corregedor-Geral da Justi\u00e7a do Estado do Esp\u00edrito Santo, no uso de suas atribui\u00e7\u00f5es e, CONSIDERANDO\u00a0que a Corregedoria Geral da Justi\u00e7a \u00e9 \u00f3rg\u00e3o de fiscaliza\u00e7\u00e3o, disciplina e orienta\u00e7\u00e3o administrativa do [&hellip;]<\/p>\n","protected":false},"author":15,"featured_media":0,"comment_status":"closed","ping_status":"closed","sticky":false,"template":"","format":"standard","meta":{"footnotes":""},"categories":[17],"tags":[],"_links":{"self":[{"href":"https:\/\/www.tjes.jus.br\/corregedoria\/wp-json\/wp\/v2\/posts\/32311"}],"collection":[{"href":"https:\/\/www.tjes.jus.br\/corregedoria\/wp-json\/wp\/v2\/posts"}],"about":[{"href":"https:\/\/www.tjes.jus.br\/corregedoria\/wp-json\/wp\/v2\/types\/post"}],"author":[{"embeddable":true,"href":"https:\/\/www.tjes.jus.br\/corregedoria\/wp-json\/wp\/v2\/users\/15"}],"replies":[{"embeddable":true,"href":"https:\/\/www.tjes.jus.br\/corregedoria\/wp-json\/wp\/v2\/comments?post=32311"}],"version-history":[{"count":3,"href":"https:\/\/www.tjes.jus.br\/corregedoria\/wp-json\/wp\/v2\/posts\/32311\/revisions"}],"predecessor-version":[{"id":32317,"href":"https:\/\/www.tjes.jus.br\/corregedoria\/wp-json\/wp\/v2\/posts\/32311\/revisions\/32317"}],"wp:attachment":[{"href":"https:\/\/www.tjes.jus.br\/corregedoria\/wp-json\/wp\/v2\/media?parent=32311"}],"wp:term":[{"taxonomy":"category","embeddable":true,"href":"https:\/\/www.tjes.jus.br\/corregedoria\/wp-json\/wp\/v2\/categories?post=32311"},{"taxonomy":"post_tag","embeddable":true,"href":"https:\/\/www.tjes.jus.br\/corregedoria\/wp-json\/wp\/v2\/tags?post=32311"}],"curies":[{"name":"wp","href":"https:\/\/api.w.org\/{rel}","templated":true}]}}