{"id":32340,"date":"2021-07-29T13:17:16","date_gmt":"2021-07-29T16:17:16","guid":{"rendered":"https:\/\/www.tjes.jus.br\/corregedoria\/?p=32340"},"modified":"2021-07-29T13:17:16","modified_gmt":"2021-07-29T16:17:16","slug":"ato-no-17-2021-disp-29-07-2021","status":"publish","type":"post","link":"https:\/\/www.tjes.jus.br\/corregedoria\/2021\/07\/29\/ato-no-17-2021-disp-29-07-2021\/","title":{"rendered":"ATO N\u00ba 17\/2021 &#8211; DISP. 29\/07\/2021"},"content":{"rendered":"<p style=\"text-align: center;\"><strong>ESTADO DO ESP\u00cdRITO SANTO<\/strong><\/p>\n<p style=\"text-align: center;\"><strong>PODER JUDICI\u00c1RIO<\/strong><\/p>\n<p style=\"text-align: center;\"><strong>CORREGEDORIA GERAL DA JUSTI\u00c7A<\/strong><\/p>\n<p style=\"text-align: center;\"><strong>ATO N\u00ba 17\/2021<\/strong><\/p>\n<p>&nbsp;<\/p>\n<p style=\"text-align: justify;\">O Excelent\u00edssimo Senhor Desembargador NEY BATISTA COUTINHO, Corregedor-Geral da Justi\u00e7a, no uso de suas atribui\u00e7\u00f5es legais e de acordo com r. Decis\u00e3o\/Of\u00edcio 0720374, proferida nos autos do Processo Administrativo Disciplinar n\u00ba 7004835-15.2020.8.08.0000, desta Corregedoria Geral da Justi\u00e7a,<\/p>\n<p style=\"text-align: justify;\">RESOLVE:<\/p>\n<p style=\"text-align: justify;\"><strong>Aplicar<\/strong>\u00a0\u00e0 Sr\u00aa.\u00a0<strong>Alzenira Bitti Blanck<\/strong>, Delegat\u00e1ria Titular do Cart\u00f3rio de Registro Civil e Tabelionato da Sede, Comarca de Aracruz\/ES, a pena de suspens\u00e3o pelo per\u00edodo de\u00a0<strong>60 (sessenta) dias<\/strong>, tudo de acordo com disposto no artigo 32, III, da Lei n\u00ba 8.935\/94. Durante o cumprimento da pena de suspens\u00e3o, dever\u00e1 a serventia ser gerida pelo seu substituto legal.<\/p>\n<p style=\"text-align: justify;\">\n<p style=\"text-align: justify;\">Publique-se.<\/p>\n<p style=\"text-align: justify;\">\n<p style=\"text-align: justify;\">Vit\u00f3ria-ES, 21 de julho de 2021.<\/p>\n<p style=\"text-align: justify;\">\n<p style=\"text-align: center;\"><strong>NEY BATISTA COUTINHO<\/strong><\/p>\n<p style=\"text-align: center;\"><strong>Corregedor-Geral da Justi\u00e7a<\/strong><\/p>\n","protected":false},"excerpt":{"rendered":"<p>ESTADO DO ESP\u00cdRITO SANTO PODER JUDICI\u00c1RIO CORREGEDORIA GERAL DA JUSTI\u00c7A ATO N\u00ba 17\/2021 &nbsp; O Excelent\u00edssimo Senhor Desembargador NEY BATISTA COUTINHO, Corregedor-Geral da Justi\u00e7a, no uso de suas atribui\u00e7\u00f5es legais e de acordo com r. Decis\u00e3o\/Of\u00edcio 0720374, proferida nos autos do Processo Administrativo Disciplinar n\u00ba 7004835-15.2020.8.08.0000, desta Corregedoria Geral da Justi\u00e7a, RESOLVE: Aplicar\u00a0\u00e0 Sr\u00aa.\u00a0Alzenira Bitti [&hellip;]<\/p>\n","protected":false},"author":15,"featured_media":0,"comment_status":"closed","ping_status":"closed","sticky":false,"template":"","format":"standard","meta":{"footnotes":""},"categories":[18,14],"tags":[],"_links":{"self":[{"href":"https:\/\/www.tjes.jus.br\/corregedoria\/wp-json\/wp\/v2\/posts\/32340"}],"collection":[{"href":"https:\/\/www.tjes.jus.br\/corregedoria\/wp-json\/wp\/v2\/posts"}],"about":[{"href":"https:\/\/www.tjes.jus.br\/corregedoria\/wp-json\/wp\/v2\/types\/post"}],"author":[{"embeddable":true,"href":"https:\/\/www.tjes.jus.br\/corregedoria\/wp-json\/wp\/v2\/users\/15"}],"replies":[{"embeddable":true,"href":"https:\/\/www.tjes.jus.br\/corregedoria\/wp-json\/wp\/v2\/comments?post=32340"}],"version-history":[{"count":1,"href":"https:\/\/www.tjes.jus.br\/corregedoria\/wp-json\/wp\/v2\/posts\/32340\/revisions"}],"predecessor-version":[{"id":32341,"href":"https:\/\/www.tjes.jus.br\/corregedoria\/wp-json\/wp\/v2\/posts\/32340\/revisions\/32341"}],"wp:attachment":[{"href":"https:\/\/www.tjes.jus.br\/corregedoria\/wp-json\/wp\/v2\/media?parent=32340"}],"wp:term":[{"taxonomy":"category","embeddable":true,"href":"https:\/\/www.tjes.jus.br\/corregedoria\/wp-json\/wp\/v2\/categories?post=32340"},{"taxonomy":"post_tag","embeddable":true,"href":"https:\/\/www.tjes.jus.br\/corregedoria\/wp-json\/wp\/v2\/tags?post=32340"}],"curies":[{"name":"wp","href":"https:\/\/api.w.org\/{rel}","templated":true}]}}