{"id":32344,"date":"2021-07-29T13:38:45","date_gmt":"2021-07-29T16:38:45","guid":{"rendered":"https:\/\/www.tjes.jus.br\/corregedoria\/?p=32344"},"modified":"2021-08-05T14:54:27","modified_gmt":"2021-08-05T17:54:27","slug":"ato-normativo-no-065-2021-disp-29-07-2021","status":"publish","type":"post","link":"https:\/\/www.tjes.jus.br\/corregedoria\/2021\/07\/29\/ato-normativo-no-065-2021-disp-29-07-2021\/","title":{"rendered":"ATO NORMATIVO N\u00ba 065\/2021 &#8211; DISP. 29\/07\/2021"},"content":{"rendered":"<p align=\"center\">ESTADO DO ESP\u00cdRITO SANTO<br \/>\nPODER JUDICI\u00c1RIO<br \/>\nTRIBUNAL DE JUSTI\u00c7A<\/p>\n<p>&nbsp;<\/p>\n<p align=\"center\">ATO NORMATIVO N\u00ba 065 \/2021<\/p>\n<p>&nbsp;<\/p>\n<p style=\"text-align: justify;\" align=\"justify\">Altera o art. 2\u00ba do <a href=\"https:\/\/www.tjes.jus.br\/corregedoria\/2021\/07\/13\/ato-normativo-no-060-2021-disp-13-07-2021\/\">Ato Normativo 60\/21<\/a> para incluir a servidora Ros\u00e2ngela de Maria Alves Para\u00edso\u00a0na Equipe de Trabalho da\u00a0Pauta Concentrada de Media\u00e7\u00e3o e Concilia\u00e7\u00e3o\u00a0na Comarca de Alfredo Chaves, no per\u00edodo de 26\/07\/2021\u00a0a 30\/07\/2021.<\/p>\n<p style=\"text-align: justify;\" align=\"justify\">O Excelent\u00edssimo Senhor Desembargador RONALDO GON\u00c7ALVES DE SOUSA,Presidente do Egr\u00e9gio Tribunal de Justi\u00e7a do Estado do Esp\u00edrito Santo, no uso de suas atribui\u00e7\u00f5es legais e,<\/p>\n<p style=\"text-align: justify;\" align=\"justify\"><strong>CONSIDERANDO<\/strong>\u00a0o disposto no art. 58, da Resolu\u00e7\u00e3o n\u00ba 15\/95 (Regimento Interno do Tribunal de Justi\u00e7a do Estado do Esp\u00edrito Santo), que atribui ao Presidente compet\u00eancia geral para exercer a superintend\u00eancia de todo servi\u00e7o judici\u00e1rio, na qualidade de Chefe do Poder Judici\u00e1rio Estadual;<\/p>\n<p style=\"text-align: justify;\" align=\"justify\"><strong>CONSIDERANDO\u00a0<\/strong>a vig\u00eancia do C\u00f3digo de Processo Civil (Lei 13.105\/2015), bem como da Lei de Media\u00e7\u00e3o (Lei 13.140\/2015),\u00a0da Resolu\u00e7\u00e3o 125\/2010, do Conselho Nacional de Justi\u00e7a \u2013 CNJ e a Resolu\u00e7\u00e3o TJES n. 01\/2021;<\/p>\n<p style=\"text-align: justify;\" align=\"justify\"><strong>CONSIDERANDO\u00a0<\/strong>a necessidade de coordenar, conduzir e auxiliar a realiza\u00e7\u00e3o das sess\u00f5es de media\u00e7\u00e3o e concilia\u00e7\u00e3o judicial.<\/p>\n<p style=\"text-align: justify;\" align=\"justify\"><strong>RESOLVE:<\/strong><\/p>\n<p style=\"text-align: justify;\" align=\"justify\">Art. 1\u00ba.\u00a0 Alterar\u00a0 o\u00a0 \u00a0artigo\u00a0 2\u00ba\u00a0 \u00a0do\u00a0 <a href=\"https:\/\/www.tjes.jus.br\/corregedoria\/2021\/07\/13\/ato-normativo-no-060-2021-disp-13-07-2021\/\">Ato\u00a0 Normativo\u00a0 60\/2021<\/a>, publicado em 13\/07\/2021,\u00a0para incluir a \u00a0servidora Ros\u00e2ngela de Maria Alves Para\u00edso na Equipe de Trabalho que ir\u00e1 atuar na Pauta Concentrada de Media\u00e7\u00e3o e Concilia\u00e7\u00e3o\u00a0na Comarca de Alfredo Chaves, no per\u00edodo de 26\/07\/2021\u00a0a 30\/07\/2021.<\/p>\n<p style=\"text-align: justify;\" align=\"justify\">Art. 2\u00ba.\u00a0Este Ato Normativo entra em vigor a partir da data de sua publica\u00e7\u00e3o.<\/p>\n<p style=\"text-align: justify;\" align=\"justify\">Publique-se.<\/p>\n<p>&nbsp;<\/p>\n<p>&nbsp;<\/p>\n<p align=\"center\">Vit\u00f3ria-ES, 26\u00a0de Julho\u00a0de 2021.<\/p>\n<p>&nbsp;<\/p>\n<p>&nbsp;<\/p>\n<p align=\"center\">Desembargador RONALDO GON\u00c7ALVES DE SOUSA<\/p>\n<p align=\"center\">PRESIDENTE<\/p>\n","protected":false},"excerpt":{"rendered":"<p>ESTADO DO ESP\u00cdRITO SANTO PODER JUDICI\u00c1RIO TRIBUNAL DE JUSTI\u00c7A &nbsp; ATO NORMATIVO N\u00ba 065 \/2021 &nbsp; Altera o art. 2\u00ba do Ato Normativo 60\/21 para incluir a servidora Ros\u00e2ngela de Maria Alves Para\u00edso\u00a0na Equipe de Trabalho da\u00a0Pauta Concentrada de Media\u00e7\u00e3o e Concilia\u00e7\u00e3o\u00a0na Comarca de Alfredo Chaves, no per\u00edodo de 26\/07\/2021\u00a0a 30\/07\/2021. O Excelent\u00edssimo Senhor Desembargador [&hellip;]<\/p>\n","protected":false},"author":15,"featured_media":0,"comment_status":"closed","ping_status":"closed","sticky":false,"template":"","format":"standard","meta":{"footnotes":""},"categories":[4,14],"tags":[],"_links":{"self":[{"href":"https:\/\/www.tjes.jus.br\/corregedoria\/wp-json\/wp\/v2\/posts\/32344"}],"collection":[{"href":"https:\/\/www.tjes.jus.br\/corregedoria\/wp-json\/wp\/v2\/posts"}],"about":[{"href":"https:\/\/www.tjes.jus.br\/corregedoria\/wp-json\/wp\/v2\/types\/post"}],"author":[{"embeddable":true,"href":"https:\/\/www.tjes.jus.br\/corregedoria\/wp-json\/wp\/v2\/users\/15"}],"replies":[{"embeddable":true,"href":"https:\/\/www.tjes.jus.br\/corregedoria\/wp-json\/wp\/v2\/comments?post=32344"}],"version-history":[{"count":2,"href":"https:\/\/www.tjes.jus.br\/corregedoria\/wp-json\/wp\/v2\/posts\/32344\/revisions"}],"predecessor-version":[{"id":32417,"href":"https:\/\/www.tjes.jus.br\/corregedoria\/wp-json\/wp\/v2\/posts\/32344\/revisions\/32417"}],"wp:attachment":[{"href":"https:\/\/www.tjes.jus.br\/corregedoria\/wp-json\/wp\/v2\/media?parent=32344"}],"wp:term":[{"taxonomy":"category","embeddable":true,"href":"https:\/\/www.tjes.jus.br\/corregedoria\/wp-json\/wp\/v2\/categories?post=32344"},{"taxonomy":"post_tag","embeddable":true,"href":"https:\/\/www.tjes.jus.br\/corregedoria\/wp-json\/wp\/v2\/tags?post=32344"}],"curies":[{"name":"wp","href":"https:\/\/api.w.org\/{rel}","templated":true}]}}