{"id":32360,"date":"2021-07-30T13:31:43","date_gmt":"2021-07-30T16:31:43","guid":{"rendered":"https:\/\/www.tjes.jus.br\/corregedoria\/?p=32360"},"modified":"2021-07-30T13:36:29","modified_gmt":"2021-07-30T16:36:29","slug":"oficio-circular-no-0841393-disp-30-07-2021","status":"publish","type":"post","link":"https:\/\/www.tjes.jus.br\/corregedoria\/2021\/07\/30\/oficio-circular-no-0841393-disp-30-07-2021\/","title":{"rendered":"OF\u00cdCIO CIRCULAR N\u00ba\u00a00841393\/2021 &#8211; DISP. 30\/07\/2021"},"content":{"rendered":"<p class=\"Texto_Centralizado\" style=\"text-align: center;\"><strong>PODER JUDICI\u00c1RIO DO ESTADO DO ESP\u00cdRITO SANTO &#8211; PJES<\/strong><\/p>\n<p class=\"Texto_Centralizado\" style=\"text-align: center;\"><strong>CORREGEDORIA GERAL DA\u00a0JUSTI\u00c7A<\/strong><\/p>\n<p class=\"Texto_Cabe\u00e7alho\" style=\"text-align: center;\">Av. Jo\u00e3o Batista Parra, n\u00ba\u00a0320, Enseada do Su\u00e1 &#8211; Vit\u00f3ria\/ES<br \/>\nCEP: 29.050-375 &#8211;\u00a0Telefone: (27) 3145-3100<\/p>\n<p class=\"Texto_Centralizado_Maiusculas\" style=\"text-align: center;\"><strong>OF\u00cdCIO CIRCULAR CGJES\u00a00841393\/7001668-53.2021.8.08.0000<\/strong><\/p>\n<p>&nbsp;<\/p>\n<p style=\"text-align: justify;\">Vit\u00f3ria\/ES, 23 de julho de 2021.<\/p>\n<p class=\"Texto_Justificado\" style=\"text-align: justify;\">O Exmo. Sr. Desembargador Corregedor-Geral da Justi\u00e7a do Estado do Esp\u00edrito Santo, no uso de suas atribui\u00e7\u00f5es legais e,<\/p>\n<p class=\"Texto_Justificado\" style=\"text-align: justify;\"><strong>CONSIDERANDO<\/strong>\u00a0que a Corregedoria Geral da Justi\u00e7a \u00e9 \u00f3rg\u00e3o de fiscaliza\u00e7\u00e3o, disciplina e orienta\u00e7\u00e3o administrativa, com circunscri\u00e7\u00e3o em todo o Estado, conforme art. 35 da Lei Complementar Estadual n.\u00ba 234\/2002 (COJES);<\/p>\n<p class=\"Texto_Justificado\" style=\"text-align: justify;\"><strong>CONSIDERANDO<\/strong>\u00a0o recebimento dos comunicados enviados a esta Corregedoria por meio do Malote digital com c\u00f3digo de rastreabilidade n.\u00ba\u00a0<strong>80720211175628<\/strong><strong>\u200b<\/strong>, da Corregedoria Geral de Justi\u00e7a do Distrito Federal e Territ\u00f3rios\/DF (Documento SEI n\u00ba 0841102);<\/p>\n<p class=\"Texto_Justificado\" style=\"text-align: justify;\"><strong>CONSIDERANDO<\/strong>\u00a0que os referidos comunicados informam sobre a inutiliza\u00e7\u00e3o de pap\u00e9is de seguran\u00e7a para o ato de aposi\u00e7\u00e3o de apostila de Haia no\u00a0<strong>Cart\u00f3rio do 9\u00ba\u00a0Of\u00edcio de Registro Civil, T\u00edtulos e Documentos e Pessoas Jur\u00eddicas do Distrito Federal<\/strong><strong>\/DF<\/strong>, conforme consta em anexo.<\/p>\n<p class=\"Texto_Justificado\" style=\"text-align: justify;\"><strong>RECOMENDA<\/strong>\u00a0aos Ju\u00edzes de Direito Diretores dos Foros, Membros do Minist\u00e9rio P\u00fablico, Advogados, Not\u00e1rios e Registradores, Serventu\u00e1rios e a quem mais possa interessar, que observem os comunicados em anexo e adotem as provid\u00eancias que entenderem pertinentes.<\/p>\n<p class=\"Texto_Justificado\" style=\"text-align: justify;\"><strong>Publique-se.<\/strong><\/p>\n<p style=\"text-align: center;\" align=\"center\"><strong>DESEMBARGADOR NEY BATISTA COUTINHO<\/strong><\/p>\n<p class=\"Texto_Centralizado\" style=\"text-align: center;\"><strong>Corregedor Geral da Justi\u00e7a<\/strong><\/p>\n<p style=\"text-align: center;\"><a href=\"https:\/\/sistemas.tjes.jus.br\/ediario\/images\/DF_9_Registro_Civil_Oficio_2___T.pdf\">Anexo &#8211; Clique aqui<\/a><\/p>\n","protected":false},"excerpt":{"rendered":"<p>PODER JUDICI\u00c1RIO DO ESTADO DO ESP\u00cdRITO SANTO &#8211; PJES CORREGEDORIA GERAL DA\u00a0JUSTI\u00c7A Av. Jo\u00e3o Batista Parra, n\u00ba\u00a0320, Enseada do Su\u00e1 &#8211; Vit\u00f3ria\/ES CEP: 29.050-375 &#8211;\u00a0Telefone: (27) 3145-3100 OF\u00cdCIO CIRCULAR CGJES\u00a00841393\/7001668-53.2021.8.08.0000 &nbsp; Vit\u00f3ria\/ES, 23 de julho de 2021. O Exmo. Sr. Desembargador Corregedor-Geral da Justi\u00e7a do Estado do Esp\u00edrito Santo, no uso de suas atribui\u00e7\u00f5es legais [&hellip;]<\/p>\n","protected":false},"author":15,"featured_media":0,"comment_status":"closed","ping_status":"closed","sticky":false,"template":"","format":"standard","meta":{"footnotes":""},"categories":[14,5],"tags":[],"_links":{"self":[{"href":"https:\/\/www.tjes.jus.br\/corregedoria\/wp-json\/wp\/v2\/posts\/32360"}],"collection":[{"href":"https:\/\/www.tjes.jus.br\/corregedoria\/wp-json\/wp\/v2\/posts"}],"about":[{"href":"https:\/\/www.tjes.jus.br\/corregedoria\/wp-json\/wp\/v2\/types\/post"}],"author":[{"embeddable":true,"href":"https:\/\/www.tjes.jus.br\/corregedoria\/wp-json\/wp\/v2\/users\/15"}],"replies":[{"embeddable":true,"href":"https:\/\/www.tjes.jus.br\/corregedoria\/wp-json\/wp\/v2\/comments?post=32360"}],"version-history":[{"count":4,"href":"https:\/\/www.tjes.jus.br\/corregedoria\/wp-json\/wp\/v2\/posts\/32360\/revisions"}],"predecessor-version":[{"id":32379,"href":"https:\/\/www.tjes.jus.br\/corregedoria\/wp-json\/wp\/v2\/posts\/32360\/revisions\/32379"}],"wp:attachment":[{"href":"https:\/\/www.tjes.jus.br\/corregedoria\/wp-json\/wp\/v2\/media?parent=32360"}],"wp:term":[{"taxonomy":"category","embeddable":true,"href":"https:\/\/www.tjes.jus.br\/corregedoria\/wp-json\/wp\/v2\/categories?post=32360"},{"taxonomy":"post_tag","embeddable":true,"href":"https:\/\/www.tjes.jus.br\/corregedoria\/wp-json\/wp\/v2\/tags?post=32360"}],"curies":[{"name":"wp","href":"https:\/\/api.w.org\/{rel}","templated":true}]}}