{"id":32385,"date":"2021-08-02T13:25:09","date_gmt":"2021-08-02T16:25:09","guid":{"rendered":"https:\/\/www.tjes.jus.br\/corregedoria\/?p=32385"},"modified":"2021-08-02T13:25:57","modified_gmt":"2021-08-02T16:25:57","slug":"circular-geral-de-vacancias-cmfe-n-o-015-2021-disp-02-08-2021","status":"publish","type":"post","link":"https:\/\/www.tjes.jus.br\/corregedoria\/2021\/08\/02\/circular-geral-de-vacancias-cmfe-n-o-015-2021-disp-02-08-2021\/","title":{"rendered":"CIRCULAR GERAL DE VAC\u00c2NCIAS\u00a0CMFE\u00a0N.\u00ba\u00a0015\/2021 &#8211; DISP. 02\/08\/2021"},"content":{"rendered":"<p style=\"text-align: center;\" align=\"center\">ESTADO DO ESP\u00cdRITO SANTO<\/p>\n<p style=\"text-align: center;\" align=\"center\">Poder Judici\u00e1rio<\/p>\n<p style=\"text-align: center;\" align=\"center\">Corregedoria Geral da Justi\u00e7a<\/p>\n<p style=\"text-align: justify;\" align=\"justify\"><strong><span lang=\"pt-BR\">CIRCULAR GERAL DE VAC\u00c2NCIAS<\/span><span lang=\"pt-BR\">\u00a0<\/span><span lang=\"pt-BR\">CMFE<\/span><span lang=\"pt-BR\">\u00a0N.\u00ba\u00a0<\/span><span lang=\"pt-BR\">01<\/span><span lang=\"pt-BR\">5<\/span><span lang=\"pt-BR\">\/2021<\/span><\/strong><\/p>\n<p style=\"text-align: justify;\" align=\"justify\">(<em>Proc. CGJES n.\u00ba\u00a0<\/em><em>201200854601<\/em>)<\/p>\n<p style=\"text-align: justify;\" align=\"justify\"><span lang=\"pt-BR\">O Desembargador\u00a0<\/span><span lang=\"pt-BR\">NEY BATISTA COUTINHO<\/span>,\u00a0Corregedor-Geral da Justi\u00e7a\u00a0do Estado do Esp\u00edrito Santo, no uso de suas atribui\u00e7\u00f5es e,<\/p>\n<p style=\"text-align: justify;\" align=\"justify\"><strong>CONSIDERANDO<\/strong>\u00a0que a Corregedoria Geral da Justi\u00e7a \u00e9 \u00f3rg\u00e3o de fiscaliza\u00e7\u00e3o, disciplina e orienta\u00e7\u00e3o administrativa\u00a0do foro extrajudicial, com\u00a0circunscri\u00e7\u00e3o\u00a0em todo o Estado, conforme art. 35 da Lei Complementar Estadual n.\u00ba 234\/2002 (COJES)\u00a0c\/c art. 37 da Lei 9.835\/94 (LNR);<\/p>\n<p style=\"text-align: justify;\" align=\"justify\"><strong><span lang=\"pt-BR\">CONSIDERANDO\u00a0<\/span><\/strong><strong><span lang=\"pt-BR\">o disposto no<\/span><\/strong><strong><span lang=\"pt-BR\">s<\/span><\/strong><span lang=\"pt-BR\">\u00a0<\/span><strong><span lang=\"pt-BR\">\u00a7 3\u00ba do art. 11 da Resolu\u00e7\u00e3o 80,\u00a0<\/span><\/strong><strong><span lang=\"pt-BR\">\u00a7\u00a0<\/span><\/strong><strong><span lang=\"pt-BR\">2<\/span><\/strong><strong><span lang=\"pt-BR\">\u00ba do art. 2\u00ba da Resolu\u00e7\u00e3o n.\u00ba 81,\u00a0<\/span><\/strong><strong><span lang=\"pt-BR\">ambas\u00a0<\/span><\/strong><strong><span lang=\"pt-BR\">do Conselho Nacional de Justi\u00e7a;<\/span><\/strong><span lang=\"pt-BR\">\u00a0<\/span><span lang=\"pt-BR\">bem como\u00a0<\/span><span lang=\"pt-BR\">na Ordem de Servi\u00e7o n.\u00ba\u00a0<\/span><span lang=\"pt-BR\">001<\/span><span lang=\"pt-BR\">\/2014\u00a0<\/span><span lang=\"pt-BR\">da Corregedoria Geral da Justi\u00e7a deste Estado.<\/span><\/p>\n<p style=\"text-align: justify;\" align=\"justify\"><strong>RESOLVE:<\/strong><\/p>\n<p style=\"text-align: justify;\" align=\"justify\"><strong>TORNAR P\u00daBLICA<\/strong>\u00a0a\u00a0Rela\u00e7\u00e3o\u00a0Geral de\u00a0Vac\u00e2ncia das\u00a0Delega\u00e7\u00f5es para a Atividade\u00a0Notarial e de Registro\u00a0do Estado do Esp\u00edrito Santo\u00a0e\u00a0que se encontram aptas a serem oferecidas em concurso p\u00fablico, respeitado o crit\u00e9rio de ingresso na rela\u00e7\u00e3o\u00a0(provimento ou remo\u00e7\u00e3o), conforme Anexo\u00a0I que acompanha a presente Circular,\u00a0<strong>atualizado at\u00e9 27\/07\/2021<\/strong>\u00a0<strong>.<\/strong><\/p>\n<p style=\"text-align: justify;\" align=\"justify\">A rela\u00e7\u00e3o geral de vac\u00e2ncias ser\u00e1 publicada no Di\u00e1rio da Justi\u00e7a Eletr\u00f4nico (e-Di\u00e1rio) pelo prazo de 05 (cinco) dias \u00fateis consecutivos, e poder\u00e1 ser impugnada no prazo de 15 (quinze) dias contados do encerramento da divulga\u00e7\u00e3o.<\/p>\n<p style=\"text-align: justify;\" align=\"justify\">Assim,\u00a0<strong>revogo\u00a0<\/strong>e\u00a0<strong>torno sem efeito\u00a0<\/strong>a rela\u00e7\u00e3o geral de vac\u00e2ncia publicada no dia 26 de julho de 2021.<\/p>\n<p style=\"text-align: center;\" align=\"center\"><span lang=\"pt-BR\"><strong>Publique-se.\u00a0<\/strong><\/span><span lang=\"pt-BR\"><strong>Cumpra-se.<\/strong><\/span><\/p>\n<p style=\"text-align: center;\" align=\"center\"><span lang=\"pt-BR\">Vit\u00f3ria,\u00a0<\/span><span lang=\"pt-BR\">27<\/span><span lang=\"pt-BR\">\u00a0de julho<\/span><span lang=\"pt-BR\">\u00a0<\/span><span lang=\"pt-BR\">de 20<\/span><span lang=\"pt-BR\">2<\/span><span lang=\"pt-BR\">1<\/span><span lang=\"pt-BR\">.<\/span><\/p>\n<p style=\"text-align: center;\" align=\"center\"><strong>Desembargador\u00a0NEY BATISTA COUTINHO<\/strong><\/p>\n<p style=\"text-align: center;\" align=\"center\"><strong>CORREGEDOR-GERAL DA JUSTI\u00c7A<\/strong><\/p>\n<p style=\"text-align: center;\"><strong><a href=\"https:\/\/sistemas.tjes.jus.br\/ediario\/images\/ANEXO_A_OFICIO_GERAL_DE_VAC%C3%82NCIAS_-_30-07.pdf\">ANEXO &#8211; CLIQUE AQUI<\/a><\/strong><\/p>\n","protected":false},"excerpt":{"rendered":"<p>ESTADO DO ESP\u00cdRITO SANTO Poder Judici\u00e1rio Corregedoria Geral da Justi\u00e7a CIRCULAR GERAL DE VAC\u00c2NCIAS\u00a0CMFE\u00a0N.\u00ba\u00a0015\/2021 (Proc. CGJES n.\u00ba\u00a0201200854601) O Desembargador\u00a0NEY BATISTA COUTINHO,\u00a0Corregedor-Geral da Justi\u00e7a\u00a0do Estado do Esp\u00edrito Santo, no uso de suas atribui\u00e7\u00f5es e, CONSIDERANDO\u00a0que a Corregedoria Geral da Justi\u00e7a \u00e9 \u00f3rg\u00e3o de fiscaliza\u00e7\u00e3o, disciplina e orienta\u00e7\u00e3o administrativa\u00a0do foro extrajudicial, com\u00a0circunscri\u00e7\u00e3o\u00a0em todo o Estado, conforme art. [&hellip;]<\/p>\n","protected":false},"author":15,"featured_media":0,"comment_status":"closed","ping_status":"closed","sticky":false,"template":"","format":"standard","meta":{"footnotes":""},"categories":[17,14],"tags":[],"_links":{"self":[{"href":"https:\/\/www.tjes.jus.br\/corregedoria\/wp-json\/wp\/v2\/posts\/32385"}],"collection":[{"href":"https:\/\/www.tjes.jus.br\/corregedoria\/wp-json\/wp\/v2\/posts"}],"about":[{"href":"https:\/\/www.tjes.jus.br\/corregedoria\/wp-json\/wp\/v2\/types\/post"}],"author":[{"embeddable":true,"href":"https:\/\/www.tjes.jus.br\/corregedoria\/wp-json\/wp\/v2\/users\/15"}],"replies":[{"embeddable":true,"href":"https:\/\/www.tjes.jus.br\/corregedoria\/wp-json\/wp\/v2\/comments?post=32385"}],"version-history":[{"count":2,"href":"https:\/\/www.tjes.jus.br\/corregedoria\/wp-json\/wp\/v2\/posts\/32385\/revisions"}],"predecessor-version":[{"id":32387,"href":"https:\/\/www.tjes.jus.br\/corregedoria\/wp-json\/wp\/v2\/posts\/32385\/revisions\/32387"}],"wp:attachment":[{"href":"https:\/\/www.tjes.jus.br\/corregedoria\/wp-json\/wp\/v2\/media?parent=32385"}],"wp:term":[{"taxonomy":"category","embeddable":true,"href":"https:\/\/www.tjes.jus.br\/corregedoria\/wp-json\/wp\/v2\/categories?post=32385"},{"taxonomy":"post_tag","embeddable":true,"href":"https:\/\/www.tjes.jus.br\/corregedoria\/wp-json\/wp\/v2\/tags?post=32385"}],"curies":[{"name":"wp","href":"https:\/\/api.w.org\/{rel}","templated":true}]}}