{"id":32447,"date":"2021-08-06T13:19:41","date_gmt":"2021-08-06T16:19:41","guid":{"rendered":"https:\/\/www.tjes.jus.br\/corregedoria\/?p=32447"},"modified":"2021-08-06T13:23:25","modified_gmt":"2021-08-06T16:23:25","slug":"oficio-circular-cgjes-no-0847285-2021-disp-06-08-2021","status":"publish","type":"post","link":"https:\/\/www.tjes.jus.br\/corregedoria\/2021\/08\/06\/oficio-circular-cgjes-no-0847285-2021-disp-06-08-2021\/","title":{"rendered":"OF\u00cdCIO CIRCULAR CGJES N\u00ba\u00a00847285\/2021 &#8211; DISP. 06\/08\/2021"},"content":{"rendered":"<p class=\"m_Texto_Centralizado\" style=\"text-align: center;\"><strong>PODER JUDICI\u00c1RIO DO ESTADO DO ESP\u00cdRITO SANTO &#8211; PJES<\/strong><\/p>\n<p class=\"m_Texto_Centralizado\" style=\"text-align: center;\"><strong>CORREGEDORIA GERAL DA\u00a0JUSTI\u00c7A<\/strong><\/p>\n<p class=\"m_Texto_Cabe\u00e7alho\" style=\"text-align: center;\">Av. Jo\u00e3o Batista Parra, n\u00ba\u00a0320, Enseada do Su\u00e1 &#8211; Vit\u00f3ria\/ES<br \/>\nCEP: 29.050-375 &#8211;\u00a0Telefone: (27) 3145-3100<\/p>\n<p class=\"m_Texto_Centralizado_Maiusculas\" style=\"text-align: center;\"><strong>OF\u00cdCIO CIRCULAR CGJES\u00a00847285\/7004246-86.2021.8.08.0000<\/strong><\/p>\n<p class=\"m_Texto_Justificado\" style=\"text-align: justify;\">O Exmo. Sr. Desembargador Corregedor-Geral da Justi\u00e7a do Estado do Esp\u00edrito Santo, no uso de suas atribui\u00e7\u00f5es legais e,<\/p>\n<p class=\"m_Texto_Justificado\" style=\"text-align: justify;\"><strong>CONSIDERANDO<\/strong>\u00a0que a Corregedoria Geral da Justi\u00e7a \u00e9 \u00f3rg\u00e3o de fiscaliza\u00e7\u00e3o, disciplina e orienta\u00e7\u00e3o administrativa, com circunscri\u00e7\u00e3o em todo o Estado, conforme art. 35 da Lei Complementar Estadual n\u00ba 234\/2002 (COJES);<\/p>\n<p class=\"m_Texto_Justificado\" style=\"text-align: justify;\"><strong>CONSIDERANDO<\/strong>\u00a0o recebimento do malote digital n\u00ba 8022021824323, referente ao Of\u00edcio n\u00ba 865-575\/2021\u00a0enviado pela Corregedoria-Geral da Justi\u00e7a do Estado de Alagoas;<\/p>\n<p class=\"m_Texto_Justificado\" style=\"text-align: justify;\"><strong>CONSIDERANDO<\/strong>\u00a0que a referida comunica\u00e7\u00e3o do Cart\u00f3rio de Registro das Pessoas Naturais\u00a0da Comarca de Joaquim Gomes\/AL informa informando acerca de recebimento do Of\u00edcio SEI n\u00ba 100\/2021\/MOB-GEXMCO\/GEXMCO SR IV\/SR-IV-INSS, comunicando acerca de poss\u00edvel falsifica\u00e7\u00e3o de certid\u00e3o de nascimento em nome de MARIA PEREIRA DOS SANTOS, conforme documentos anexados.<\/p>\n<p class=\"m_Texto_Justificado\" style=\"text-align: justify;\"><strong>CONSIDERANDO<\/strong>\u00a0que a referida Serventia j\u00e1\u00a0tomou as provid\u00eancias aplic\u00e1veis, conforme documentos\u00a0em anexo.<\/p>\n<p class=\"m_Texto_Justificado\" style=\"text-align: justify;\"><strong>RECOMENDO<\/strong>\u00a0aos Ju\u00edzes de Direito Diretores dos F\u00f3runs, Membros do Minist\u00e9rio P\u00fablico, Advogados, Not\u00e1rios e Registradores, Serventu\u00e1rios e a quem mais possa\u00a0interessar, que observem o comunicado em anexo, e adotem as provid\u00eancias que entenderem pertinentes.<\/p>\n<p class=\"m_Texto_Justificado\" style=\"text-align: justify;\"><strong>Publique-se. Cumpra-se.<\/strong><\/p>\n<p style=\"text-align: justify;\">Vit\u00f3ria\/ES, 29 de julho de 2021.<\/p>\n<p>&nbsp;<\/p>\n<p class=\"m_Texto_Centralizado_Maiusculas\" style=\"text-align: center;\"><strong>DES. NEY BATISTA COUTINHO<\/strong><\/p>\n<p class=\"m_Texto_Centralizado\" style=\"text-align: center;\"><strong>Corregedor Geral da Justi\u00e7a<\/strong><\/p>\n<p style=\"text-align: center;\"><strong><a href=\"https:\/\/sistemas.tjes.jus.br\/ediario\/images\/Malote_Digital_0831032_FALSIFICACAO_TJAL_8022021824323.pdf\">ANEXO CLIQUE AQUI<\/a><\/strong><\/p>\n<p>&nbsp;<\/p>\n","protected":false},"excerpt":{"rendered":"<p>PODER JUDICI\u00c1RIO DO ESTADO DO ESP\u00cdRITO SANTO &#8211; PJES CORREGEDORIA GERAL DA\u00a0JUSTI\u00c7A Av. Jo\u00e3o Batista Parra, n\u00ba\u00a0320, Enseada do Su\u00e1 &#8211; Vit\u00f3ria\/ES CEP: 29.050-375 &#8211;\u00a0Telefone: (27) 3145-3100 OF\u00cdCIO CIRCULAR CGJES\u00a00847285\/7004246-86.2021.8.08.0000 O Exmo. Sr. Desembargador Corregedor-Geral da Justi\u00e7a do Estado do Esp\u00edrito Santo, no uso de suas atribui\u00e7\u00f5es legais e, CONSIDERANDO\u00a0que a Corregedoria Geral da Justi\u00e7a [&hellip;]<\/p>\n","protected":false},"author":15,"featured_media":0,"comment_status":"closed","ping_status":"closed","sticky":false,"template":"","format":"standard","meta":{"footnotes":""},"categories":[14,5],"tags":[],"_links":{"self":[{"href":"https:\/\/www.tjes.jus.br\/corregedoria\/wp-json\/wp\/v2\/posts\/32447"}],"collection":[{"href":"https:\/\/www.tjes.jus.br\/corregedoria\/wp-json\/wp\/v2\/posts"}],"about":[{"href":"https:\/\/www.tjes.jus.br\/corregedoria\/wp-json\/wp\/v2\/types\/post"}],"author":[{"embeddable":true,"href":"https:\/\/www.tjes.jus.br\/corregedoria\/wp-json\/wp\/v2\/users\/15"}],"replies":[{"embeddable":true,"href":"https:\/\/www.tjes.jus.br\/corregedoria\/wp-json\/wp\/v2\/comments?post=32447"}],"version-history":[{"count":2,"href":"https:\/\/www.tjes.jus.br\/corregedoria\/wp-json\/wp\/v2\/posts\/32447\/revisions"}],"predecessor-version":[{"id":32462,"href":"https:\/\/www.tjes.jus.br\/corregedoria\/wp-json\/wp\/v2\/posts\/32447\/revisions\/32462"}],"wp:attachment":[{"href":"https:\/\/www.tjes.jus.br\/corregedoria\/wp-json\/wp\/v2\/media?parent=32447"}],"wp:term":[{"taxonomy":"category","embeddable":true,"href":"https:\/\/www.tjes.jus.br\/corregedoria\/wp-json\/wp\/v2\/categories?post=32447"},{"taxonomy":"post_tag","embeddable":true,"href":"https:\/\/www.tjes.jus.br\/corregedoria\/wp-json\/wp\/v2\/tags?post=32447"}],"curies":[{"name":"wp","href":"https:\/\/api.w.org\/{rel}","templated":true}]}}