{"id":32469,"date":"2021-08-10T12:48:04","date_gmt":"2021-08-10T15:48:04","guid":{"rendered":"https:\/\/www.tjes.jus.br\/corregedoria\/?p=32469"},"modified":"2021-08-10T12:48:04","modified_gmt":"2021-08-10T15:48:04","slug":"oficio-circular-cgjes-no-0857332-2021-disp-10-08-2021","status":"publish","type":"post","link":"https:\/\/www.tjes.jus.br\/corregedoria\/2021\/08\/10\/oficio-circular-cgjes-no-0857332-2021-disp-10-08-2021\/","title":{"rendered":"OF\u00cdCIO CIRCULAR CGJES N\u00ba 0857332\/2021 \u2013 DISP. 10\/08\/2021"},"content":{"rendered":"<p align=\"center\"><strong>PODER JUDICI\u00c1RIO DO ESTADO DO ESP\u00cdRITO SANTO &#8211; PJES<\/strong><\/p>\n<p align=\"center\"><strong>CORREGEDORIA GERAL DA\u00a0JUSTI\u00c7A<\/strong><\/p>\n<p align=\"center\">Av. Jo\u00e3o Batista Parra, n\u00ba\u00a0320, Enseada do Su\u00e1 &#8211; Vit\u00f3ria\/ES<br \/>\nCEP: 29.050-375 &#8211;\u00a0Telefone: (27) 3145-3100<\/p>\n<p>&nbsp;<\/p>\n<p align=\"center\"><strong>OF\u00cdCIO CIRCULAR CGJES\u00a00857332\/7004727-49.2021.8.08.0000<\/strong><\/p>\n<p>&nbsp;<\/p>\n<p>&nbsp;<\/p>\n<p align=\"justify\">O\u00a0Exmo. Sr. Desembargador Corregedor-Geral da Justi\u00e7a do Estado do Esp\u00edrito Santo, no uso de suas atribui\u00e7\u00f5es legais e,<\/p>\n<p>&nbsp;<\/p>\n<p align=\"justify\"><strong>CONSIDERANDO<\/strong>\u00a0que a Corregedoria Geral da Justi\u00e7a \u00e9 \u00f3rg\u00e3o de fiscaliza\u00e7\u00e3o, disciplina e orienta\u00e7\u00e3o administrativa, com circunscri\u00e7\u00e3o em todo o Estado, conforme art. 35 da Lei Complementar Estadual n\u00ba 234\/2002 (COJES);<\/p>\n<p>&nbsp;<\/p>\n<p align=\"justify\"><strong>CONSIDERANDO<\/strong>\u00a0o recebimento do malote digital n\u00ba 81420211500515, referente ao Processo n\u00ba 0002985-17.2021.2.00.0814\u00a0enviado pela Corregedoria-Geral da Justi\u00e7a do Estado do Par\u00e1;<\/p>\n<p align=\"justify\">\n<strong>CONSIDERANDO<\/strong>\u00a0que a referida comunica\u00e7\u00e3o do Cart\u00f3rio do Of\u00edcio \u00danico da Comarca de Concei\u00e7\u00e3o do Araguaia\/PA concernente ao extravio de selo de tipo \u201cReconhecimento de Firma\u201d, S\u00e9rie \u201cI\u201d, n\u00famero 001.731.205, sequencial apresentado por meio do oficio n. 2021\/323-cart\u00f3rio Pinheiro de Queiroz-PA, de 29.06.2021, conforme documentos anexados.<\/p>\n<p align=\"justify\">\n<strong>CONSIDERANDO<\/strong>\u00a0que a referida Serventia j\u00e1 procedeu o registro da ocorr\u00eancia junto a Policia Civil do Estado do Par\u00e1, conforme Boletim de Ocorr\u00eancia em anexo.<\/p>\n<p align=\"justify\">\n<strong>RECOMENDO<\/strong>\u00a0aos Ju\u00edzes de Direito Diretores dos F\u00f3runs, Membros do Minist\u00e9rio P\u00fablico, Advogados, Not\u00e1rios e Registradores, Serventu\u00e1rios e a quem mais possa\u00a0interessar, que observem o comunicado em anexo, e adotem as provid\u00eancias que entenderem pertinentes.<\/p>\n<p align=\"justify\">\n<strong>Publique-se. Cumpra-se.<\/strong><\/p>\n<p align=\"justify\">\n<p align=\"justify\">Vit\u00f3ria\/ES, 06 de agosto de 2021.<\/p>\n<p align=\"justify\">\n<p align=\"justify\">\n<p>&nbsp;<\/p>\n<p>&nbsp;<\/p>\n<p align=\"center\"><strong>DES. NEY BATISTA COUTINHO<\/strong><\/p>\n<p align=\"center\"><strong>Corregedor Geral da Justi\u00e7a<\/strong><\/p>\n<p>&nbsp;<\/p>\n<p style=\"text-align: center;\"><strong><a href=\"https:\/\/sistemas.tjes.jus.br\/ediario\/images\/Peticao_Inicial_0849773_0002985_17.2021.2.00.0814_-_09-08.pdf\">ANEXO &#8211; CLIQUE AQUI<\/a><\/strong><\/p>\n","protected":false},"excerpt":{"rendered":"<p>PODER JUDICI\u00c1RIO DO ESTADO DO ESP\u00cdRITO SANTO &#8211; PJES CORREGEDORIA GERAL DA\u00a0JUSTI\u00c7A Av. Jo\u00e3o Batista Parra, n\u00ba\u00a0320, Enseada do Su\u00e1 &#8211; Vit\u00f3ria\/ES CEP: 29.050-375 &#8211;\u00a0Telefone: (27) 3145-3100 &nbsp; OF\u00cdCIO CIRCULAR CGJES\u00a00857332\/7004727-49.2021.8.08.0000 &nbsp; &nbsp; O\u00a0Exmo. Sr. Desembargador Corregedor-Geral da Justi\u00e7a do Estado do Esp\u00edrito Santo, no uso de suas atribui\u00e7\u00f5es legais e, &nbsp; CONSIDERANDO\u00a0que a Corregedoria [&hellip;]<\/p>\n","protected":false},"author":8,"featured_media":0,"comment_status":"closed","ping_status":"closed","sticky":false,"template":"","format":"standard","meta":{"footnotes":""},"categories":[14,5],"tags":[],"_links":{"self":[{"href":"https:\/\/www.tjes.jus.br\/corregedoria\/wp-json\/wp\/v2\/posts\/32469"}],"collection":[{"href":"https:\/\/www.tjes.jus.br\/corregedoria\/wp-json\/wp\/v2\/posts"}],"about":[{"href":"https:\/\/www.tjes.jus.br\/corregedoria\/wp-json\/wp\/v2\/types\/post"}],"author":[{"embeddable":true,"href":"https:\/\/www.tjes.jus.br\/corregedoria\/wp-json\/wp\/v2\/users\/8"}],"replies":[{"embeddable":true,"href":"https:\/\/www.tjes.jus.br\/corregedoria\/wp-json\/wp\/v2\/comments?post=32469"}],"version-history":[{"count":1,"href":"https:\/\/www.tjes.jus.br\/corregedoria\/wp-json\/wp\/v2\/posts\/32469\/revisions"}],"predecessor-version":[{"id":32470,"href":"https:\/\/www.tjes.jus.br\/corregedoria\/wp-json\/wp\/v2\/posts\/32469\/revisions\/32470"}],"wp:attachment":[{"href":"https:\/\/www.tjes.jus.br\/corregedoria\/wp-json\/wp\/v2\/media?parent=32469"}],"wp:term":[{"taxonomy":"category","embeddable":true,"href":"https:\/\/www.tjes.jus.br\/corregedoria\/wp-json\/wp\/v2\/categories?post=32469"},{"taxonomy":"post_tag","embeddable":true,"href":"https:\/\/www.tjes.jus.br\/corregedoria\/wp-json\/wp\/v2\/tags?post=32469"}],"curies":[{"name":"wp","href":"https:\/\/api.w.org\/{rel}","templated":true}]}}