{"id":32542,"date":"2021-08-20T13:18:48","date_gmt":"2021-08-20T16:18:48","guid":{"rendered":"https:\/\/www.tjes.jus.br\/corregedoria\/?p=32542"},"modified":"2021-08-20T13:23:35","modified_gmt":"2021-08-20T16:23:35","slug":"ato-normativo-no-043-2021-disp-20-08-2021","status":"publish","type":"post","link":"https:\/\/www.tjes.jus.br\/corregedoria\/2021\/08\/20\/ato-normativo-no-043-2021-disp-20-08-2021\/","title":{"rendered":"ATO NORMATIVO N\u00ba 043\/2021 &#8211; DISP. 20\/08\/2021 &#8211; REPUBLICA\u00c7\u00c3O"},"content":{"rendered":"<p style=\"text-align: center;\" align=\"center\">PODER JUDICI\u00c1RIO DO ESTADO DO ESP\u00cdRITO SANTO &#8211; PJES<\/p>\n<p style=\"text-align: center;\" align=\"center\">RUA DESEMBARGADOR HOMERO MAFRA,60 &#8211; Bairro ENSEADA DO SU\u00c1 &#8211; CEP 29050906 &#8211; Vit\u00f3ria &#8211; ES &#8211; www.tjes.jus.br<\/p>\n<p style=\"text-align: center;\" align=\"center\"><strong>ATO NORMATIVO N\u00ba 043\/2021<\/strong><\/p>\n<p>&nbsp;<\/p>\n<p style=\"text-align: justify;\" align=\"justify\">O Excelent\u00edssimo Senhor Desembargador Ronaldo Gon\u00e7alves de Sousa, Presidente do Egr\u00e9gio Tribunal de Justi\u00e7a do Estado do Esp\u00edrito Santo, no uso de suas atribui\u00e7\u00f5es legais,<\/p>\n<p style=\"text-align: justify;\" align=\"justify\">CONSIDERANDO o teor do expediente protocolado neste Egr\u00e9gio Tribunal de Justi\u00e7a sob o n\u00famero 7000020-28.2021.8.08.0068, encaminhado pela\u00a0Exma. Sra. Dra. Roberta Holanda de Almeida, Ju\u00edza\u00a0de Direito Diretora do Foro de \u00c1gua Doce do Norte, por meio do qual noticia\u00a0a interrup\u00e7\u00e3o do\u00a0fornecimento de energia el\u00e9trica no pr\u00e9dio que abriga o F\u00f3rum da Comarca no dia 03 de maio de 2021, conforme comunicado pela EDP ESP\u00cdRITO SANTO;<\/p>\n<p style=\"text-align: justify;\" align=\"justify\">RESOLVE:<\/p>\n<p style=\"text-align: justify;\" align=\"justify\"><strong>CONSIDERAR SUSPENSOS\u00a0<\/strong>o atendimento ao p\u00fablico e os prazos processuais na Comarca de \u00c1gua Doce do Norte na data de 03 de maio de 2021, ressalvando-se os atos que eventualmente puderam ser praticados.<\/p>\n<p style=\"text-align: justify;\" align=\"justify\">Publique-se.<\/p>\n<p style=\"text-align: justify;\" align=\"justify\">Vit\u00f3ria, 19 de agosto de 2021.<\/p>\n<p>&nbsp;<\/p>\n<p>&nbsp;<\/p>\n<p style=\"text-align: center;\" align=\"justify\">Desembargador RONALDO GON\u00c7ALVES DE SOUSA<\/p>\n<p style=\"text-align: center;\" align=\"justify\">Presidente &#8211; TJES<\/p>\n<p style=\"text-align: center;\" align=\"justify\"><strong>* Ato Normativo n\u00ba 043\/21 republicado por incorre\u00e7\u00e3o<\/strong><\/p>\n","protected":false},"excerpt":{"rendered":"<p>PODER JUDICI\u00c1RIO DO ESTADO DO ESP\u00cdRITO SANTO &#8211; PJES RUA DESEMBARGADOR HOMERO MAFRA,60 &#8211; Bairro ENSEADA DO SU\u00c1 &#8211; CEP 29050906 &#8211; Vit\u00f3ria &#8211; ES &#8211; www.tjes.jus.br ATO NORMATIVO N\u00ba 043\/2021 &nbsp; O Excelent\u00edssimo Senhor Desembargador Ronaldo Gon\u00e7alves de Sousa, Presidente do Egr\u00e9gio Tribunal de Justi\u00e7a do Estado do Esp\u00edrito Santo, no uso de suas [&hellip;]<\/p>\n","protected":false},"author":15,"featured_media":0,"comment_status":"closed","ping_status":"closed","sticky":false,"template":"","format":"standard","meta":{"footnotes":""},"categories":[4,14],"tags":[],"_links":{"self":[{"href":"https:\/\/www.tjes.jus.br\/corregedoria\/wp-json\/wp\/v2\/posts\/32542"}],"collection":[{"href":"https:\/\/www.tjes.jus.br\/corregedoria\/wp-json\/wp\/v2\/posts"}],"about":[{"href":"https:\/\/www.tjes.jus.br\/corregedoria\/wp-json\/wp\/v2\/types\/post"}],"author":[{"embeddable":true,"href":"https:\/\/www.tjes.jus.br\/corregedoria\/wp-json\/wp\/v2\/users\/15"}],"replies":[{"embeddable":true,"href":"https:\/\/www.tjes.jus.br\/corregedoria\/wp-json\/wp\/v2\/comments?post=32542"}],"version-history":[{"count":4,"href":"https:\/\/www.tjes.jus.br\/corregedoria\/wp-json\/wp\/v2\/posts\/32542\/revisions"}],"predecessor-version":[{"id":32546,"href":"https:\/\/www.tjes.jus.br\/corregedoria\/wp-json\/wp\/v2\/posts\/32542\/revisions\/32546"}],"wp:attachment":[{"href":"https:\/\/www.tjes.jus.br\/corregedoria\/wp-json\/wp\/v2\/media?parent=32542"}],"wp:term":[{"taxonomy":"category","embeddable":true,"href":"https:\/\/www.tjes.jus.br\/corregedoria\/wp-json\/wp\/v2\/categories?post=32542"},{"taxonomy":"post_tag","embeddable":true,"href":"https:\/\/www.tjes.jus.br\/corregedoria\/wp-json\/wp\/v2\/tags?post=32542"}],"curies":[{"name":"wp","href":"https:\/\/api.w.org\/{rel}","templated":true}]}}