{"id":32554,"date":"2021-08-20T13:36:51","date_gmt":"2021-08-20T16:36:51","guid":{"rendered":"https:\/\/www.tjes.jus.br\/corregedoria\/?p=32554"},"modified":"2021-08-20T13:36:51","modified_gmt":"2021-08-20T16:36:51","slug":"oficio-circular-cgjes-no-80-2021-disp-20-08-2021","status":"publish","type":"post","link":"https:\/\/www.tjes.jus.br\/corregedoria\/2021\/08\/20\/oficio-circular-cgjes-no-80-2021-disp-20-08-2021\/","title":{"rendered":"OF\u00cdCIO CIRCULAR CGJES N\u00ba 80\/2021 &#8211; DISP. 20\/08\/2021"},"content":{"rendered":"<div class=\"override-text\">\n<p class=\"Tabela_Texto_Centralizado\" style=\"text-align: center;\"><strong>PODER JUDICI\u00c1RIO DO ESTADO DO ESP\u00cdRITO SANTO &#8211; PJES<\/strong><\/p>\n<p class=\"Tabela_Texto_Centralizado\" style=\"text-align: center;\"><strong>RUA DESEMBARGADOR HOMERO MAFRA,60 &#8211; Bairro ENSEADA DO SU\u00c1 &#8211; CEP 29050906 &#8211; Vit\u00f3ria &#8211; ES &#8211; www.tjes.jus.br<br \/>\n<\/strong><\/p>\n<\/div>\n<p style=\"text-align: center;\">\n<p class=\"Texto_Centralizado_Maiusculas\" style=\"text-align: center;\"><strong>OF\u00cdCIO-CIRCULAR N\u00ba 80\/2021 &#8211; SECAO DE MONITORAMENTO DE FORO EXTRAJUDICIAL<\/strong><\/p>\n<p>&nbsp;<\/p>\n<p class=\"Texto_Alinhado_Direita\" style=\"text-align: justify;\">Vit\u00f3ria, 12 de agosto de 2021.<\/p>\n<p style=\"text-align: justify;\">\n<p style=\"text-align: justify;\" align=\"justify\">A Coordenadora de Monitoramento de Foro Judicial e Extrajudicial da Eg. Corregedoria Geral da Justi\u00e7a do Estado do Esp\u00edrito Santo, no uso de suas atribui\u00e7\u00f5es legais:<\/p>\n<p style=\"text-align: justify;\" align=\"justify\"><strong>CONSIDERANDO<\/strong>\u00a0que a Corregedoria Geral da Justi\u00e7a \u00e9 \u00f3rg\u00e3o de fiscaliza\u00e7\u00e3o, disciplina e orienta\u00e7\u00e3o administrativa, com circunscri\u00e7\u00e3o em todo o Estado, conforme art. 35 da Lei Complementar Estadual n.\u00ba 234\/2002 (COJES);<\/p>\n<p style=\"text-align: justify;\" align=\"justify\"><strong>CONSIDERANDO<\/strong>\u00a0o disposto no Provimento n\u00ba 52\/2021, desta Corregedoria Geral da Justi\u00e7a, que delegou a Coordenadora de Monitoramento de Foro Judicial e Extrajudicial a proceder, de of\u00edcio, a publica\u00e7\u00e3o de Of\u00edcio-Circular acerca da inutiliza\u00e7\u00e3o dos pap\u00e9is de seguran\u00e7a, deste e de outros Estados, noticiada pelas autoridades apostilantes por meio de certid\u00e3o, a fim de que seja dada ampla publicidade.<\/p>\n<p style=\"text-align: justify;\" align=\"justify\"><strong>CONSIDERANDO<\/strong>\u00a0o recebimento do comunicado enviado a esta Corregedoria por meio do Malote digital com c\u00f3digo de rastreabilidade n.\u00ba\u00a080820212597119, do\u00a0<strong>Cart\u00f3rio de Registro Civil das Pessoas F\u00edsicas e Jur\u00eddicas e Tabelionato de Notas da 1\u00aa Zona Judici\u00e1ria\u00a0da Comarca de Vit\u00f3ria\/ES<\/strong>\u00a0(documento SEI n\u00ba 0863687);<\/p>\n<p style=\"text-align: justify;\" align=\"justify\"><strong>CONSIDERANDO<\/strong>\u00a0que o referido comunicado informa sobre a inutiliza\u00e7\u00e3o de pap\u00e9is de seguran\u00e7a para o ato de aposi\u00e7\u00e3o de apostila, conforme consta em anexo.<\/p>\n<p style=\"text-align: justify;\" align=\"justify\"><strong>RECOMENDA<\/strong>\u00a0aos Ju\u00edzes de Direito Diretores dos Foros, Membros do Minist\u00e9rio P\u00fablico, Advogados, Not\u00e1rios e Registradores, Serventu\u00e1rios e a quem mais possa interessar, que observem os comunicados em anexo e adotem as provid\u00eancias que entenderem pertinentes.<\/p>\n<p style=\"text-align: justify;\" align=\"justify\">\n<strong>Publique-se.<\/strong><\/p>\n<p>&nbsp;<\/p>\n<p class=\"Tabela_Texto_Centralizado\" style=\"text-align: center;\">MAGALI BARBOSA DE OLIVEIRA<\/p>\n<p style=\"text-align: center;\" align=\"center\"><strong>Coordenadora de Monitoramento de Foro Judicial e Extrajudicial<\/strong><\/p>\n<p style=\"text-align: center;\"><a href=\"https:\/\/sistemas.tjes.jus.br\/ediario\/images\/80820212597119.pdf\">Anexo &#8211; Clique aqui<\/a><\/p>\n","protected":false},"excerpt":{"rendered":"<p>PODER JUDICI\u00c1RIO DO ESTADO DO ESP\u00cdRITO SANTO &#8211; PJES RUA DESEMBARGADOR HOMERO MAFRA,60 &#8211; Bairro ENSEADA DO SU\u00c1 &#8211; CEP 29050906 &#8211; Vit\u00f3ria &#8211; ES &#8211; www.tjes.jus.br OF\u00cdCIO-CIRCULAR N\u00ba 80\/2021 &#8211; SECAO DE MONITORAMENTO DE FORO EXTRAJUDICIAL &nbsp; Vit\u00f3ria, 12 de agosto de 2021. A Coordenadora de Monitoramento de Foro Judicial e Extrajudicial da Eg. [&hellip;]<\/p>\n","protected":false},"author":15,"featured_media":0,"comment_status":"closed","ping_status":"closed","sticky":false,"template":"","format":"standard","meta":{"footnotes":""},"categories":[14,5],"tags":[],"_links":{"self":[{"href":"https:\/\/www.tjes.jus.br\/corregedoria\/wp-json\/wp\/v2\/posts\/32554"}],"collection":[{"href":"https:\/\/www.tjes.jus.br\/corregedoria\/wp-json\/wp\/v2\/posts"}],"about":[{"href":"https:\/\/www.tjes.jus.br\/corregedoria\/wp-json\/wp\/v2\/types\/post"}],"author":[{"embeddable":true,"href":"https:\/\/www.tjes.jus.br\/corregedoria\/wp-json\/wp\/v2\/users\/15"}],"replies":[{"embeddable":true,"href":"https:\/\/www.tjes.jus.br\/corregedoria\/wp-json\/wp\/v2\/comments?post=32554"}],"version-history":[{"count":1,"href":"https:\/\/www.tjes.jus.br\/corregedoria\/wp-json\/wp\/v2\/posts\/32554\/revisions"}],"predecessor-version":[{"id":32555,"href":"https:\/\/www.tjes.jus.br\/corregedoria\/wp-json\/wp\/v2\/posts\/32554\/revisions\/32555"}],"wp:attachment":[{"href":"https:\/\/www.tjes.jus.br\/corregedoria\/wp-json\/wp\/v2\/media?parent=32554"}],"wp:term":[{"taxonomy":"category","embeddable":true,"href":"https:\/\/www.tjes.jus.br\/corregedoria\/wp-json\/wp\/v2\/categories?post=32554"},{"taxonomy":"post_tag","embeddable":true,"href":"https:\/\/www.tjes.jus.br\/corregedoria\/wp-json\/wp\/v2\/tags?post=32554"}],"curies":[{"name":"wp","href":"https:\/\/api.w.org\/{rel}","templated":true}]}}