{"id":32608,"date":"2021-08-25T13:22:56","date_gmt":"2021-08-25T16:22:56","guid":{"rendered":"https:\/\/www.tjes.jus.br\/corregedoria\/?p=32608"},"modified":"2021-08-25T13:24:02","modified_gmt":"2021-08-25T16:24:02","slug":"ato-normativo-no-074-2021-disp-25-08-2021","status":"publish","type":"post","link":"https:\/\/www.tjes.jus.br\/corregedoria\/2021\/08\/25\/ato-normativo-no-074-2021-disp-25-08-2021\/","title":{"rendered":"ATO NORMATIVO N\u00ba 074\/2021 &#8211; DISP. 25\/08\/2021"},"content":{"rendered":"<p style=\"text-align: center;\" align=\"center\">PODER JUDICI\u00c1RIO DO ESTADO DO ESP\u00cdRITO SANTO &#8211; PJES<\/p>\n<p style=\"text-align: center;\" align=\"center\">RUA DESEMBARGADOR HOMERO MAFRA,60 &#8211; Bairro ENSEADA DO SU\u00c1 &#8211; CEP 29050906 &#8211; Vit\u00f3ria &#8211; ES &#8211; www.tjes.jus.br<\/p>\n<p style=\"text-align: center;\" align=\"center\"><strong>ATO NORMATIVO N\u00ba 074 \/2021<\/strong><\/p>\n<p style=\"text-align: justify;\" align=\"justify\">O Excelent\u00edssimo Senhor Desembargador Ronaldo Gon\u00e7alves de Sousa, Presidente do Egr\u00e9gio Tribunal de Justi\u00e7a do Estado do Esp\u00edrito Santo, no uso de suas atribui\u00e7\u00f5es legais,<\/p>\n<p style=\"text-align: justify;\" align=\"justify\">CONSIDERANDO o teor do Processo SEI n\u00ba\u00a07000929-08.2021.8.08.0024, inciado por of\u00edcio encaminhado pelo Exmo. Sr. Dr. Julio Cesar Babilon, Juiz de Direito titular da 11\u00aa Vara C\u00edvel de Vit\u00f3ria\/ES, por meio do qual requer a suspens\u00e3o dos prazos processuais na referida unidade jurisdicional\u00a0nos dias 21, 22, 23 e 26 de julho de 2021, tendo em vista\u00a0situa\u00e7\u00e3o de contamina\u00e7\u00e3o por COVID-19 que acometeu servidores e estagi\u00e1rios.<\/p>\n<p style=\"text-align: justify;\" align=\"justify\">RESOLVE:<\/p>\n<p style=\"text-align: justify;\" align=\"justify\"><strong>SUSPENDER<\/strong>\u00a0os prazos processuais bem como do expediente presencial na\u00a0<strong>11\u00aa Vara C\u00edvel de Vit\u00f3ria\/ES<\/strong>\u00a0nos dias\u00a0<strong>21, 22, 23 e 26 de julho de 2021<\/strong>.<\/p>\n<p style=\"text-align: justify;\" align=\"justify\">Publique-se.<\/p>\n<p style=\"text-align: justify;\" align=\"justify\">Vit\u00f3ria\/ES, 23 de agosto de 2021.<\/p>\n<p>&nbsp;<\/p>\n<p>&nbsp;<\/p>\n<p style=\"text-align: center;\" align=\"justify\"><strong>Desembargador RONALDO GON\u00c7ALVES DE SOUSA<\/strong><\/p>\n<p style=\"text-align: center;\" align=\"justify\"><strong>Presidente do TJES<\/strong><\/p>\n","protected":false},"excerpt":{"rendered":"<p>PODER JUDICI\u00c1RIO DO ESTADO DO ESP\u00cdRITO SANTO &#8211; PJES RUA DESEMBARGADOR HOMERO MAFRA,60 &#8211; Bairro ENSEADA DO SU\u00c1 &#8211; CEP 29050906 &#8211; Vit\u00f3ria &#8211; ES &#8211; www.tjes.jus.br ATO NORMATIVO N\u00ba 074 \/2021 O Excelent\u00edssimo Senhor Desembargador Ronaldo Gon\u00e7alves de Sousa, Presidente do Egr\u00e9gio Tribunal de Justi\u00e7a do Estado do Esp\u00edrito Santo, no uso de suas [&hellip;]<\/p>\n","protected":false},"author":15,"featured_media":0,"comment_status":"closed","ping_status":"closed","sticky":false,"template":"","format":"standard","meta":{"footnotes":""},"categories":[4,14],"tags":[],"_links":{"self":[{"href":"https:\/\/www.tjes.jus.br\/corregedoria\/wp-json\/wp\/v2\/posts\/32608"}],"collection":[{"href":"https:\/\/www.tjes.jus.br\/corregedoria\/wp-json\/wp\/v2\/posts"}],"about":[{"href":"https:\/\/www.tjes.jus.br\/corregedoria\/wp-json\/wp\/v2\/types\/post"}],"author":[{"embeddable":true,"href":"https:\/\/www.tjes.jus.br\/corregedoria\/wp-json\/wp\/v2\/users\/15"}],"replies":[{"embeddable":true,"href":"https:\/\/www.tjes.jus.br\/corregedoria\/wp-json\/wp\/v2\/comments?post=32608"}],"version-history":[{"count":2,"href":"https:\/\/www.tjes.jus.br\/corregedoria\/wp-json\/wp\/v2\/posts\/32608\/revisions"}],"predecessor-version":[{"id":32613,"href":"https:\/\/www.tjes.jus.br\/corregedoria\/wp-json\/wp\/v2\/posts\/32608\/revisions\/32613"}],"wp:attachment":[{"href":"https:\/\/www.tjes.jus.br\/corregedoria\/wp-json\/wp\/v2\/media?parent=32608"}],"wp:term":[{"taxonomy":"category","embeddable":true,"href":"https:\/\/www.tjes.jus.br\/corregedoria\/wp-json\/wp\/v2\/categories?post=32608"},{"taxonomy":"post_tag","embeddable":true,"href":"https:\/\/www.tjes.jus.br\/corregedoria\/wp-json\/wp\/v2\/tags?post=32608"}],"curies":[{"name":"wp","href":"https:\/\/api.w.org\/{rel}","templated":true}]}}