{"id":32616,"date":"2021-08-25T13:29:58","date_gmt":"2021-08-25T16:29:58","guid":{"rendered":"https:\/\/www.tjes.jus.br\/corregedoria\/?p=32616"},"modified":"2021-08-25T13:29:58","modified_gmt":"2021-08-25T16:29:58","slug":"ato-no-19-2021-disp-25-08-2021","status":"publish","type":"post","link":"https:\/\/www.tjes.jus.br\/corregedoria\/2021\/08\/25\/ato-no-19-2021-disp-25-08-2021\/","title":{"rendered":"ATO N\u00ba\u00a019\/2021 &#8211; DISP. 25\/08\/2021"},"content":{"rendered":"<p style=\"text-align: center;\"><strong>CORREGEDORIA GERAL DA JUSTI\u00c7A<\/strong><\/p>\n<p style=\"text-align: center;\"><strong>PODER JUDICI\u00c1RIO<\/strong><\/p>\n<p style=\"text-align: center;\"><strong>ESTADO DO ESP\u00cdRITO SANTO<\/strong><\/p>\n<p style=\"text-align: center;\">\n<p style=\"text-align: center;\"><strong>ATO N\u00ba\u00a0<\/strong><strong>19<\/strong><strong>\/20<\/strong><strong>2<\/strong><strong>1<\/strong><\/p>\n<p style=\"text-align: justify;\">\n<p style=\"text-align: justify;\">O Desembargador NEY BATISTA COUTINHO, Corregedor-Geral da Justi\u00e7a do Estado do Esp\u00edrito Santo, no uso de suas atribui\u00e7\u00f5es legais e de acordo com r. Decis\u00e3o\/Of\u00edcio CMFE n\u00ba 0102\/2020 de fls 253\/259, proferida nos autos do Processo Administrativo Disciplinar n\u00ba 2018.00.242.537, desta Corregedoria Geral da Justi\u00e7a.<\/p>\n<p style=\"text-align: justify;\">\u00a0<strong>R<\/strong><strong>ESOLVE:<\/strong><\/p>\n<p style=\"text-align: justify;\"><strong>Aplicar<\/strong>\u00a0ao<strong>\u00a0Sr.\u00a0<\/strong><strong>Luciano Grilo<\/strong>, Delegat\u00e1rio Titular do Cart\u00f3rio de 3\u00ba Of\u00edcio, Comarca de Cachoeiro de Itapemirim\/ES, a pena de suspens\u00e3o pelo per\u00edodo de\u00a0<strong>90<\/strong><strong>\u00a0(<\/strong><strong>noventa<\/strong><strong>) dias<\/strong>, tudo de acordo com disposto no artigo 32, III, da Lei n\u00ba 8.935\/94. Durante o cumprimento da pena de suspens\u00e3o, dever\u00e1 a serventia ser gerida pelo seu substituto legal.<\/p>\n<p style=\"text-align: justify;\">Publique-se.<\/p>\n<p style=\"text-align: justify;\">Vit\u00f3ria-ES, 24 de agosto de 2021.<\/p>\n<p>&nbsp;<\/p>\n<p>&nbsp;<\/p>\n<p style=\"text-align: center;\"><strong>Desembargador<\/strong>\u00a0<strong>NEY BATISTA COUTINHO<\/strong><\/p>\n<p style=\"text-align: center;\"><strong>Corregedor-Geral da Justi\u00e7a<\/strong><\/p>\n","protected":false},"excerpt":{"rendered":"<p>CORREGEDORIA GERAL DA JUSTI\u00c7A PODER JUDICI\u00c1RIO ESTADO DO ESP\u00cdRITO SANTO ATO N\u00ba\u00a019\/2021 O Desembargador NEY BATISTA COUTINHO, Corregedor-Geral da Justi\u00e7a do Estado do Esp\u00edrito Santo, no uso de suas atribui\u00e7\u00f5es legais e de acordo com r. Decis\u00e3o\/Of\u00edcio CMFE n\u00ba 0102\/2020 de fls 253\/259, proferida nos autos do Processo Administrativo Disciplinar n\u00ba 2018.00.242.537, desta Corregedoria Geral [&hellip;]<\/p>\n","protected":false},"author":15,"featured_media":0,"comment_status":"closed","ping_status":"closed","sticky":false,"template":"","format":"standard","meta":{"footnotes":""},"categories":[18,14],"tags":[],"_links":{"self":[{"href":"https:\/\/www.tjes.jus.br\/corregedoria\/wp-json\/wp\/v2\/posts\/32616"}],"collection":[{"href":"https:\/\/www.tjes.jus.br\/corregedoria\/wp-json\/wp\/v2\/posts"}],"about":[{"href":"https:\/\/www.tjes.jus.br\/corregedoria\/wp-json\/wp\/v2\/types\/post"}],"author":[{"embeddable":true,"href":"https:\/\/www.tjes.jus.br\/corregedoria\/wp-json\/wp\/v2\/users\/15"}],"replies":[{"embeddable":true,"href":"https:\/\/www.tjes.jus.br\/corregedoria\/wp-json\/wp\/v2\/comments?post=32616"}],"version-history":[{"count":1,"href":"https:\/\/www.tjes.jus.br\/corregedoria\/wp-json\/wp\/v2\/posts\/32616\/revisions"}],"predecessor-version":[{"id":32617,"href":"https:\/\/www.tjes.jus.br\/corregedoria\/wp-json\/wp\/v2\/posts\/32616\/revisions\/32617"}],"wp:attachment":[{"href":"https:\/\/www.tjes.jus.br\/corregedoria\/wp-json\/wp\/v2\/media?parent=32616"}],"wp:term":[{"taxonomy":"category","embeddable":true,"href":"https:\/\/www.tjes.jus.br\/corregedoria\/wp-json\/wp\/v2\/categories?post=32616"},{"taxonomy":"post_tag","embeddable":true,"href":"https:\/\/www.tjes.jus.br\/corregedoria\/wp-json\/wp\/v2\/tags?post=32616"}],"curies":[{"name":"wp","href":"https:\/\/api.w.org\/{rel}","templated":true}]}}