{"id":32618,"date":"2021-08-25T13:30:40","date_gmt":"2021-08-25T16:30:40","guid":{"rendered":"https:\/\/www.tjes.jus.br\/corregedoria\/?p=32618"},"modified":"2021-08-25T13:30:40","modified_gmt":"2021-08-25T16:30:40","slug":"ato-no-20-2021-disp-25-08-2021","status":"publish","type":"post","link":"https:\/\/www.tjes.jus.br\/corregedoria\/2021\/08\/25\/ato-no-20-2021-disp-25-08-2021\/","title":{"rendered":"ATO N\u00ba 20\/2021 &#8211; DISP. 25\/08\/2021"},"content":{"rendered":"<p class=\"Texto_Centralizado\" style=\"text-align: center;\"><strong>ESTADO DO ESP\u00cdRITO SANTO<\/strong><\/p>\n<p class=\"Texto_Centralizado\" style=\"text-align: center;\"><strong>PODER JUDICI\u00c1RIO<\/strong><\/p>\n<p class=\"Texto_Centralizado\" style=\"text-align: center;\"><strong>CORREGEDORIA GERAL DA JUSTI\u00c7<\/strong><strong>A<\/strong><\/p>\n<p style=\"text-align: center;\">\n<p class=\"Texto_Centralizado_Maiusculas\" style=\"text-align: center;\"><strong>ATO N\u00ba\u00a0 20\/2021<\/strong><\/p>\n<p>&nbsp;<\/p>\n<p class=\"Texto_Justificado_Recuo_Primeira_Linha\" style=\"text-align: justify;\">O Excelent\u00edssimo Senhor Desembargador\u00a0NEY BATISTA COUTINHO, Corregedor-Geral da Justi\u00e7a, no uso de suas atribui\u00e7\u00f5es legais e de acordo com r. Decis\u00e3o\/Of\u00edcio 0724977, proferida nos autos do Processo Administrativo Disciplinar n\u00ba 7003905-31.2019.8.08.0000,\u00a0desta Corregedoria Geral da Justi\u00e7a,<\/p>\n<p style=\"text-align: justify;\"><strong>R<\/strong><strong>ESOLVE:<\/strong><\/p>\n<p class=\"Texto_Justificado_Recuo_Primeira_Linha\" style=\"text-align: justify;\"><strong>Aplicar<\/strong>\u00a0ao<strong>\u00a0Sr<\/strong><strong>.\u00a0<\/strong><strong>EDUARDO VOLNEY AMORIM<\/strong>, escrevente juramentado, Comarca de Vit\u00f3ria\/ES, a pena de suspens\u00e3o pelo per\u00edodo de<strong>\u00a060<\/strong><strong>\u00a0(sessenta<\/strong><strong>) dias<\/strong>, tudo de acordo com disposto no artigo 233, da Lei Complementar n\u00ba 46\/94.<\/p>\n<p class=\"Texto_Justificado_Recuo_Primeira_Linha\" style=\"text-align: justify;\">Publique-se.<\/p>\n<p class=\"Texto_Centralizado\" style=\"text-align: justify;\">Vit\u00f3ria-ES,\u00a024 de\u00a0agosto de\u00a02021.<\/p>\n<p style=\"text-align: justify;\">\n<p class=\"Texto_Centralizado_Maiusculas\" style=\"text-align: center;\"><strong>NEY BATISTA COUTINHO<\/strong><\/p>\n<p class=\"Texto_Centralizado\" style=\"text-align: center;\"><strong>Corregedor-Geral da Justi\u00e7a<\/strong><\/p>\n","protected":false},"excerpt":{"rendered":"<p>ESTADO DO ESP\u00cdRITO SANTO PODER JUDICI\u00c1RIO CORREGEDORIA GERAL DA JUSTI\u00c7A ATO N\u00ba\u00a0 20\/2021 &nbsp; O Excelent\u00edssimo Senhor Desembargador\u00a0NEY BATISTA COUTINHO, Corregedor-Geral da Justi\u00e7a, no uso de suas atribui\u00e7\u00f5es legais e de acordo com r. Decis\u00e3o\/Of\u00edcio 0724977, proferida nos autos do Processo Administrativo Disciplinar n\u00ba 7003905-31.2019.8.08.0000,\u00a0desta Corregedoria Geral da Justi\u00e7a, RESOLVE: Aplicar\u00a0ao\u00a0Sr.\u00a0EDUARDO VOLNEY AMORIM, escrevente juramentado, [&hellip;]<\/p>\n","protected":false},"author":15,"featured_media":0,"comment_status":"closed","ping_status":"closed","sticky":false,"template":"","format":"standard","meta":{"footnotes":""},"categories":[18,14],"tags":[],"_links":{"self":[{"href":"https:\/\/www.tjes.jus.br\/corregedoria\/wp-json\/wp\/v2\/posts\/32618"}],"collection":[{"href":"https:\/\/www.tjes.jus.br\/corregedoria\/wp-json\/wp\/v2\/posts"}],"about":[{"href":"https:\/\/www.tjes.jus.br\/corregedoria\/wp-json\/wp\/v2\/types\/post"}],"author":[{"embeddable":true,"href":"https:\/\/www.tjes.jus.br\/corregedoria\/wp-json\/wp\/v2\/users\/15"}],"replies":[{"embeddable":true,"href":"https:\/\/www.tjes.jus.br\/corregedoria\/wp-json\/wp\/v2\/comments?post=32618"}],"version-history":[{"count":1,"href":"https:\/\/www.tjes.jus.br\/corregedoria\/wp-json\/wp\/v2\/posts\/32618\/revisions"}],"predecessor-version":[{"id":32619,"href":"https:\/\/www.tjes.jus.br\/corregedoria\/wp-json\/wp\/v2\/posts\/32618\/revisions\/32619"}],"wp:attachment":[{"href":"https:\/\/www.tjes.jus.br\/corregedoria\/wp-json\/wp\/v2\/media?parent=32618"}],"wp:term":[{"taxonomy":"category","embeddable":true,"href":"https:\/\/www.tjes.jus.br\/corregedoria\/wp-json\/wp\/v2\/categories?post=32618"},{"taxonomy":"post_tag","embeddable":true,"href":"https:\/\/www.tjes.jus.br\/corregedoria\/wp-json\/wp\/v2\/tags?post=32618"}],"curies":[{"name":"wp","href":"https:\/\/api.w.org\/{rel}","templated":true}]}}