{"id":32623,"date":"2021-08-25T13:36:44","date_gmt":"2021-08-25T16:36:44","guid":{"rendered":"https:\/\/www.tjes.jus.br\/corregedoria\/?p=32623"},"modified":"2021-08-25T13:37:00","modified_gmt":"2021-08-25T16:37:00","slug":"ato-no-018-2021-disp-25-08-2021","status":"publish","type":"post","link":"https:\/\/www.tjes.jus.br\/corregedoria\/2021\/08\/25\/ato-no-018-2021-disp-25-08-2021\/","title":{"rendered":"ATO N\u00ba 018\/2021 &#8211; DISP. 25\/08\/2021"},"content":{"rendered":"<p style=\"text-align: center;\"><strong>ESTADO DO ESP\u00cdRITO SANTO<\/strong><\/p>\n<p style=\"text-align: center;\"><strong>PODER JUDICI\u00c1RIO<\/strong><\/p>\n<p style=\"text-align: center;\"><strong>CORREGEDORIA GERAL DA JUSTI\u00c7<\/strong><strong>A<\/strong><\/p>\n<p style=\"text-align: center;\"><strong>ATO N\u00ba\u00a0 \u00a0018\/2021<\/strong><\/p>\n<p>&nbsp;<\/p>\n<p style=\"text-align: justify;\">O Desembargador NEY BATISTA COUTINHO, Corregedor-Geral da Justi\u00e7a do Estado do Esp\u00edrito Santo, no uso de suas atribui\u00e7\u00f5es legais e de acordo com a r. Decis\u00e3o\/Of\u00edcio CMFJ N\u00ba 0018\/2021 \u2013 Processo SEI 0000822-60.2019.8.08.0022(2019.00.998.340), desta CorregedoriaGeral da Justi\u00e7a.<\/p>\n<p style=\"text-align: justify;\"><strong>RESOLVE:<\/strong><\/p>\n<p style=\"text-align: justify;\"><strong>Aplicar ao servidor\u00a0JOEDIR FRANCISCO DE SOUSA<\/strong>, Analista Judici\u00e1rio 01 &#8211; QS &#8211; Oficial de justi\u00e7a Avaliador da Diretoria do Foro da Comarca de Ibira\u00e7u\/ES, a pena de suspens\u00e3o pelo per\u00edodo de 30\u00a0<strong>(trinta) dias<\/strong>, com cancelamento autom\u00e1tico do pagamento da remunera\u00e7\u00e3o do servidor, referente a este per\u00edodo, tudo de acordo com o disposto no artigo 233, c\/c artigo 221, inciso X e artigo 231, inciso II, da Lei Complementar Estadual 46\/94.<\/p>\n<p style=\"text-align: justify;\">Publique-se<\/p>\n<p style=\"text-align: justify;\">Vit\u00f3ria-ES,\u00a019 de\u00a0agosto de\u00a02021.<\/p>\n<p>&nbsp;<\/p>\n<p>&nbsp;<\/p>\n<p>&nbsp;<\/p>\n<p style=\"text-align: center;\"><strong>Desembargador<\/strong>\u00a0<strong>NEY BATISTA COUTINHO<\/strong><\/p>\n<p style=\"text-align: center;\"><strong>Corregedor-Geral da Justi\u00e7a<\/strong><\/p>\n","protected":false},"excerpt":{"rendered":"<p>ESTADO DO ESP\u00cdRITO SANTO PODER JUDICI\u00c1RIO CORREGEDORIA GERAL DA JUSTI\u00c7A ATO N\u00ba\u00a0 \u00a0018\/2021 &nbsp; O Desembargador NEY BATISTA COUTINHO, Corregedor-Geral da Justi\u00e7a do Estado do Esp\u00edrito Santo, no uso de suas atribui\u00e7\u00f5es legais e de acordo com a r. Decis\u00e3o\/Of\u00edcio CMFJ N\u00ba 0018\/2021 \u2013 Processo SEI 0000822-60.2019.8.08.0022(2019.00.998.340), desta CorregedoriaGeral da Justi\u00e7a. RESOLVE: Aplicar ao servidor\u00a0JOEDIR [&hellip;]<\/p>\n","protected":false},"author":15,"featured_media":0,"comment_status":"closed","ping_status":"closed","sticky":false,"template":"","format":"standard","meta":{"footnotes":""},"categories":[18,14],"tags":[],"_links":{"self":[{"href":"https:\/\/www.tjes.jus.br\/corregedoria\/wp-json\/wp\/v2\/posts\/32623"}],"collection":[{"href":"https:\/\/www.tjes.jus.br\/corregedoria\/wp-json\/wp\/v2\/posts"}],"about":[{"href":"https:\/\/www.tjes.jus.br\/corregedoria\/wp-json\/wp\/v2\/types\/post"}],"author":[{"embeddable":true,"href":"https:\/\/www.tjes.jus.br\/corregedoria\/wp-json\/wp\/v2\/users\/15"}],"replies":[{"embeddable":true,"href":"https:\/\/www.tjes.jus.br\/corregedoria\/wp-json\/wp\/v2\/comments?post=32623"}],"version-history":[{"count":2,"href":"https:\/\/www.tjes.jus.br\/corregedoria\/wp-json\/wp\/v2\/posts\/32623\/revisions"}],"predecessor-version":[{"id":32625,"href":"https:\/\/www.tjes.jus.br\/corregedoria\/wp-json\/wp\/v2\/posts\/32623\/revisions\/32625"}],"wp:attachment":[{"href":"https:\/\/www.tjes.jus.br\/corregedoria\/wp-json\/wp\/v2\/media?parent=32623"}],"wp:term":[{"taxonomy":"category","embeddable":true,"href":"https:\/\/www.tjes.jus.br\/corregedoria\/wp-json\/wp\/v2\/categories?post=32623"},{"taxonomy":"post_tag","embeddable":true,"href":"https:\/\/www.tjes.jus.br\/corregedoria\/wp-json\/wp\/v2\/tags?post=32623"}],"curies":[{"name":"wp","href":"https:\/\/api.w.org\/{rel}","templated":true}]}}