{"id":32632,"date":"2021-08-25T13:45:02","date_gmt":"2021-08-25T16:45:02","guid":{"rendered":"https:\/\/www.tjes.jus.br\/corregedoria\/?p=32632"},"modified":"2021-08-25T13:45:02","modified_gmt":"2021-08-25T16:45:02","slug":"oficio-circular-no-89-2021-disp-25-08-2021","status":"publish","type":"post","link":"https:\/\/www.tjes.jus.br\/corregedoria\/2021\/08\/25\/oficio-circular-no-89-2021-disp-25-08-2021\/","title":{"rendered":"OF\u00cdCIO-CIRCULAR N\u00ba 89\/2021 &#8211; DISP. 25\/08\/2021"},"content":{"rendered":"<div class=\"override-text\">\n<p class=\"Tabela_Texto_Centralizado\" style=\"text-align: center;\"><strong>PODER JUDICI\u00c1RIO DO ESTADO DO ESP\u00cdRITO SANTO &#8211; PJES<\/strong><\/p>\n<p class=\"Tabela_Texto_Centralizado\" style=\"text-align: center;\"><strong>RUA DESEMBARGADOR HOMERO MAFRA,60 &#8211; Bairro ENSEADA DO SU\u00c1 &#8211; CEP 29050906 &#8211; Vit\u00f3ria &#8211; ES &#8211; www.tjes.jus.br<br \/>\n<\/strong><\/p>\n<\/div>\n<p style=\"text-align: center;\">\n<p class=\"Texto_Centralizado_Maiusculas\" style=\"text-align: center;\"><strong>OF\u00cdCIO-CIRCULAR N\u00ba 89\/2021 &#8211; SECAO DE MONITORAMENTO DE FORO EXTRAJUDICIAL<\/strong><\/p>\n<p>&nbsp;<\/p>\n<p class=\"Texto_Alinhado_Direita\" style=\"text-align: justify;\">Vit\u00f3ria, 23 de agosto de 2021.<\/p>\n<p style=\"text-align: justify;\">\n<p class=\"Texto_Justificado\" style=\"text-align: justify;\">A Coordenadora de Monitoramento de Foro Judicial e Extrajudicial da Eg. Corregedoria Geral\u00a0da Justi\u00e7a do Estado do Esp\u00edrito Santo, no uso de suas atribui\u00e7\u00f5es legais e,<\/p>\n<p class=\"Texto_Justificado\" style=\"text-align: justify;\"><strong>CONSIDERANDO<\/strong>\u00a0que a Corregedoria Geral da Justi\u00e7a \u00e9 \u00f3rg\u00e3o de fiscaliza\u00e7\u00e3o, disciplina e orienta\u00e7\u00e3o administrativa, com circunscri\u00e7\u00e3o em todo o Estado, conforme art. 35 da Lei Complementar Estadual n.\u00ba 234\/2002 (COJES);<\/p>\n<p class=\"Texto_Justificado\" style=\"text-align: justify;\"><strong>CONSIDERANDO<\/strong>\u00a0o previsto no Art. 1\u00ba do Provimento n\u00ba 052\/2021, disponibilizado no Di\u00e1rio Eletr\u00f4nico da Justi\u00e7a do dia 07 de maio de 2021;<\/p>\n<p class=\"Texto_Justificado\" style=\"text-align: justify;\"><strong>CONSIDERANDO<\/strong>\u00a0o recebimento do comunicado enviado a esta Corregedoria por meio do Malote digital com c\u00f3digo de rastreabilidade n.\u00ba\u00a0<strong>80920216889872\u200b\u200b\u200b<\/strong>,\u00a0da\u00a0Corregedoria Geral de Justi\u00e7a do Estado de Goi\u00e1s\u00a0(Documento SEI n\u00ba 0874163);<\/p>\n<p class=\"Texto_Justificado\" style=\"text-align: justify;\"><strong>CONSIDERANDO<\/strong>\u00a0que o referido comunicado informa sobre a inutiliza\u00e7\u00e3o de pap\u00e9is de seguran\u00e7a para o ato de aposi\u00e7\u00e3o de apostila de Haia no\u00a0<strong>Tabelionato de Notas de Protestos de T\u00edtulos, Tabelionato e Oficialato de Contratos Mar\u00edtimos da Comarca de Santa Cruz de Goi\u00e1s\/GO<\/strong>, conforme consta em anexo.<\/p>\n<p class=\"Texto_Justificado\" style=\"text-align: justify;\"><strong>RECOMENDA<\/strong>\u00a0aos Ju\u00edzes de Direito Diretores dos Foros, Membros do Minist\u00e9rio P\u00fablico, Advogados, Not\u00e1rios e Registradores, Serventu\u00e1rios e a quem mais possa interessar, que observem os comunicados em anexo e adotem as provid\u00eancias que entenderem pertinentes.<\/p>\n<p style=\"text-align: justify;\">\n<strong>Publique-se. Cumpra-se.<\/strong><\/p>\n<p style=\"text-align: justify;\">\n<p style=\"text-align: center;\" align=\"center\">MAGALI BARBOSA DE OLIVEIRA<\/p>\n<p style=\"text-align: center;\" align=\"center\"><strong>Coordenadora de Monitoramento de Foro Judicial e Extrajudicial<\/strong><\/p>\n<p style=\"text-align: center;\"><a href=\"https:\/\/sistemas.tjes.jus.br\/ediario\/images\/MD_80920216889872__TJGO.pdf\">Anexo &#8211; Clique aqui<\/a><\/p>\n","protected":false},"excerpt":{"rendered":"<p>PODER JUDICI\u00c1RIO DO ESTADO DO ESP\u00cdRITO SANTO &#8211; PJES RUA DESEMBARGADOR HOMERO MAFRA,60 &#8211; Bairro ENSEADA DO SU\u00c1 &#8211; CEP 29050906 &#8211; Vit\u00f3ria &#8211; ES &#8211; www.tjes.jus.br OF\u00cdCIO-CIRCULAR N\u00ba 89\/2021 &#8211; SECAO DE MONITORAMENTO DE FORO EXTRAJUDICIAL &nbsp; Vit\u00f3ria, 23 de agosto de 2021. A Coordenadora de Monitoramento de Foro Judicial e Extrajudicial da Eg. [&hellip;]<\/p>\n","protected":false},"author":15,"featured_media":0,"comment_status":"closed","ping_status":"closed","sticky":false,"template":"","format":"standard","meta":{"footnotes":""},"categories":[14,5],"tags":[],"_links":{"self":[{"href":"https:\/\/www.tjes.jus.br\/corregedoria\/wp-json\/wp\/v2\/posts\/32632"}],"collection":[{"href":"https:\/\/www.tjes.jus.br\/corregedoria\/wp-json\/wp\/v2\/posts"}],"about":[{"href":"https:\/\/www.tjes.jus.br\/corregedoria\/wp-json\/wp\/v2\/types\/post"}],"author":[{"embeddable":true,"href":"https:\/\/www.tjes.jus.br\/corregedoria\/wp-json\/wp\/v2\/users\/15"}],"replies":[{"embeddable":true,"href":"https:\/\/www.tjes.jus.br\/corregedoria\/wp-json\/wp\/v2\/comments?post=32632"}],"version-history":[{"count":1,"href":"https:\/\/www.tjes.jus.br\/corregedoria\/wp-json\/wp\/v2\/posts\/32632\/revisions"}],"predecessor-version":[{"id":32633,"href":"https:\/\/www.tjes.jus.br\/corregedoria\/wp-json\/wp\/v2\/posts\/32632\/revisions\/32633"}],"wp:attachment":[{"href":"https:\/\/www.tjes.jus.br\/corregedoria\/wp-json\/wp\/v2\/media?parent=32632"}],"wp:term":[{"taxonomy":"category","embeddable":true,"href":"https:\/\/www.tjes.jus.br\/corregedoria\/wp-json\/wp\/v2\/categories?post=32632"},{"taxonomy":"post_tag","embeddable":true,"href":"https:\/\/www.tjes.jus.br\/corregedoria\/wp-json\/wp\/v2\/tags?post=32632"}],"curies":[{"name":"wp","href":"https:\/\/api.w.org\/{rel}","templated":true}]}}