{"id":32646,"date":"2021-08-27T15:03:42","date_gmt":"2021-08-27T18:03:42","guid":{"rendered":"https:\/\/www.tjes.jus.br\/corregedoria\/?p=32646"},"modified":"2021-08-27T15:10:21","modified_gmt":"2021-08-27T18:10:21","slug":"provimento-conjunto-no-2-2020-disp-27-08-2021","status":"publish","type":"post","link":"https:\/\/www.tjes.jus.br\/corregedoria\/2021\/08\/27\/provimento-conjunto-no-2-2020-disp-27-08-2021\/","title":{"rendered":"PROVIMENTO CONJUNTO N\u00ba 2\/2020 \u2013 DISP. 27\/08\/2021"},"content":{"rendered":"<p align=\"center\"><strong>PODER JUDICI\u00c1RIO DO ESTADO DO ESP\u00cdRITO SANTO &#8211; PJES<\/strong><\/p>\n<p align=\"center\"><strong>CORREGEDORIA GERAL DA\u00a0JUSTI\u00c7A<\/strong><\/p>\n<p>&nbsp;<\/p>\n<p align=\"center\"><strong>PROVIMENTO CONJUNTO N\u00ba 2 \/2021<\/strong><\/p>\n<p>&nbsp;<\/p>\n<p>&nbsp;<\/p>\n<p style=\"text-align: justify;\" align=\"justify\">Disp\u00f5e sobre a prorroga\u00e7\u00e3o do prazo de vig\u00eancia do<a href=\"https:\/\/www.tjes.jus.br\/corregedoria\/2021\/08\/27\/provimento-conjunto-no-1-2020-disp-12-07-2021\/\"> Provimento Conjunto n\u00ba 1\/2021<\/a>, da Presid\u00eancia do Tribunal de Justi\u00e7a e da Corregedoria Geral da Justi\u00e7a.<\/p>\n<p style=\"text-align: justify;\" align=\"justify\">O\u00a0<strong>PRESIDENTE DO EGR\u00c9GIO TRIBUNAL DE JUSTI\u00c7A DO ESTADO DO ESP\u00cdRITO SANTO<\/strong>\u00a0e o\u00a0<strong>CORREGEDOR GERAL DA JUSTI\u00c7A DO ESTADO DO ESP\u00cdRITO SANTO<\/strong>, no uso de suas atribui\u00e7\u00f5es legais,<\/p>\n<p style=\"text-align: justify;\" align=\"justify\"><strong>CONSIDERANDO\u00a0<\/strong>que o art. 37,\u00a0<em>caput<\/em>, da Constitui\u00e7\u00e3o Federal imp\u00f5e aos servidores p\u00fablicos a estrita observ\u00e2ncia dos princ\u00edpios da legalidade, impessoalidade, moralidade, publicidade e efici\u00eancia;<\/p>\n<p style=\"text-align: justify;\" align=\"justify\"><strong>CONSIDERANDO\u00a0<\/strong>a necessidade de assegurar maior celeridade e efic\u00e1cia, com controle mais r\u00edgido dos prazos, nas sindic\u00e2ncias e nos procedimentos administrativos disciplinares instaurados contra servidores p\u00fablicos e delegat\u00e1rios no \u00e2mbito do Poder Judici\u00e1rio;<\/p>\n<p style=\"text-align: justify;\" align=\"justify\"><strong>CONSIDERANDO\u00a0<\/strong>que a comiss\u00e3o disciplinar constitu\u00edda posteriormente ao fato ensejador n\u00e3o se harmoniza com o princ\u00edpio constitucional do juiz natural, que prev\u00ea que a autoridade para processar e julgar deve ser definida anteriormente ao fato objeto do processo;<\/p>\n<p style=\"text-align: justify;\" align=\"justify\"><strong>CONSIDERANDO\u00a0<\/strong>que\u00a0at\u00e9 a presente data o <a href=\"https:\/\/www.tjes.jus.br\/corregedoria\/2021\/08\/27\/provimento-conjunto-no-1-2020-disp-12-07-2021\/\">Provimento Conjunto n\u00ba 1\/2021<\/a> ainda exige a ado\u00e7\u00e3o de medidas visando \u00e0 completa implementa\u00e7\u00e3o;<\/p>\n<p style=\"text-align: justify;\" align=\"justify\"><strong>RESOLVEM:<\/strong><\/p>\n<p style=\"text-align: justify;\" align=\"justify\"><strong>Art. 1\u00ba \u2013\u00a0<\/strong>Prorrogar para o dia 15 de dezembro de 2021 o prazo de vig\u00eancia do <a href=\"https:\/\/www.tjes.jus.br\/corregedoria\/2021\/08\/27\/provimento-conjunto-no-1-2020-disp-12-07-2021\/\">Provimento Conjunto n\u00ba 1\/2021<\/a>, da\u00a0Presid\u00eancia do Tribunal de Justi\u00e7a e da Corregedoria Geral da Justi\u00e7a.<\/p>\n<p>&nbsp;<\/p>\n<p align=\"justify\"><strong>Publique-se.<\/strong><\/p>\n<p>&nbsp;<\/p>\n<p style=\"text-align: left;\" align=\"center\">Vit\u00f3ria (ES), 18 de agosto de 2021.<\/p>\n<p>&nbsp;<\/p>\n<p>&nbsp;<\/p>\n<p align=\"center\"><strong>DES. RONALDO GON\u00c7ALVES DE SOUSA<\/strong><br \/>\nPresidente do Tribunal de Justi\u00e7a<\/p>\n<p>&nbsp;<\/p>\n<p>&nbsp;<\/p>\n<p align=\"center\"><strong>DES. NEY BATISTA COUTINHO<\/strong><\/p>\n<p align=\"center\">Corregedor Geral da Justi\u00e7a<\/p>\n<p>&nbsp;<\/p>\n","protected":false},"excerpt":{"rendered":"<p>PODER JUDICI\u00c1RIO DO ESTADO DO ESP\u00cdRITO SANTO &#8211; PJES CORREGEDORIA GERAL DA\u00a0JUSTI\u00c7A &nbsp; PROVIMENTO CONJUNTO N\u00ba 2 \/2021 &nbsp; &nbsp; Disp\u00f5e sobre a prorroga\u00e7\u00e3o do prazo de vig\u00eancia do Provimento Conjunto n\u00ba 1\/2021, da Presid\u00eancia do Tribunal de Justi\u00e7a e da Corregedoria Geral da Justi\u00e7a. O\u00a0PRESIDENTE DO EGR\u00c9GIO TRIBUNAL DE JUSTI\u00c7A DO ESTADO DO ESP\u00cdRITO [&hellip;]<\/p>\n","protected":false},"author":8,"featured_media":0,"comment_status":"closed","ping_status":"closed","sticky":false,"template":"","format":"standard","meta":{"footnotes":""},"categories":[14,16],"tags":[],"_links":{"self":[{"href":"https:\/\/www.tjes.jus.br\/corregedoria\/wp-json\/wp\/v2\/posts\/32646"}],"collection":[{"href":"https:\/\/www.tjes.jus.br\/corregedoria\/wp-json\/wp\/v2\/posts"}],"about":[{"href":"https:\/\/www.tjes.jus.br\/corregedoria\/wp-json\/wp\/v2\/types\/post"}],"author":[{"embeddable":true,"href":"https:\/\/www.tjes.jus.br\/corregedoria\/wp-json\/wp\/v2\/users\/8"}],"replies":[{"embeddable":true,"href":"https:\/\/www.tjes.jus.br\/corregedoria\/wp-json\/wp\/v2\/comments?post=32646"}],"version-history":[{"count":2,"href":"https:\/\/www.tjes.jus.br\/corregedoria\/wp-json\/wp\/v2\/posts\/32646\/revisions"}],"predecessor-version":[{"id":32649,"href":"https:\/\/www.tjes.jus.br\/corregedoria\/wp-json\/wp\/v2\/posts\/32646\/revisions\/32649"}],"wp:attachment":[{"href":"https:\/\/www.tjes.jus.br\/corregedoria\/wp-json\/wp\/v2\/media?parent=32646"}],"wp:term":[{"taxonomy":"category","embeddable":true,"href":"https:\/\/www.tjes.jus.br\/corregedoria\/wp-json\/wp\/v2\/categories?post=32646"},{"taxonomy":"post_tag","embeddable":true,"href":"https:\/\/www.tjes.jus.br\/corregedoria\/wp-json\/wp\/v2\/tags?post=32646"}],"curies":[{"name":"wp","href":"https:\/\/api.w.org\/{rel}","templated":true}]}}