{"id":32717,"date":"2021-09-15T13:55:04","date_gmt":"2021-09-15T16:55:04","guid":{"rendered":"https:\/\/www.tjes.jus.br\/corregedoria\/?p=32717"},"modified":"2021-09-15T13:55:04","modified_gmt":"2021-09-15T16:55:04","slug":"ato-no-022-2021-disp-15-09-2021","status":"publish","type":"post","link":"https:\/\/www.tjes.jus.br\/corregedoria\/2021\/09\/15\/ato-no-022-2021-disp-15-09-2021\/","title":{"rendered":"ATO N\u00ba 022\/2021 &#8211; DISP. 15\/09\/2021"},"content":{"rendered":"<p style=\"text-align: center;\"><strong>ESTADO DO ESP\u00cdRITO SANTO<\/strong><\/p>\n<p style=\"text-align: center;\"><strong>PODER JUDICI\u00c1RIO<\/strong><\/p>\n<p style=\"text-align: center;\"><strong>CORREGEDORIA GERAL DA JUSTI\u00c7<\/strong><strong>A<\/strong><\/p>\n<p style=\"text-align: center;\">\n<p style=\"text-align: center;\"><strong>ATO N\u00ba 022\/2021<\/strong><\/p>\n<p style=\"text-align: justify;\">\n<p style=\"text-align: justify;\">O Desembargador NEY BATISTA COUTINHO, Corregedor-Geral da Justi\u00e7a do Estado do Esp\u00edrito Santo, no uso de suas atribui\u00e7\u00f5es legais e de acordo com a r. Decis\u00e3o\/Of\u00edcio 0831178 \u2013 Processo SEI 7000530-51.2021.8.08.0000 , desta Corregedoria-Geral da Justi\u00e7a.<\/p>\n<p style=\"text-align: justify;\">\n<p style=\"text-align: justify;\"><strong>RESOLVE:<\/strong><\/p>\n<p style=\"text-align: justify;\">\n<p style=\"text-align: justify;\"><strong>Aplicar a\u00a0servidora\u00a0SIMONE MARTINS TOGNERI<\/strong>, Analista Judici\u00e1rio 01 &#8211; QS &#8211; Escrevente Juramentado da Contadoria do Foro da Comarca de Rio Novo do Sul\/ES, a pena de suspens\u00e3o pelo per\u00edodo de 30\u00a0<strong>(trinta) dias<\/strong>, com cancelamento autom\u00e1tico do pagamento da remunera\u00e7\u00e3o do servidor, referente a este per\u00edodo, tudo de acordo com o disposto no artigo 231, II c\/c art. 244,II, ambos da Lei Complementar Estadual 46\/94.<\/p>\n<p style=\"text-align: justify;\">\n<p style=\"text-align: justify;\">Publique-se.<\/p>\n<p style=\"text-align: justify;\">\n<p style=\"text-align: justify;\">Vit\u00f3ria-ES,\u00a013 de\u00a0setembro de\u00a02021.<\/p>\n<p style=\"text-align: justify;\">\n<p>&nbsp;<\/p>\n<p>&nbsp;<\/p>\n<p style=\"text-align: center;\"><strong>Desembargador NEY BATISTA COUTINHO<\/strong><\/p>\n<p style=\"text-align: center;\"><strong>Corregedor-Geral da Justi\u00e7a<\/strong><\/p>\n","protected":false},"excerpt":{"rendered":"<p>ESTADO DO ESP\u00cdRITO SANTO PODER JUDICI\u00c1RIO CORREGEDORIA GERAL DA JUSTI\u00c7A ATO N\u00ba 022\/2021 O Desembargador NEY BATISTA COUTINHO, Corregedor-Geral da Justi\u00e7a do Estado do Esp\u00edrito Santo, no uso de suas atribui\u00e7\u00f5es legais e de acordo com a r. Decis\u00e3o\/Of\u00edcio 0831178 \u2013 Processo SEI 7000530-51.2021.8.08.0000 , desta Corregedoria-Geral da Justi\u00e7a. RESOLVE: Aplicar a\u00a0servidora\u00a0SIMONE MARTINS TOGNERI, Analista [&hellip;]<\/p>\n","protected":false},"author":15,"featured_media":0,"comment_status":"closed","ping_status":"closed","sticky":false,"template":"","format":"standard","meta":{"footnotes":""},"categories":[18,14],"tags":[],"_links":{"self":[{"href":"https:\/\/www.tjes.jus.br\/corregedoria\/wp-json\/wp\/v2\/posts\/32717"}],"collection":[{"href":"https:\/\/www.tjes.jus.br\/corregedoria\/wp-json\/wp\/v2\/posts"}],"about":[{"href":"https:\/\/www.tjes.jus.br\/corregedoria\/wp-json\/wp\/v2\/types\/post"}],"author":[{"embeddable":true,"href":"https:\/\/www.tjes.jus.br\/corregedoria\/wp-json\/wp\/v2\/users\/15"}],"replies":[{"embeddable":true,"href":"https:\/\/www.tjes.jus.br\/corregedoria\/wp-json\/wp\/v2\/comments?post=32717"}],"version-history":[{"count":1,"href":"https:\/\/www.tjes.jus.br\/corregedoria\/wp-json\/wp\/v2\/posts\/32717\/revisions"}],"predecessor-version":[{"id":32718,"href":"https:\/\/www.tjes.jus.br\/corregedoria\/wp-json\/wp\/v2\/posts\/32717\/revisions\/32718"}],"wp:attachment":[{"href":"https:\/\/www.tjes.jus.br\/corregedoria\/wp-json\/wp\/v2\/media?parent=32717"}],"wp:term":[{"taxonomy":"category","embeddable":true,"href":"https:\/\/www.tjes.jus.br\/corregedoria\/wp-json\/wp\/v2\/categories?post=32717"},{"taxonomy":"post_tag","embeddable":true,"href":"https:\/\/www.tjes.jus.br\/corregedoria\/wp-json\/wp\/v2\/tags?post=32717"}],"curies":[{"name":"wp","href":"https:\/\/api.w.org\/{rel}","templated":true}]}}