{"id":32809,"date":"2021-09-30T13:25:36","date_gmt":"2021-09-30T16:25:36","guid":{"rendered":"https:\/\/www.tjes.jus.br\/corregedoria\/?p=32809"},"modified":"2021-09-30T13:27:46","modified_gmt":"2021-09-30T16:27:46","slug":"oficio-circular-no-116-2021-disp-30-09-2021","status":"publish","type":"post","link":"https:\/\/www.tjes.jus.br\/corregedoria\/2021\/09\/30\/oficio-circular-no-116-2021-disp-30-09-2021\/","title":{"rendered":"OF\u00cdCIO CIRCULAR N\u00ba 116\/2021 &#8211; DISP. 30\/09\/2021"},"content":{"rendered":"<p style=\"text-align: center;\" align=\"center\"><strong>PODER JUDICI\u00c1RIO DO ESTADO DO ESP\u00cdRITO SANTO &#8211; PJES<\/strong><\/p>\n<p style=\"text-align: center;\" align=\"center\"><strong>RUA DESEMBARGADOR HOMERO MAFRA,60 &#8211; Bairro ENSEADA DO SU\u00c1 &#8211; CEP 29050906 &#8211; Vit\u00f3ria &#8211; ES &#8211; www.tjes.jus.br<\/strong><\/p>\n<p style=\"text-align: center;\" align=\"center\"><strong>OF\u00cdCIO-CIRCULAR N\u00ba 116\/2021 &#8211; SECAO DE MONITORAMENTO DE FORO EXTRAJUDICIAL<\/strong><\/p>\n<p>&nbsp;<\/p>\n<p style=\"text-align: justify;\" align=\"right\">Vit\u00f3ria, 23 de setembro de 2021.<\/p>\n<p style=\"text-align: justify;\" align=\"justify\">De ordem do\u00a0Exmo. Sr. Desembargador Corregedor-Geral da Justi\u00e7a do Estado do Esp\u00edrito Santo, no uso de suas atribui\u00e7\u00f5es legais e,<\/p>\n<p style=\"text-align: justify;\" align=\"justify\"><strong>CONSIDERANDO<\/strong>\u00a0que a Corregedoria Geral da Justi\u00e7a \u00e9 \u00f3rg\u00e3o de fiscaliza\u00e7\u00e3o, disciplina e orienta\u00e7\u00e3o administrativa, com circunscri\u00e7\u00e3o em todo o Estado, conforme art. 35 da Lei Complementar Estadual n\u00ba 234\/2002 (COJES);<\/p>\n<p style=\"text-align: justify;\" align=\"justify\"><strong>CONSIDERANDO<\/strong>\u00a0o previsto no Art. 1\u00ba do Provimento n\u00ba 052\/2021, disponibilizado no Di\u00e1rio Eletr\u00f4nico da Justi\u00e7a do dia 07 de maio de 2021;<\/p>\n<p style=\"text-align: justify;\" align=\"justify\"><strong>CONSIDERANDO<\/strong>\u00a0o recebimento do malote digital n\u00ba 81420211551746, referente ao Processo n\u00ba\u00a00003400-97.2021.2.00.0814,\u00a0enviado pela Corregedoria-Geral da Justi\u00e7a do Estado de Goi\u00e1s;<\/p>\n<p style=\"text-align: justify;\" align=\"justify\"><strong>CONSIDERANDO<\/strong>\u00a0que a referida comunica\u00e7\u00e3o trata-se de PEDIDO DE PROVID\u00caNCIAS autuado a partir da correspond\u00eancia encaminhada pelo \u00daNICO OFICIO DE S\u00c3O FELIX DO XINGU, cujo teor explicita a tentativa de fraude documental, com utiliza\u00e7\u00e3o de selo aposto em reconhecimento de firma, conforme documentos anexados.<\/p>\n<p style=\"text-align: justify;\" align=\"justify\"><strong>CONSIDERANDO<\/strong>\u00a0que a referida Serventia j\u00e1 procedeu o registro da ocorr\u00eancia junto a Policia Civil do Estado do Par\u00e1, conforme Boletim de Ocorr\u00eancia em anexo.<\/p>\n<p style=\"text-align: justify;\" align=\"justify\"><strong>RECOMENDO<\/strong>\u00a0aos Ju\u00edzes de Direito Diretores dos F\u00f3runs, Membros do Minist\u00e9rio P\u00fablico, Advogados, Not\u00e1rios e Registradores, Serventu\u00e1rios e a quem mais possa\u00a0interessar, que observem o comunicado em anexo, e adotem as provid\u00eancias que entenderem pertinentes.<\/p>\n<p style=\"text-align: justify;\" align=\"justify\"><strong>Publique-se. Cumpra-se.<\/strong><\/p>\n<p>&nbsp;<\/p>\n<p>&nbsp;<\/p>\n<p style=\"text-align: center;\" align=\"center\"><strong>MAGALI BARBOSA DE OLIVEIRA<\/strong><\/p>\n<p style=\"text-align: center;\" align=\"center\"><strong>Coordenadora\u00a0de Monitoramento do Foro Judicial e Extrajudicial<\/strong><\/p>\n<p style=\"text-align: center;\"><strong><a href=\"https:\/\/sistemas.tjes.jus.br\/ediario\/images\/ANEXO_OFICIO_DA_CORREGEDORIA_116.pdf\">ANEXO &#8211; CLIQUE AQUI<\/a><\/strong><\/p>\n","protected":false},"excerpt":{"rendered":"<p>PODER JUDICI\u00c1RIO DO ESTADO DO ESP\u00cdRITO SANTO &#8211; PJES RUA DESEMBARGADOR HOMERO MAFRA,60 &#8211; Bairro ENSEADA DO SU\u00c1 &#8211; CEP 29050906 &#8211; Vit\u00f3ria &#8211; ES &#8211; www.tjes.jus.br OF\u00cdCIO-CIRCULAR N\u00ba 116\/2021 &#8211; SECAO DE MONITORAMENTO DE FORO EXTRAJUDICIAL &nbsp; Vit\u00f3ria, 23 de setembro de 2021. De ordem do\u00a0Exmo. Sr. Desembargador Corregedor-Geral da Justi\u00e7a do Estado do [&hellip;]<\/p>\n","protected":false},"author":15,"featured_media":0,"comment_status":"closed","ping_status":"closed","sticky":false,"template":"","format":"standard","meta":{"footnotes":""},"categories":[14,5],"tags":[],"_links":{"self":[{"href":"https:\/\/www.tjes.jus.br\/corregedoria\/wp-json\/wp\/v2\/posts\/32809"}],"collection":[{"href":"https:\/\/www.tjes.jus.br\/corregedoria\/wp-json\/wp\/v2\/posts"}],"about":[{"href":"https:\/\/www.tjes.jus.br\/corregedoria\/wp-json\/wp\/v2\/types\/post"}],"author":[{"embeddable":true,"href":"https:\/\/www.tjes.jus.br\/corregedoria\/wp-json\/wp\/v2\/users\/15"}],"replies":[{"embeddable":true,"href":"https:\/\/www.tjes.jus.br\/corregedoria\/wp-json\/wp\/v2\/comments?post=32809"}],"version-history":[{"count":2,"href":"https:\/\/www.tjes.jus.br\/corregedoria\/wp-json\/wp\/v2\/posts\/32809\/revisions"}],"predecessor-version":[{"id":32811,"href":"https:\/\/www.tjes.jus.br\/corregedoria\/wp-json\/wp\/v2\/posts\/32809\/revisions\/32811"}],"wp:attachment":[{"href":"https:\/\/www.tjes.jus.br\/corregedoria\/wp-json\/wp\/v2\/media?parent=32809"}],"wp:term":[{"taxonomy":"category","embeddable":true,"href":"https:\/\/www.tjes.jus.br\/corregedoria\/wp-json\/wp\/v2\/categories?post=32809"},{"taxonomy":"post_tag","embeddable":true,"href":"https:\/\/www.tjes.jus.br\/corregedoria\/wp-json\/wp\/v2\/tags?post=32809"}],"curies":[{"name":"wp","href":"https:\/\/api.w.org\/{rel}","templated":true}]}}