{"id":32835,"date":"2021-10-07T14:11:12","date_gmt":"2021-10-07T17:11:12","guid":{"rendered":"https:\/\/www.tjes.jus.br\/corregedoria\/?p=32835"},"modified":"2021-10-07T14:11:12","modified_gmt":"2021-10-07T17:11:12","slug":"ato-normativo-no-092-2021-disp-07-10-2021","status":"publish","type":"post","link":"https:\/\/www.tjes.jus.br\/corregedoria\/2021\/10\/07\/ato-normativo-no-092-2021-disp-07-10-2021\/","title":{"rendered":"ATO NORMATIVO N\u00ba 092\/2021 &#8211; DISP. 07\/10\/2021"},"content":{"rendered":"<p style=\"text-align: center;\" align=\"center\">ESTADO DO ESP\u00cdRITO SANTO<\/p>\n<p style=\"text-align: center;\" align=\"center\">PODER JUDICI\u00c1RIO<\/p>\n<p style=\"text-align: center;\">\n<p style=\"text-align: center;\" align=\"center\"><strong>ATO NORMATIVO n\u00ba 092\/2021<\/strong><\/p>\n<p>&nbsp;<\/p>\n<p style=\"text-align: justify;\" align=\"justify\">O EXCELENT\u00cdSSIMO SENHOR DESEMBARGADOR RONALDO GON\u00c7ALVES DE SOUSA, PRESIDENTE DO EGR\u00c9GIO TRIBUNAL DE JUSTI\u00c7A DO ESTADO DO ESP\u00cdRITO SANTO, no uso de suas atribui\u00e7\u00f5es legais,<\/p>\n<p style=\"text-align: justify;\">\n<p style=\"text-align: justify;\" align=\"justify\">CONSIDERANDO\u00a0a edital do Ato Normativo n. 115\/2020, que disp\u00f4s sobre a ades\u00e3o do Tribunal de Justi\u00e7a do Estado do Esp\u00edrito Santo ao Ju\u00edzo 100% Digital, conforme Resolu\u00e7\u00e3o n\u00ba 345, de 9 de outubro de 2020, do Conselho Nacional de Justi\u00e7a;<\/p>\n<p style=\"text-align: justify;\">\n<p style=\"text-align: justify;\" align=\"justify\">CONSIDERANDO\u00a0a\u00a0<em>expertise\u00a0<\/em>alcan\u00e7ada com a ado\u00e7\u00e3o do projeto-piloto previsto no art. 3\u00ba do Ato Normativo n. 115\/2020;<\/p>\n<p style=\"text-align: justify;\">\n<p style=\"text-align: justify;\" align=\"justify\">CONSIDERANDO\u00a0a expans\u00e3o na implanta\u00e7\u00e3o do sistema Processo Judicial Eletr\u00f4nico nas unidades judici\u00e1rias de compet\u00eancia C\u00edvel do Poder Judici\u00e1rio Estadual;<\/p>\n<p style=\"text-align: justify;\">\n<p style=\"text-align: justify;\" align=\"justify\">CONSIDERANDO\u00a0a aquisi\u00e7\u00e3o de equipamentos de videoconfer\u00eancia adequados para a realiza\u00e7\u00e3o de atos processuais e atendimento aos jurisdicionados;<\/p>\n<p style=\"text-align: justify;\">\n<p style=\"text-align: justify;\" align=\"justify\">RESOLVE:<\/p>\n<p style=\"text-align: justify;\">\n<p style=\"text-align: justify;\" align=\"justify\"><strong>Art. 1\u00ba.<\/strong>\u00a0DETERMINAR\u00a0aos Magistrados gestores de unidades judici\u00e1rias digitais ou h\u00edbridas\u00a0e interessados na implanta\u00e7\u00e3o do Ju\u00edzo 100% Digital que manifestem interesse na participa\u00e7\u00e3o da segunda etapa de expans\u00e3o do projeto.<\/p>\n<p style=\"text-align: justify;\">\n<p style=\"text-align: justify;\" align=\"justify\"><strong>Art.<\/strong>\u00a0<strong>2<\/strong><strong>\u00ba.<\/strong>\u00a0<strong>A manifesta\u00e7\u00e3o do interesse deve ser encaminhada \u00e0 Presid\u00eancia do Tribunal de Justi\u00e7a do Estado do Esp\u00edrito Santo exclusivamente pelo SEI n.\u00a0<\/strong><strong><span lang=\"pt-BR\">7006222-31.2021.8.08.0000,\u00a0<\/span><\/strong><strong><span lang=\"pt-BR\">sob pena de n\u00e3o inclus\u00e3o da unidade na programa\u00e7\u00e3o de implanta\u00e7\u00e3o do projeto<\/span><\/strong><strong><span lang=\"pt-BR\">.<\/span><\/strong><\/p>\n<p style=\"text-align: justify;\">\n<p style=\"text-align: justify;\" align=\"justify\"><strong><span lang=\"pt-BR\">Art. 3\u00ba.<\/span><\/strong><span lang=\"pt-BR\">\u00a0<\/span><strong><span lang=\"pt-BR\">O prazo para manifesta\u00e7\u00e3o \u00e9 de 05 (cinco) dias a partir data de publica\u00e7\u00e3o deste ato.<\/span><\/strong><\/p>\n<p style=\"text-align: justify;\">\n<p style=\"text-align: justify;\" align=\"justify\"><strong><span lang=\"zxx\">Art. 4\u00ba.\u00a0<\/span><\/strong><strong><span lang=\"zxx\">Decorrido o prazo de manifesta\u00e7\u00e3o, a Presid\u00eancia publicar\u00e1 Ato indicando as unidades judici\u00e1rias participantes.<\/span><\/strong><\/p>\n<p style=\"text-align: justify;\">\n<p style=\"text-align: justify;\" align=\"justify\"><span lang=\"zxx\"><strong>Art.\u00a0<\/strong><\/span><span lang=\"zxx\"><strong>5\u00ba<\/strong><\/span><span lang=\"zxx\"><strong>.\u00a0<\/strong><\/span><span lang=\"zxx\">Este Ato Normativo entra em vigor na data de sua publica\u00e7\u00e3o.<\/span><\/p>\n<p style=\"text-align: justify;\">\n<p style=\"text-align: justify;\" align=\"justify\">Publique-se.<\/p>\n<p style=\"text-align: justify;\">\n<p style=\"text-align: justify;\">Vit\u00f3ria\/ES, 05 de outubro de 2021.<\/p>\n<p>&nbsp;<\/p>\n<p>&nbsp;<\/p>\n<p>&nbsp;<\/p>\n<p align=\"center\"><strong>Desembargador RONALDO GON\u00c7ALVES DE SOUSA<\/strong><\/p>\n<p align=\"center\"><strong>Presidente<\/strong><\/p>\n","protected":false},"excerpt":{"rendered":"<p>ESTADO DO ESP\u00cdRITO SANTO PODER JUDICI\u00c1RIO ATO NORMATIVO n\u00ba 092\/2021 &nbsp; O EXCELENT\u00cdSSIMO SENHOR DESEMBARGADOR RONALDO GON\u00c7ALVES DE SOUSA, PRESIDENTE DO EGR\u00c9GIO TRIBUNAL DE JUSTI\u00c7A DO ESTADO DO ESP\u00cdRITO SANTO, no uso de suas atribui\u00e7\u00f5es legais, CONSIDERANDO\u00a0a edital do Ato Normativo n. 115\/2020, que disp\u00f4s sobre a ades\u00e3o do Tribunal de Justi\u00e7a do Estado do [&hellip;]<\/p>\n","protected":false},"author":15,"featured_media":0,"comment_status":"closed","ping_status":"closed","sticky":false,"template":"","format":"standard","meta":{"footnotes":""},"categories":[4,14],"tags":[],"_links":{"self":[{"href":"https:\/\/www.tjes.jus.br\/corregedoria\/wp-json\/wp\/v2\/posts\/32835"}],"collection":[{"href":"https:\/\/www.tjes.jus.br\/corregedoria\/wp-json\/wp\/v2\/posts"}],"about":[{"href":"https:\/\/www.tjes.jus.br\/corregedoria\/wp-json\/wp\/v2\/types\/post"}],"author":[{"embeddable":true,"href":"https:\/\/www.tjes.jus.br\/corregedoria\/wp-json\/wp\/v2\/users\/15"}],"replies":[{"embeddable":true,"href":"https:\/\/www.tjes.jus.br\/corregedoria\/wp-json\/wp\/v2\/comments?post=32835"}],"version-history":[{"count":1,"href":"https:\/\/www.tjes.jus.br\/corregedoria\/wp-json\/wp\/v2\/posts\/32835\/revisions"}],"predecessor-version":[{"id":32836,"href":"https:\/\/www.tjes.jus.br\/corregedoria\/wp-json\/wp\/v2\/posts\/32835\/revisions\/32836"}],"wp:attachment":[{"href":"https:\/\/www.tjes.jus.br\/corregedoria\/wp-json\/wp\/v2\/media?parent=32835"}],"wp:term":[{"taxonomy":"category","embeddable":true,"href":"https:\/\/www.tjes.jus.br\/corregedoria\/wp-json\/wp\/v2\/categories?post=32835"},{"taxonomy":"post_tag","embeddable":true,"href":"https:\/\/www.tjes.jus.br\/corregedoria\/wp-json\/wp\/v2\/tags?post=32835"}],"curies":[{"name":"wp","href":"https:\/\/api.w.org\/{rel}","templated":true}]}}