{"id":32875,"date":"2021-10-18T14:18:43","date_gmt":"2021-10-18T17:18:43","guid":{"rendered":"https:\/\/www.tjes.jus.br\/corregedoria\/?p=32875"},"modified":"2021-10-18T14:18:43","modified_gmt":"2021-10-18T17:18:43","slug":"oficio-circular-assessoria-juridica-no-2-2021-disp-17-09-2021","status":"publish","type":"post","link":"https:\/\/www.tjes.jus.br\/corregedoria\/2021\/10\/18\/oficio-circular-assessoria-juridica-no-2-2021-disp-17-09-2021\/","title":{"rendered":"OF\u00cdCIO CIRCULAR ASSESSORIA JUR\u00cdDICA N\u00ba 2\/2021 \u2013 DISP. 17\/09\/2021"},"content":{"rendered":"<p align=\"center\"><strong>ESTADO DO ESP\u00cdRITO SANTO<\/strong><\/p>\n<p align=\"center\"><strong>PODER JUDICI\u00c1RIO<\/strong><\/p>\n<p align=\"center\"><strong>CORREGEDORIA GERAL DA JUSTI\u00c7A<\/strong><\/p>\n<p>&nbsp;<\/p>\n<p style=\"text-align: center;\" align=\"left\"><strong>OF\u00cdCIO-CIRCULAR N\u00ba 2\/2021 &#8211; ASSESSORIA JUR\u00cdDICA DA CORREGEDORIA<br \/>\n<\/strong><\/p>\n<p>&nbsp;<\/p>\n<p align=\"justify\">O Exmo. Sr. Desembargador-Corregedor Geral da Justi\u00e7a do Estado do Esp\u00edrito Santo, Desembargador\u00a0<strong>NEY BATISTA COUTINHO\u00a0<\/strong>no uso de suas atribui\u00e7\u00f5es legais e:<\/p>\n<p>&nbsp;<\/p>\n<p align=\"justify\"><strong>CONSIDERANDO\u00a0<\/strong>que a Corregedoria Geral da Justi\u00e7a \u00e9 \u00f3rg\u00e3o de fiscaliza\u00e7\u00e3o, disciplina e orienta\u00e7\u00e3o administrativa do foro judicial e extrajudicial, com jurisdi\u00e7\u00e3o em todo o Estado, conforme artigo 35 da Lei Complementar Estadual n.\u00ba 234\/2002 (COJES);<\/p>\n<p align=\"justify\">\n<p style=\"text-align: justify;\" align=\"justify\"><strong>CONSIDERANDO\u00a0<\/strong>o discutido no XIV Encontro Nacional do Poder Judici\u00e1rio e determinado na Diretriz Estrat\u00e9gica 3, que visa assegurar a implementa\u00e7\u00e3o do Sistema de Registro Eletr\u00f4nio de Im\u00f3veis (SREI) em todas as unidades de servi\u00e7os do territ\u00f3rio nacional pelo Operador Nacional do Registro Eletr\u00f4nico de Im\u00f3veis, e o seu funcionamento em plataforma \u00fanica, com acesso universal, em conformidade com as diretrizes legais e normativas;<\/p>\n<p style=\"text-align: justify;\" align=\"justify\">\n<p style=\"text-align: justify;\" align=\"justify\"><strong>CONSIDERANDO\u00a0<\/strong>a necessidade de garantir a publicidade e o acesso universal \u00e0s informa\u00e7\u00f5es pelo usu\u00e1rio do servi\u00e7o registral e que a aus\u00eancia de regular alimenta\u00e7\u00e3o do m\u00f3dulo &#8220;Matr\u00edculaonline&#8221; viola tais pressupostos constitucionais e, consequentemente, direito daquele que necessita do servi\u00e7o;<\/p>\n<p style=\"text-align: justify;\" align=\"justify\">\n<p style=\"text-align: justify;\" align=\"justify\"><strong>CONSIDERANDO<\/strong>\u00a0a decis\u00e3o proferida no processo n\u00famero 7001856-46.2021.8.08.0000, em tr\u00e2mite nesta Corregedoria Geral da Justi\u00e7a,<\/p>\n<p style=\"text-align: justify;\" align=\"justify\">\n<p style=\"text-align: justify;\" align=\"justify\"><strong>RESOLVE:<\/strong><\/p>\n<p style=\"text-align: justify;\" align=\"justify\">\n<p align=\"justify\"><strong>DETERMINAR\u00a0<\/strong>aos delegat\u00e1rios dos Cart\u00f3rios de Registro Geral de Im\u00f3veis do Estado do Esp\u00edrito Santo que mantenham o lan\u00e7amento das matr\u00edculas devidamente atualizado, no servi\u00e7o &#8220;Matr\u00edcula online&#8221;, dispon\u00edvel no Sistema de Registro Eletr\u00f4nio de Im\u00f3veis (SREI), junto \u00e0 Central respons\u00e1vel.<\/p>\n<p align=\"justify\">\n<p align=\"justify\"><strong>DETERMINAR\u00a0<\/strong>aos delegat\u00e1rios dos Cart\u00f3rios de Registro Geral de Im\u00f3veis do Estado do Esp\u00edrito Santo que enviem os dados relativos \u00e0 quantidade total de matr\u00edculas existentes na serventia, semestralmente, nos dias 15 de janeiro e 15 de julho, \u00e0 Coordenadoria de Monitoramento de Foro Judicial e Extrajudicial, via malote digital;<\/p>\n<p align=\"justify\">\n<p align=\"justify\"><strong>DAR CI\u00caNCIA<\/strong>\u00a0aos delegat\u00e1rios dos Cart\u00f3rios de Registro Geral de Im\u00f3veis do Estado do Esp\u00edrito Santo de que esta Corregedoria Geral da Justi\u00e7a promover\u00e1, periodicamente, a fiscaliza\u00e7\u00e3o da regularidade da alimenta\u00e7\u00e3o da &#8220;Matr\u00edcula online&#8221; e dos demais servi\u00e7os disponibilizados no sistema eletr\u00f4nico.<\/p>\n<p align=\"justify\">\n<p align=\"justify\"><strong>Publique-se.<\/strong><\/p>\n<p>&nbsp;<\/p>\n<p align=\"left\">Vit\u00f3ria, 15 de julho de 2021.<\/p>\n<p>&nbsp;<\/p>\n<p>&nbsp;<\/p>\n<p>&nbsp;<\/p>\n<p align=\"center\"><strong>Desembargador Ney Batista Coutinho<br \/>\n<\/strong><strong>Corregedor Geral da Justi\u00e7a<\/strong><\/p>\n","protected":false},"excerpt":{"rendered":"<p>ESTADO DO ESP\u00cdRITO SANTO PODER JUDICI\u00c1RIO CORREGEDORIA GERAL DA JUSTI\u00c7A &nbsp; OF\u00cdCIO-CIRCULAR N\u00ba 2\/2021 &#8211; ASSESSORIA JUR\u00cdDICA DA CORREGEDORIA &nbsp; O Exmo. Sr. Desembargador-Corregedor Geral da Justi\u00e7a do Estado do Esp\u00edrito Santo, Desembargador\u00a0NEY BATISTA COUTINHO\u00a0no uso de suas atribui\u00e7\u00f5es legais e: &nbsp; CONSIDERANDO\u00a0que a Corregedoria Geral da Justi\u00e7a \u00e9 \u00f3rg\u00e3o de fiscaliza\u00e7\u00e3o, disciplina e orienta\u00e7\u00e3o [&hellip;]<\/p>\n","protected":false},"author":8,"featured_media":0,"comment_status":"closed","ping_status":"closed","sticky":false,"template":"","format":"standard","meta":{"footnotes":""},"categories":[14,5],"tags":[],"_links":{"self":[{"href":"https:\/\/www.tjes.jus.br\/corregedoria\/wp-json\/wp\/v2\/posts\/32875"}],"collection":[{"href":"https:\/\/www.tjes.jus.br\/corregedoria\/wp-json\/wp\/v2\/posts"}],"about":[{"href":"https:\/\/www.tjes.jus.br\/corregedoria\/wp-json\/wp\/v2\/types\/post"}],"author":[{"embeddable":true,"href":"https:\/\/www.tjes.jus.br\/corregedoria\/wp-json\/wp\/v2\/users\/8"}],"replies":[{"embeddable":true,"href":"https:\/\/www.tjes.jus.br\/corregedoria\/wp-json\/wp\/v2\/comments?post=32875"}],"version-history":[{"count":1,"href":"https:\/\/www.tjes.jus.br\/corregedoria\/wp-json\/wp\/v2\/posts\/32875\/revisions"}],"predecessor-version":[{"id":32876,"href":"https:\/\/www.tjes.jus.br\/corregedoria\/wp-json\/wp\/v2\/posts\/32875\/revisions\/32876"}],"wp:attachment":[{"href":"https:\/\/www.tjes.jus.br\/corregedoria\/wp-json\/wp\/v2\/media?parent=32875"}],"wp:term":[{"taxonomy":"category","embeddable":true,"href":"https:\/\/www.tjes.jus.br\/corregedoria\/wp-json\/wp\/v2\/categories?post=32875"},{"taxonomy":"post_tag","embeddable":true,"href":"https:\/\/www.tjes.jus.br\/corregedoria\/wp-json\/wp\/v2\/tags?post=32875"}],"curies":[{"name":"wp","href":"https:\/\/api.w.org\/{rel}","templated":true}]}}