{"id":32890,"date":"2021-10-21T12:37:47","date_gmt":"2021-10-21T15:37:47","guid":{"rendered":"https:\/\/www.tjes.jus.br\/corregedoria\/?p=32890"},"modified":"2021-10-21T12:47:28","modified_gmt":"2021-10-21T15:47:28","slug":"oficio-circular-no-125-2021-disp-21-10-2021","status":"publish","type":"post","link":"https:\/\/www.tjes.jus.br\/corregedoria\/2021\/10\/21\/oficio-circular-no-125-2021-disp-21-10-2021\/","title":{"rendered":"OF\u00cdCIO CIRCULAR N\u00ba 125\/2021 \u2013 DISP. 21\/10\/2021"},"content":{"rendered":"<div class=\"override-text\">\n<p class=\"Tabela_Texto_Centralizado\" style=\"text-align: center;\"><strong>PODER JUDICI\u00c1RIO DO ESTADO DO ESP\u00cdRITO SANTO &#8211; PJES<\/strong><\/p>\n<p class=\"Tabela_Texto_Centralizado\" style=\"text-align: center;\"><strong>RUA DESEMBARGADOR HOMERO MAFRA,60 &#8211; Bairro ENSEADA DO SU\u00c1 &#8211; CEP 29050906 &#8211; Vit\u00f3ria &#8211; ES &#8211; www.tjes.jus.br<br \/>\n<\/strong><\/p>\n<\/div>\n<p>&nbsp;<\/p>\n<p class=\"Texto_Centralizado_Maiusculas\" style=\"text-align: center;\"><strong>OF\u00cdCIO-CIRCULAR N\u00ba 125\/2021 &#8211; SECAO DE MONITORAMENTO DE FORO EXTRAJUDICIAL<\/strong><\/p>\n<p class=\"Texto_Alinhado_Direita\" style=\"text-align: right;\">Vit\u00f3ria, 18 de outubro de 2021.<\/p>\n<p>&nbsp;<\/p>\n<p class=\"Texto_Justificado\" style=\"text-align: justify;\">De ordem do\u00a0Exmo. Sr. Desembargador Corregedor-Geral da Justi\u00e7a do Estado do Esp\u00edrito Santo, no uso de suas atribui\u00e7\u00f5es legais e,<\/p>\n<p class=\"Texto_Justificado\" style=\"text-align: justify;\"><strong>CONSIDERANDO<\/strong>\u00a0que a Corregedoria Geral da Justi\u00e7a \u00e9 \u00f3rg\u00e3o de fiscaliza\u00e7\u00e3o, disciplina e orienta\u00e7\u00e3o administrativa, com circunscri\u00e7\u00e3o em todo o Estado, conforme art. 35 da Lei Complementar Estadual n\u00ba 234\/2002 (COJES);<\/p>\n<p>&nbsp;<\/p>\n<p class=\"Texto_Justificado\" style=\"text-align: justify;\"><strong>CONSIDERANDO<\/strong>\u00a0o previsto no Art. 1\u00ba do <a href=\"https:\/\/www.tjes.jus.br\/corregedoria\/2021\/05\/07\/provimento-no-52-2021\/\">Provimento n\u00ba 052\/2021<\/a>, disponibilizado no Di\u00e1rio Eletr\u00f4nico da Justi\u00e7a do dia 07 de maio de 2021;<\/p>\n<p class=\"Texto_Justificado\" style=\"text-align: justify;\"><strong>CONSIDERANDO<\/strong>\u00a0o recebimento do malote digital n\u00ba 80720211250675, referente ao Of\u00edcio s\/n\u00ba\u00a0enviado pela Corregedoria-Geral da Justi\u00e7a do Distrito Federal;<\/p>\n<p class=\"Texto_Justificado\" style=\"text-align: justify;\"><strong>CONSIDERANDO<\/strong>\u00a0que a referida comunica\u00e7\u00e3o trata-se de suposta falsifica\u00e7\u00e3o nas informa\u00e7\u00f5es constantes da plataforma &#8220;Google&#8221; do Cart\u00f3rio do 6\u00ba Of\u00edcio de Registro de Im\u00f3veis do Distrito Federal, conforme documentos anexados.<\/p>\n<p class=\"Texto_Justificado\" style=\"text-align: justify;\"><strong>CONSIDERANDO<\/strong>\u00a0que a referida Serventia j\u00e1 procedeu o registro da ocorr\u00eancia junto \u00e0 Corregedoria de Justi\u00e7a do Distrito Federal, conforme of\u00edcio em anexo.<\/p>\n<p class=\"Texto_Justificado\" style=\"text-align: justify;\"><strong>RECOMENDO<\/strong>\u00a0aos Ju\u00edzes de Direito Diretores dos F\u00f3runs, Membros do Minist\u00e9rio P\u00fablico, Advogados, Not\u00e1rios e Registradores, Serventu\u00e1rios e a quem mais possa\u00a0interessar, que observem o comunicado em anexo, e adotem as provid\u00eancias que entenderem pertinentes.<\/p>\n<p>&nbsp;<\/p>\n<p class=\"Texto_Justificado\"><strong>Publique-se. Cumpra-se.<\/strong><\/p>\n<p>&nbsp;<\/p>\n<p>&nbsp;<\/p>\n<p class=\"Tabela_Texto_Centralizado\" style=\"text-align: center;\"><strong>MAGALI BARBOSA DE OLIVEIRA<\/strong><\/p>\n<p class=\"Tabela_Texto_Centralizado\" style=\"text-align: center;\"><strong>Coordenadora\u00a0de Monitoramento do Foro Judicial e Extrajudicial<\/strong><\/p>\n<p style=\"text-align: center;\"><strong><a href=\"https:\/\/sistemas.tjes.jus.br\/ediario\/images\/ANEXO_AO_OF%C3%8DCIO_CORREGEDORIA_-_125.pdf\">ANEXO &#8211; CLIQUE AQUI<\/a><\/strong><\/p>\n","protected":false},"excerpt":{"rendered":"<p>PODER JUDICI\u00c1RIO DO ESTADO DO ESP\u00cdRITO SANTO &#8211; PJES RUA DESEMBARGADOR HOMERO MAFRA,60 &#8211; Bairro ENSEADA DO SU\u00c1 &#8211; CEP 29050906 &#8211; Vit\u00f3ria &#8211; ES &#8211; www.tjes.jus.br &nbsp; OF\u00cdCIO-CIRCULAR N\u00ba 125\/2021 &#8211; SECAO DE MONITORAMENTO DE FORO EXTRAJUDICIAL Vit\u00f3ria, 18 de outubro de 2021. &nbsp; De ordem do\u00a0Exmo. Sr. Desembargador Corregedor-Geral da Justi\u00e7a do Estado [&hellip;]<\/p>\n","protected":false},"author":8,"featured_media":0,"comment_status":"closed","ping_status":"closed","sticky":false,"template":"","format":"standard","meta":{"footnotes":""},"categories":[14,5],"tags":[],"_links":{"self":[{"href":"https:\/\/www.tjes.jus.br\/corregedoria\/wp-json\/wp\/v2\/posts\/32890"}],"collection":[{"href":"https:\/\/www.tjes.jus.br\/corregedoria\/wp-json\/wp\/v2\/posts"}],"about":[{"href":"https:\/\/www.tjes.jus.br\/corregedoria\/wp-json\/wp\/v2\/types\/post"}],"author":[{"embeddable":true,"href":"https:\/\/www.tjes.jus.br\/corregedoria\/wp-json\/wp\/v2\/users\/8"}],"replies":[{"embeddable":true,"href":"https:\/\/www.tjes.jus.br\/corregedoria\/wp-json\/wp\/v2\/comments?post=32890"}],"version-history":[{"count":2,"href":"https:\/\/www.tjes.jus.br\/corregedoria\/wp-json\/wp\/v2\/posts\/32890\/revisions"}],"predecessor-version":[{"id":32893,"href":"https:\/\/www.tjes.jus.br\/corregedoria\/wp-json\/wp\/v2\/posts\/32890\/revisions\/32893"}],"wp:attachment":[{"href":"https:\/\/www.tjes.jus.br\/corregedoria\/wp-json\/wp\/v2\/media?parent=32890"}],"wp:term":[{"taxonomy":"category","embeddable":true,"href":"https:\/\/www.tjes.jus.br\/corregedoria\/wp-json\/wp\/v2\/categories?post=32890"},{"taxonomy":"post_tag","embeddable":true,"href":"https:\/\/www.tjes.jus.br\/corregedoria\/wp-json\/wp\/v2\/tags?post=32890"}],"curies":[{"name":"wp","href":"https:\/\/api.w.org\/{rel}","templated":true}]}}