{"id":32894,"date":"2021-10-22T12:01:54","date_gmt":"2021-10-22T15:01:54","guid":{"rendered":"https:\/\/www.tjes.jus.br\/corregedoria\/?p=32894"},"modified":"2021-10-22T12:01:54","modified_gmt":"2021-10-22T15:01:54","slug":"ato-no-025-2021-disp-22-10-2021","status":"publish","type":"post","link":"https:\/\/www.tjes.jus.br\/corregedoria\/2021\/10\/22\/ato-no-025-2021-disp-22-10-2021\/","title":{"rendered":"ATO N\u00ba 025\/2021 \u2013 DISP. 22\/10\/2021"},"content":{"rendered":"<p align=\"center\"><strong>ATO N\u00ba\u00a0<\/strong><strong>25<\/strong><strong>\/20<\/strong><strong>2<\/strong><strong>1<\/strong><\/p>\n<p align=\"justify\">\n<p align=\"justify\">O Desembargador\u00a0NEY BATISTA COUTINHO, Corregedor-Geral da Justi\u00e7a do Estado do Esp\u00edrito Santo, no uso de suas atribui\u00e7\u00f5es legais e de acordo com r. Decis\u00e3o\/Of\u00edcio\u00a00936076, proferida nos autos do Processo Administrativo Disciplinar n\u00ba\u00a07005269-04.2020.8.08.0000,\u00a0desta\u00a0Corregedoria Geral da Justi\u00e7a.<\/p>\n<p align=\"justify\">\n<p align=\"justify\"><strong>R<\/strong><strong>ESOLVE:<\/strong><\/p>\n<p class=\"western\" align=\"justify\"><strong>Aplicar<\/strong>\u00a0ao\u00a0<strong>Sr.\u00a0<\/strong><em><strong>Pedro Ari Real Afonso<\/strong><\/em><em>,<\/em><em>\u00a0<\/em>delegat\u00e1rio do\u00a0<strong>Cart\u00f3rio do Registro Civil e Tabelionado da Sede Comarca de S\u00e3o Mateus\/ES,<\/strong>\u00a0a pena\u00a0de suspens\u00e3o\u00a0pelo per\u00edodo de\u00a0<strong>3<\/strong><strong>0<\/strong><strong>(<\/strong><strong>trinta<\/strong><strong>) dias<\/strong>, tudo de acordo com disposto no artigo 32, III, da Lei n\u00ba 8.935\/94.\u00a0Durante o cumprimento da pena de suspens\u00e3o, dever\u00e1 a serventia ser gerida pelo seu substituto legal.<\/p>\n<p class=\"western\" align=\"justify\">Publique-se.<\/p>\n<p class=\"western\" align=\"justify\">\n<p class=\"western\" align=\"justify\">Vit\u00f3ria-ES,\u00a020 de outubro de 2021.<\/p>\n<p>&nbsp;<\/p>\n<p align=\"center\"><strong>Desembargador<\/strong>\u00a0<strong>NEY BATISTA COUTINHO<\/strong><\/p>\n<p align=\"center\"><strong>Corregedor-Geral da Justi\u00e7a<\/strong><\/p>\n","protected":false},"excerpt":{"rendered":"<p>ATO N\u00ba\u00a025\/2021 O Desembargador\u00a0NEY BATISTA COUTINHO, Corregedor-Geral da Justi\u00e7a do Estado do Esp\u00edrito Santo, no uso de suas atribui\u00e7\u00f5es legais e de acordo com r. Decis\u00e3o\/Of\u00edcio\u00a00936076, proferida nos autos do Processo Administrativo Disciplinar n\u00ba\u00a07005269-04.2020.8.08.0000,\u00a0desta\u00a0Corregedoria Geral da Justi\u00e7a. RESOLVE: Aplicar\u00a0ao\u00a0Sr.\u00a0Pedro Ari Real Afonso,\u00a0delegat\u00e1rio do\u00a0Cart\u00f3rio do Registro Civil e Tabelionado da Sede Comarca de S\u00e3o Mateus\/ES,\u00a0a pena\u00a0de [&hellip;]<\/p>\n","protected":false},"author":8,"featured_media":0,"comment_status":"closed","ping_status":"closed","sticky":false,"template":"","format":"standard","meta":{"footnotes":""},"categories":[18,14],"tags":[],"_links":{"self":[{"href":"https:\/\/www.tjes.jus.br\/corregedoria\/wp-json\/wp\/v2\/posts\/32894"}],"collection":[{"href":"https:\/\/www.tjes.jus.br\/corregedoria\/wp-json\/wp\/v2\/posts"}],"about":[{"href":"https:\/\/www.tjes.jus.br\/corregedoria\/wp-json\/wp\/v2\/types\/post"}],"author":[{"embeddable":true,"href":"https:\/\/www.tjes.jus.br\/corregedoria\/wp-json\/wp\/v2\/users\/8"}],"replies":[{"embeddable":true,"href":"https:\/\/www.tjes.jus.br\/corregedoria\/wp-json\/wp\/v2\/comments?post=32894"}],"version-history":[{"count":1,"href":"https:\/\/www.tjes.jus.br\/corregedoria\/wp-json\/wp\/v2\/posts\/32894\/revisions"}],"predecessor-version":[{"id":32895,"href":"https:\/\/www.tjes.jus.br\/corregedoria\/wp-json\/wp\/v2\/posts\/32894\/revisions\/32895"}],"wp:attachment":[{"href":"https:\/\/www.tjes.jus.br\/corregedoria\/wp-json\/wp\/v2\/media?parent=32894"}],"wp:term":[{"taxonomy":"category","embeddable":true,"href":"https:\/\/www.tjes.jus.br\/corregedoria\/wp-json\/wp\/v2\/categories?post=32894"},{"taxonomy":"post_tag","embeddable":true,"href":"https:\/\/www.tjes.jus.br\/corregedoria\/wp-json\/wp\/v2\/tags?post=32894"}],"curies":[{"name":"wp","href":"https:\/\/api.w.org\/{rel}","templated":true}]}}