{"id":33003,"date":"2021-11-22T13:49:46","date_gmt":"2021-11-22T15:49:46","guid":{"rendered":"https:\/\/www.tjes.jus.br\/corregedoria\/?p=33003"},"modified":"2021-11-22T13:49:46","modified_gmt":"2021-11-22T15:49:46","slug":"portaria-no-035-2021-disp-22-11-2021","status":"publish","type":"post","link":"https:\/\/www.tjes.jus.br\/corregedoria\/2021\/11\/22\/portaria-no-035-2021-disp-22-11-2021\/","title":{"rendered":"PORTARIA N\u00ba 035\/2021 \u2013 DISP. 22\/11\/2021"},"content":{"rendered":"<p style=\"text-align: center;\"><strong>ESTADO DO ESP\u00cdRITO SANTO<\/strong><\/p>\n<p style=\"text-align: center;\"><strong>PODER JUDICI\u00c1RIO<\/strong><\/p>\n<p style=\"text-align: center;\"><strong>CORREGEDORIA GERAL DA JUSTI\u00c7A<\/strong><\/p>\n<p style=\"text-align: center;\">\n<p style=\"text-align: center;\"><strong>PORTARIA N\u00ba 35, DE 19 DE NOVEMBRO DE 2021.<\/strong><\/p>\n<p>&nbsp;<\/p>\n<p style=\"text-align: justify;\">O Desembargador Corregedor, Ney Batista Coutinho, no uso de suas atribui\u00e7\u00f5es legais;<\/p>\n<p style=\"text-align: justify;\"><strong>Considerando<\/strong>\u00a0os termos Decis\u00e3o\/Of\u00edcio 0897117, que determinou a instaura\u00e7\u00e3o de processo administrativo disciplinar em face do delegat\u00e1rio do Cart\u00f3rio de Registro Civil e Tabelionato do Distrito de Matilde, Comarca de Alfredo Chaves, Jorge Alberto Cunha;<\/p>\n<p style=\"text-align: justify;\"><strong>Considerando<\/strong>\u00a0que o membro da Comiss\u00e3o Processante, Marco Antonio Severnini, Analista Judici\u00e1rio AE Direito, matr\u00edcula n. 20941488, nomeado pela Portaria 30\/2021, deste ju\u00edzo, se afastar\u00e1 para gozo de f\u00e9rias (doc. 0950516);<\/p>\n<p>&nbsp;<\/p>\n<p>RESOLVE:<\/p>\n<p>&nbsp;<\/p>\n<p style=\"text-align: justify;\">1) Designar a servidora Adriana Rangel Maziero, Analista Judici\u00e1rio AEDireito, matr\u00edcula n. 20955434, como membro da Comiss\u00e3o Processante, em substitui\u00e7\u00e3o a Marco Antonio Severnini, Analista Judici\u00e1rio AE Direito, matr\u00edcula n. 20941488, mantendo-se os demais membros designados na Portaria 30\/2021.<\/p>\n<p>2) Esta Portaria entra em vigor na data de sua publica\u00e7\u00e3o.<\/p>\n<p>3) Registre-se. Publique-se. Cumpra-se.<\/p>\n<p>&nbsp;<\/p>\n<p style=\"text-align: center;\"><strong>DES. NEY BATISTA COUTINHO<\/strong><\/p>\n<p style=\"text-align: center;\">Corregedor Geral de Justi\u00e7a<\/p>\n","protected":false},"excerpt":{"rendered":"<p>ESTADO DO ESP\u00cdRITO SANTO PODER JUDICI\u00c1RIO CORREGEDORIA GERAL DA JUSTI\u00c7A PORTARIA N\u00ba 35, DE 19 DE NOVEMBRO DE 2021. &nbsp; O Desembargador Corregedor, Ney Batista Coutinho, no uso de suas atribui\u00e7\u00f5es legais; Considerando\u00a0os termos Decis\u00e3o\/Of\u00edcio 0897117, que determinou a instaura\u00e7\u00e3o de processo administrativo disciplinar em face do delegat\u00e1rio do Cart\u00f3rio de Registro Civil e Tabelionato [&hellip;]<\/p>\n","protected":false},"author":8,"featured_media":0,"comment_status":"closed","ping_status":"closed","sticky":false,"template":"","format":"standard","meta":{"footnotes":""},"categories":[14,6],"tags":[],"_links":{"self":[{"href":"https:\/\/www.tjes.jus.br\/corregedoria\/wp-json\/wp\/v2\/posts\/33003"}],"collection":[{"href":"https:\/\/www.tjes.jus.br\/corregedoria\/wp-json\/wp\/v2\/posts"}],"about":[{"href":"https:\/\/www.tjes.jus.br\/corregedoria\/wp-json\/wp\/v2\/types\/post"}],"author":[{"embeddable":true,"href":"https:\/\/www.tjes.jus.br\/corregedoria\/wp-json\/wp\/v2\/users\/8"}],"replies":[{"embeddable":true,"href":"https:\/\/www.tjes.jus.br\/corregedoria\/wp-json\/wp\/v2\/comments?post=33003"}],"version-history":[{"count":1,"href":"https:\/\/www.tjes.jus.br\/corregedoria\/wp-json\/wp\/v2\/posts\/33003\/revisions"}],"predecessor-version":[{"id":33004,"href":"https:\/\/www.tjes.jus.br\/corregedoria\/wp-json\/wp\/v2\/posts\/33003\/revisions\/33004"}],"wp:attachment":[{"href":"https:\/\/www.tjes.jus.br\/corregedoria\/wp-json\/wp\/v2\/media?parent=33003"}],"wp:term":[{"taxonomy":"category","embeddable":true,"href":"https:\/\/www.tjes.jus.br\/corregedoria\/wp-json\/wp\/v2\/categories?post=33003"},{"taxonomy":"post_tag","embeddable":true,"href":"https:\/\/www.tjes.jus.br\/corregedoria\/wp-json\/wp\/v2\/tags?post=33003"}],"curies":[{"name":"wp","href":"https:\/\/api.w.org\/{rel}","templated":true}]}}