{"id":33133,"date":"2021-12-13T17:43:07","date_gmt":"2021-12-13T19:43:07","guid":{"rendered":"https:\/\/www.tjes.jus.br\/corregedoria\/?p=33133"},"modified":"2021-12-13T17:44:55","modified_gmt":"2021-12-13T19:44:55","slug":"portaria-no-033-2021-disp-10-12-2021","status":"publish","type":"post","link":"https:\/\/www.tjes.jus.br\/corregedoria\/2021\/12\/13\/portaria-no-033-2021-disp-10-12-2021\/","title":{"rendered":"PORTARIA N\u00ba 033\/2021 \u2013 DISP. 10\/12\/2021"},"content":{"rendered":"<p class=\"Tabela_Texto_Centralizado\" style=\"text-align: center;\"><strong>PODER JUDICI\u00c1RIO DO ESTADO DO ESP\u00cdRITO SANTO &#8211; PJES<\/strong><\/p>\n<p class=\"Tabela_Texto_Centralizado\" style=\"text-align: center;\"><strong>CORREGEDORIA GERAL DA\u00a0JUSTI\u00c7A<\/strong><\/p>\n<p class=\"Texto_Centralizado\" style=\"text-align: center;\"><strong>PORTARIA N\u00ba 33\/2021<\/strong><\/p>\n<p class=\"Texto_Ementa\" style=\"text-align: justify;\">O Excelent\u00edssimo Senhor Desembargador\u00a0<strong>NEY BATISTA COUTINHO<\/strong>, Corregedor Geral da Justi\u00e7a do Estado do Esp\u00edrito Santo, no uso de suas atribui\u00e7\u00f5es legais e,<\/p>\n<p class=\"Texto_Justificado\" style=\"text-align: justify;\"><strong>CONSIDERANDO<\/strong>\u00a0o que prescreve o artigo\u00a035, do C\u00f3digo de Organiza\u00e7\u00e3o Judici\u00e1ria do Estado do Esp\u00edrito Santo, no sentido de ser a Corregedoria Geral da Justi\u00e7a o \u00f3rg\u00e3o de fiscaliza\u00e7\u00e3o, que disciplina a orienta\u00e7\u00e3o administrativa com circunscri\u00e7\u00e3o em todo o Estado;<\/p>\n<p class=\"Texto_Justificado\" style=\"text-align: justify;\"><strong>CONSIDERANDO\u00a0<\/strong>a ren\u00fancia da Sra. Keila Fernanda Longen, titular do Cart\u00f3rio de Registro Civil e Tabelionato de Notas da Sede da Comarca de Itagua\u00e7u, ocorrida\u00a0em 17 de mar\u00e7o de 2021, com o que se extinguiu a respectiva delega\u00e7\u00e3o;<\/p>\n<p class=\"Texto_Justificado\" style=\"text-align: justify;\"><strong>CONSIDERANDO\u00a0<\/strong>o decidido nos autos do Processo CGJES n\u00ba 2019.00.253.422 e\u00a0o disposto no artigo 9\u00ba, \u00a7 2\u00ba, da Resolu\u00e7\u00e3o n\u00ba 80\/2009, do Conselho Nacional de Justi\u00e7a;<\/p>\n<p class=\"Texto_Justificado\" style=\"text-align: justify;\"><strong>RESOLVE:<\/strong><\/p>\n<p class=\"Texto_Justificado\" style=\"text-align: justify;\"><strong>Art. 1\u00ba: DECLARAR\u00a0<\/strong>a vac\u00e2ncia da Delega\u00e7\u00e3o correspondente ao\u00a0Oficial de Registro Civil e Tabelionato de Notas da Sede da Comarca de Itagua\u00e7u, a partir de 17 de mar\u00e7o de 2021;<\/p>\n<p class=\"Texto_Justificado\" style=\"text-align: justify;\"><strong>Art. 2\u00ba: DESIGNAR<\/strong>\u00a0para responder pelo expediente da delega\u00e7\u00e3o vaga, a partir de igual data, o Sr. Dagmar Augusto Hell, titular do Registro Civil e Tabelionato do Distrito de Itaimb\u00e9 da Comarca de Itagua\u00e7u;<\/p>\n<p class=\"Texto_Justificado\" style=\"text-align: justify;\"><strong>Art. 3\u00ba: INTEGRAR\u00a0<\/strong>a aludida Delega\u00e7\u00e3o\u00a0na\u00a0lista das Unidades vagas, sob o\u00a0n\u00ba 251, pelo crit\u00e9rio de Provimento.<\/p>\n<p class=\"Texto_Justificado\"><strong>Publique-se<\/strong>.<\/p>\n<p class=\"Texto_Centralizado\">Vit\u00f3ria\/ES, 10 de novembro de 2021.<\/p>\n<p>&nbsp;<\/p>\n<p class=\"Texto_Centralizado\" style=\"text-align: center;\"><strong>Desembargador NEY BATISTA COUTINHO<\/strong><\/p>\n<p class=\"Texto_Centralizado\" style=\"text-align: center;\"><strong>Corregedor Geral da Justi\u00e7a<\/strong><\/p>\n","protected":false},"excerpt":{"rendered":"<p>PODER JUDICI\u00c1RIO DO ESTADO DO ESP\u00cdRITO SANTO &#8211; PJES CORREGEDORIA GERAL DA\u00a0JUSTI\u00c7A PORTARIA N\u00ba 33\/2021 O Excelent\u00edssimo Senhor Desembargador\u00a0NEY BATISTA COUTINHO, Corregedor Geral da Justi\u00e7a do Estado do Esp\u00edrito Santo, no uso de suas atribui\u00e7\u00f5es legais e, CONSIDERANDO\u00a0o que prescreve o artigo\u00a035, do C\u00f3digo de Organiza\u00e7\u00e3o Judici\u00e1ria do Estado do Esp\u00edrito Santo, no sentido de [&hellip;]<\/p>\n","protected":false},"author":8,"featured_media":0,"comment_status":"closed","ping_status":"closed","sticky":false,"template":"","format":"standard","meta":{"footnotes":""},"categories":[14,6],"tags":[],"_links":{"self":[{"href":"https:\/\/www.tjes.jus.br\/corregedoria\/wp-json\/wp\/v2\/posts\/33133"}],"collection":[{"href":"https:\/\/www.tjes.jus.br\/corregedoria\/wp-json\/wp\/v2\/posts"}],"about":[{"href":"https:\/\/www.tjes.jus.br\/corregedoria\/wp-json\/wp\/v2\/types\/post"}],"author":[{"embeddable":true,"href":"https:\/\/www.tjes.jus.br\/corregedoria\/wp-json\/wp\/v2\/users\/8"}],"replies":[{"embeddable":true,"href":"https:\/\/www.tjes.jus.br\/corregedoria\/wp-json\/wp\/v2\/comments?post=33133"}],"version-history":[{"count":2,"href":"https:\/\/www.tjes.jus.br\/corregedoria\/wp-json\/wp\/v2\/posts\/33133\/revisions"}],"predecessor-version":[{"id":33136,"href":"https:\/\/www.tjes.jus.br\/corregedoria\/wp-json\/wp\/v2\/posts\/33133\/revisions\/33136"}],"wp:attachment":[{"href":"https:\/\/www.tjes.jus.br\/corregedoria\/wp-json\/wp\/v2\/media?parent=33133"}],"wp:term":[{"taxonomy":"category","embeddable":true,"href":"https:\/\/www.tjes.jus.br\/corregedoria\/wp-json\/wp\/v2\/categories?post=33133"},{"taxonomy":"post_tag","embeddable":true,"href":"https:\/\/www.tjes.jus.br\/corregedoria\/wp-json\/wp\/v2\/tags?post=33133"}],"curies":[{"name":"wp","href":"https:\/\/api.w.org\/{rel}","templated":true}]}}