{"id":33334,"date":"2022-01-17T18:19:51","date_gmt":"2022-01-17T20:19:51","guid":{"rendered":"https:\/\/www.tjes.jus.br\/corregedoria\/?p=33334"},"modified":"2022-07-22T14:45:31","modified_gmt":"2022-07-22T17:45:31","slug":"provimento-conjunto-no-1-2022-disp-17-01-2022","status":"publish","type":"post","link":"https:\/\/www.tjes.jus.br\/corregedoria\/2022\/01\/17\/provimento-conjunto-no-1-2022-disp-17-01-2022\/","title":{"rendered":"PROVIMENTO CONJUNTO N\u00ba 1\/2022 \u2013 DISP. 17\/01\/2022"},"content":{"rendered":"<p align=\"center\"><strong>PODER JUDICI\u00c1RIO DO ESTADO DO ESP\u00cdRITO SANTO &#8211; PJES<\/strong><\/p>\n<p align=\"center\"><strong>CORREGEDORIA GERAL DA\u00a0JUSTI\u00c7A<\/strong><\/p>\n<p>&nbsp;<\/p>\n<p align=\"center\"><strong>PROVIMENTO\u00a0CONJUNTO N\u00ba 1\/2022<\/strong><\/p>\n<p>&nbsp;<\/p>\n<p align=\"justify\">Disp\u00f5e sobre a prorroga\u00e7\u00e3o do prazo de vig\u00eancia do <a href=\"https:\/\/www.tjes.jus.br\/corregedoria\/2021\/08\/27\/provimento-conjunto-no-1-2020-disp-12-07-2021\/\">Provimento Conjunto n\u00ba 1\/2021<\/a> da Presid\u00eancia e da Corregedoria Geral da Justi\u00e7a, e d\u00e1 outras provid\u00eancias.<\/p>\n<p>&nbsp;<\/p>\n<p align=\"justify\">O\u00a0<strong>PRESIDENTE DO EGR\u00c9GIO TRIBUNAL DE JUSTI\u00c7A DO ESTADO DO ESP\u00cdRITO SANTO<\/strong>\u00a0e o\u00a0<strong>CORREGEDOR GERAL DA JUSTI\u00c7A DO ESTADO DO ESP\u00cdRITO SANTO<\/strong>, no uso de suas atribui\u00e7\u00f5es legais,<\/p>\n<p>&nbsp;<\/p>\n<p align=\"justify\"><strong>CONSIDERANDO\u00a0<\/strong>que o art. 37,\u00a0<em>caput<\/em>, da Constitui\u00e7\u00e3o Federal imp\u00f5e aos servidores p\u00fablicos a estrita observ\u00e2ncia dos princ\u00edpios da legalidade, impessoalidade, moralidade, publicidade e efici\u00eancia;<\/p>\n<p>&nbsp;<\/p>\n<p align=\"justify\"><strong>CONSIDERANDO\u00a0<\/strong>a necessidade de assegurar maior celeridade e efic\u00e1cia, com controle mais r\u00edgido dos prazos, nas sindic\u00e2ncias e nos procedimentos administrativos disciplinares instaurados contra servidores p\u00fablicos e delegat\u00e1rios no \u00e2mbito do Poder Judici\u00e1rio;<\/p>\n<p>&nbsp;<\/p>\n<p style=\"text-align: justify;\" align=\"justify\"><strong>CONSIDERANDO\u00a0<\/strong>que a comiss\u00e3o disciplinar constitu\u00edda posteriormente ao fato ensejador n\u00e3o se harmoniza com o princ\u00edpio constitucional do juiz natural, que prev\u00ea que a autoridade para processar e julgar deve ser definida anteriormente ao fato objeto do processo;<\/p>\n<p style=\"text-align: justify;\" align=\"justify\"><strong>CONSIDERANDO\u00a0<\/strong>que\u00a0at\u00e9 a presente data o <a href=\"https:\/\/www.tjes.jus.br\/corregedoria\/wp-admin\/post.php?post=32644&amp;action=edit\">Provimento Conjunto n\u00ba 1\/2021<\/a> ainda exige a ado\u00e7\u00e3o de medidas visando \u00e0 completa implementa\u00e7\u00e3o;<\/p>\n<p style=\"text-align: justify;\" align=\"justify\"><strong>RESOLVEM:<\/strong><\/p>\n<p style=\"text-align: justify;\" align=\"justify\"><strong>Art. 1\u00ba &#8211;\u00a0<\/strong>Fica prorrogado para o dia 14\u00a0de mar\u00e7o de 2022 o prazo de vig\u00eancia do <a href=\"https:\/\/www.tjes.jus.br\/corregedoria\/2021\/08\/27\/provimento-conjunto-no-1-2020-disp-12-07-2021\/\">Provimento Conjunto n\u00ba 1\/2021<\/a>\u00a0da Presid\u00eancia do Tribunal de Justi\u00e7a e\u00a0da Corregedoria Geral da Justi\u00e7a.<\/p>\n<p style=\"text-align: justify;\" align=\"justify\"><strong>Art. 2\u00ba &#8211;<\/strong>\u00a0O presente Provimento entrar\u00e1 em vigor na data da sua publica\u00e7\u00e3o.<\/p>\n<p>&nbsp;<\/p>\n<p align=\"justify\"><strong>Publique-se.<\/strong><\/p>\n<p>&nbsp;<\/p>\n<p align=\"justify\">Vit\u00f3ria (ES), 10 de janeiro de 2022.<\/p>\n<p>&nbsp;<\/p>\n<p>&nbsp;<\/p>\n<p>&nbsp;<\/p>\n<p align=\"center\"><strong>DES. FABIO CLEM DE OLIVEIRA<\/strong><\/p>\n<p align=\"center\">Presidente do Tribunal de Justi\u00e7a<\/p>\n<p>&nbsp;<\/p>\n<p>&nbsp;<\/p>\n<p>&nbsp;<\/p>\n<p align=\"center\"><strong>DES. CARLOS SIM\u00d5ES FONSECA<\/strong><\/p>\n<p align=\"center\">Corregedor Geral da Justi\u00e7a<\/p>\n","protected":false},"excerpt":{"rendered":"<p>PODER JUDICI\u00c1RIO DO ESTADO DO ESP\u00cdRITO SANTO &#8211; PJES CORREGEDORIA GERAL DA\u00a0JUSTI\u00c7A &nbsp; PROVIMENTO\u00a0CONJUNTO N\u00ba 1\/2022 &nbsp; Disp\u00f5e sobre a prorroga\u00e7\u00e3o do prazo de vig\u00eancia do Provimento Conjunto n\u00ba 1\/2021 da Presid\u00eancia e da Corregedoria Geral da Justi\u00e7a, e d\u00e1 outras provid\u00eancias. &nbsp; O\u00a0PRESIDENTE DO EGR\u00c9GIO TRIBUNAL DE JUSTI\u00c7A DO ESTADO DO ESP\u00cdRITO SANTO\u00a0e o\u00a0CORREGEDOR [&hellip;]<\/p>\n","protected":false},"author":8,"featured_media":0,"comment_status":"closed","ping_status":"closed","sticky":false,"template":"","format":"standard","meta":{"footnotes":""},"categories":[14,16],"tags":[],"_links":{"self":[{"href":"https:\/\/www.tjes.jus.br\/corregedoria\/wp-json\/wp\/v2\/posts\/33334"}],"collection":[{"href":"https:\/\/www.tjes.jus.br\/corregedoria\/wp-json\/wp\/v2\/posts"}],"about":[{"href":"https:\/\/www.tjes.jus.br\/corregedoria\/wp-json\/wp\/v2\/types\/post"}],"author":[{"embeddable":true,"href":"https:\/\/www.tjes.jus.br\/corregedoria\/wp-json\/wp\/v2\/users\/8"}],"replies":[{"embeddable":true,"href":"https:\/\/www.tjes.jus.br\/corregedoria\/wp-json\/wp\/v2\/comments?post=33334"}],"version-history":[{"count":4,"href":"https:\/\/www.tjes.jus.br\/corregedoria\/wp-json\/wp\/v2\/posts\/33334\/revisions"}],"predecessor-version":[{"id":34470,"href":"https:\/\/www.tjes.jus.br\/corregedoria\/wp-json\/wp\/v2\/posts\/33334\/revisions\/34470"}],"wp:attachment":[{"href":"https:\/\/www.tjes.jus.br\/corregedoria\/wp-json\/wp\/v2\/media?parent=33334"}],"wp:term":[{"taxonomy":"category","embeddable":true,"href":"https:\/\/www.tjes.jus.br\/corregedoria\/wp-json\/wp\/v2\/categories?post=33334"},{"taxonomy":"post_tag","embeddable":true,"href":"https:\/\/www.tjes.jus.br\/corregedoria\/wp-json\/wp\/v2\/tags?post=33334"}],"curies":[{"name":"wp","href":"https:\/\/api.w.org\/{rel}","templated":true}]}}