{"id":33360,"date":"2022-01-18T14:48:05","date_gmt":"2022-01-18T16:48:05","guid":{"rendered":"https:\/\/www.tjes.jus.br\/corregedoria\/?p=33360"},"modified":"2022-01-18T14:48:05","modified_gmt":"2022-01-18T16:48:05","slug":"portaria-no-006-2022-disp-18-01-2022","status":"publish","type":"post","link":"https:\/\/www.tjes.jus.br\/corregedoria\/2022\/01\/18\/portaria-no-006-2022-disp-18-01-2022\/","title":{"rendered":"PORTARIA N\u00ba 006\/2022 \u2013 DISP. 18\/01\/2022"},"content":{"rendered":"<p class=\"western\" align=\"center\"><strong>ESTADO DO ESP\u00cdRITO SANTO<br \/>\nPODER JUDICI\u00c1RIO<\/strong><br \/>\n<strong>CORREGEDORIA GERAL DA JUSTI\u00c7A<\/strong><\/p>\n<p class=\"western\" align=\"center\"><strong>PORTARIA CGJES N.\u00ba 006\/2022<\/strong><\/p>\n<p>&nbsp;<\/p>\n<p class=\"western\" align=\"right\"><em>Constituir as Comiss\u00f5es Disciplinares Permanentes (CDP) para o bi\u00eanio 2022\/2023.<\/em><\/p>\n<p>&nbsp;<\/p>\n<p class=\"western\" align=\"justify\"><strong>O Desembargador CARLOS SIM\u00d5ES FONSECA<\/strong>, Corregedor Geral da Justi\u00e7a do Estado do Esp\u00edrito Santo, no uso de suas atribui\u00e7\u00f5es legais e<\/p>\n<p>&nbsp;<\/p>\n<p class=\"western\" align=\"justify\"><strong>CONSIDERANDO<\/strong>\u00a0a Resolu\u00e7\u00e3o n\u00ba 350\/2020 do Conselho Nacional de Justi\u00e7a que estabelece diretrizes e procedimentos sobre a coopera\u00e7\u00e3o judici\u00e1ria nacional entre os \u00f3rg\u00e3os do Poder Judici\u00e1rio para a realiza\u00e7\u00e3o das atividades administrativas e o exerc\u00edcio das fun\u00e7\u00f5es jurisdicionais;<\/p>\n<p>&nbsp;<\/p>\n<p class=\"western\" align=\"justify\"><strong>CONSIDERANDO<\/strong>\u00a0que a Resolu\u00e7\u00e3o n\u00ba 350\/2020 do Conselho Nacional de Justi\u00e7a prev\u00ea que a coopera\u00e7\u00e3o pode ser utilizada como instrumento de gest\u00e3o processual, permitindo a coordena\u00e7\u00e3o de fun\u00e7\u00f5es e o compartilhamento de compet\u00eancias;<\/p>\n<p>&nbsp;<\/p>\n<p class=\"western\" align=\"justify\"><strong>CONSIDERANDO<\/strong>\u00a0que o Provimento Conjunto n\u00ba 1\/2021, alterado pelos Provimentos Conjunto n\u00ba 2\/2021, n\u00ba 01\/2022 e n\u00ba 02\/2022, estabelece a entrada em vigor das Comiss\u00f5es Disciplinares Permanentes \u2013 CDP no \u00e2mbito do Poder Judici\u00e1rio no dia 14 de mar\u00e7o de 2022;<\/p>\n<p>&nbsp;<\/p>\n<p class=\"western\" align=\"justify\"><strong>CONSIDERANDO<\/strong>\u00a0a necessidade de assegurar maior celeridade e efic\u00e1cia, com controle mais r\u00edgido dos prazos, nas sindic\u00e2ncias e nos procedimentos administrativos disciplinares instaurados contra servidores p\u00fablicos e Delegat\u00e1rios no \u00e2mbito do Poder Judici\u00e1rio;<\/p>\n<p>&nbsp;<\/p>\n<p class=\"western\" align=\"justify\"><strong>CONSIDERANDO<\/strong>\u00a0o disposto no art. 247 da Lei Complementar Estadual n\u00ba 46\/1994 que prev\u00ea que \u201ca autoridade que tiver ci\u00eancia de irregularidade no servi\u00e7o p\u00fablico \u00e9 obrigada a promover a sua apura\u00e7\u00e3o imediata, mediante sindic\u00e2ncia ou processo administrativo-disciplinar, assegurada ao denunciado ampla defesa\u201d;<\/p>\n<p>&nbsp;<\/p>\n<p class=\"western\" align=\"justify\"><strong>CONSIDERANDO<\/strong>\u00a0que nos termos do Art. 3\u00ba do Provimento Conjunto n\u00ba 001\/2021,\u00a0compete ao Corregedor Geral da Justi\u00e7a elaborar e fazer publicar a portaria contendo a composi\u00e7\u00e3o das Comiss\u00f5es Disciplinares Permanentes, indicando o seu presidente e a lista com os nomes dos servidores designados como suplentes, podendo dispensar, a qualquer tempo e motivadamente, os membros ou suplentes das respectivas comiss\u00f5es;<\/p>\n<p>&nbsp;<\/p>\n<p class=\"western\" align=\"justify\"><strong>RESOLVE:<\/strong><\/p>\n<p>&nbsp;<\/p>\n<p class=\"western\" align=\"justify\"><strong>Art. 1\u00ba<\/strong>\u00a0Designar os servidores que ir\u00e3o compor as Comiss\u00f5es Disciplinares Permanentes (CDP), bem como seus suplentes, para o Bi\u00eanio 2022\/2023 e que atuar\u00e3o nas Comarcas que comp\u00f5em a\u00a0<strong>3\u00aa Regi\u00e3o<\/strong>\u00a0(Afonso Claudio (sede), I\u00fana, Ibatiba, Concei\u00e7\u00e3o do Castelo, Venda Nova, Muniz Freire, Santa Teresa, Santa Maria de Jetib\u00e1, Itarana, Itagua\u00e7u e Laranja da Terra), conforme nomes informados nos autos do Processo SEI n\u00ba 7004980-37.2021.8.08.0000:<\/p>\n<p>&nbsp;<\/p>\n<p align=\"justify\"><strong>Comiss\u00e3o Disciplinar Permanente n\u00ba 01<\/strong><\/p>\n<p align=\"justify\">Aleandra Ribeiro de Ara\u00fajo &#8211; Analista Judici\u00e1ria AE \u2013 Servi\u00e7o Social &#8211; Matr\u00edcula n\u00ba 21008176<\/p>\n<p align=\"justify\">Rafael Monteiro Teixeira Arndt \u2013 Analista Judici\u00e1rio AE \u2013 Psicologia &#8211; Matr\u00edcula n\u00ba 21007469<\/p>\n<p align=\"justify\">Felipe Dantas Coutinho \u2013 Oficial de Justi\u00e7a &#8211; Matricula n\u00ba 21024142<\/p>\n<p align=\"justify\">\n<p align=\"justify\"><strong>Comiss\u00e3o Disciplinar Permanente n\u00ba 02<\/strong><\/p>\n<p align=\"justify\">Katia Helena Cancian Cancelieri \u2013 Analista Judici\u00e1rio QS \u2013 Escrevente Juramentado &#8211; Matricula n\u00ba 20018473<\/p>\n<p align=\"justify\">Emmanuel de Aquino e Souza \u2013 Oficial de Justi\u00e7a Avaliador &#8211; Matricula n\u00ba 2927275<\/p>\n<p align=\"justify\">Carlos Alberto Herzog da Cruz &#8211; Analista Judici\u00e1ria Especial \u2013 Escriv\u00e3o Judici\u00e1rio &#8211; Matricula n\u00ba 3420965<\/p>\n<p align=\"justify\">\n<p align=\"justify\"><strong>Comiss\u00e3o Disciplinar Permanente n\u00ba 03<\/strong><\/p>\n<p align=\"justify\">Bruno Peixoto de Oliveira \u2013 Oficial de Justi\u00e7a Avaliador &#8211; Matricula n\u00ba 21025455<\/p>\n<p align=\"justify\">Sara Chequer Bou-Habib &#8211; Analista Judici\u00e1rio \u2013 Escrevente Juramentado &#8211; Matricula n\u00ba 20426277<\/p>\n<p align=\"justify\">M\u00e1rcio Camata Moreira \u2013 Oficial de Justi\u00e7a Avaliador &#8211; Matricula n\u00ba 3444308<\/p>\n<p align=\"justify\">\n<p align=\"justify\"><strong>Suplentes<\/strong><\/p>\n<p align=\"justify\">H\u00e9lio Adolpho Machado Schiavo &#8211; Analista Judici\u00e1rio AJ &#8211; Direito &#8211; Matricula n\u00ba 20978571<\/p>\n<p align=\"justify\">Carlos Raphael de Andrade Silva- Analista Judici\u00e1rio AJ &#8211; Direito &#8211; Matricula n\u00ba 21013028<\/p>\n<p align=\"justify\">Aparecida Holz Espindula &#8211; Analista Judici\u00e1rio AJ &#8211; Direito &#8211; Matricula n\u00ba 205.808-71<\/p>\n<p align=\"justify\">Fabiana Delboni \u2013 Analista Judici\u00e1rio AJ \u2013 Direito \u2013 Matr\u00edcula n\u00ba 20486396<\/p>\n<p align=\"justify\">\n<p class=\"western\" align=\"justify\"><strong>Art. 2\u00ba\u00a0<\/strong>As comiss\u00f5es funcionar\u00e3o sempre sob a presid\u00eancia do primeiro nomeado em cada uma das Comiss\u00f5es Disciplinares Permanentes (CDP) ou por outro membro desta, respeitadas as determina\u00e7\u00f5es trazidas no \u00a7 1\u00ba do Art. 90 do C\u00f3digo de Normas desta Corregedoria.<\/p>\n<p>&nbsp;<\/p>\n<p class=\"western\" align=\"justify\"><strong>Art. 3\u00ba\u00a0<\/strong>Em caso de eventual impedimento ou afastamento de qualquer membro das Comiss\u00f5es Disciplinares Permanentes (CDP), este ser\u00e1 imediatamente substitu\u00eddo por um Suplente, cabendo ao magistrado de primeiro grau proceder ao sorteio e a altera\u00e7\u00e3o em consulta com a lista de suplentes existentes.<\/p>\n<p>&nbsp;<\/p>\n<p class=\"western\" align=\"justify\"><strong>Par\u00e1grafo \u00fanico<\/strong>: A altera\u00e7\u00e3o prevista do caput ser\u00e1 feita por meio de portaria que dever\u00e1 ser encaminhada \u00e0 Corregedoria Geral de Justi\u00e7a para ci\u00eancia.<\/p>\n<p>&nbsp;<\/p>\n<p class=\"western\" align=\"justify\"><strong>Art. 4\u00ba\u00a0<\/strong>Esta portaria entrar\u00e1 em vigor em 14 de mar\u00e7o de 2022.<\/p>\n<p>&nbsp;<\/p>\n<p class=\"western\" align=\"justify\"><strong>Publique-se. Cumpra-se.<\/strong><\/p>\n<p>&nbsp;<\/p>\n<p class=\"western\" align=\"center\">Vit\u00f3ria\/ES, 14 de janeiro de 2022.<\/p>\n<p>&nbsp;<\/p>\n<p class=\"western\" align=\"center\"><strong>Desembargador CARLOS SIM\u00d5ES FONSECA.<br \/>\nCorregedor Geral da Justi\u00e7a<\/strong><\/p>\n","protected":false},"excerpt":{"rendered":"<p>ESTADO DO ESP\u00cdRITO SANTO PODER JUDICI\u00c1RIO CORREGEDORIA GERAL DA JUSTI\u00c7A PORTARIA CGJES N.\u00ba 006\/2022 &nbsp; Constituir as Comiss\u00f5es Disciplinares Permanentes (CDP) para o bi\u00eanio 2022\/2023. &nbsp; O Desembargador CARLOS SIM\u00d5ES FONSECA, Corregedor Geral da Justi\u00e7a do Estado do Esp\u00edrito Santo, no uso de suas atribui\u00e7\u00f5es legais e &nbsp; CONSIDERANDO\u00a0a Resolu\u00e7\u00e3o n\u00ba 350\/2020 do Conselho Nacional [&hellip;]<\/p>\n","protected":false},"author":8,"featured_media":0,"comment_status":"closed","ping_status":"closed","sticky":false,"template":"","format":"standard","meta":{"footnotes":""},"categories":[14,6],"tags":[],"_links":{"self":[{"href":"https:\/\/www.tjes.jus.br\/corregedoria\/wp-json\/wp\/v2\/posts\/33360"}],"collection":[{"href":"https:\/\/www.tjes.jus.br\/corregedoria\/wp-json\/wp\/v2\/posts"}],"about":[{"href":"https:\/\/www.tjes.jus.br\/corregedoria\/wp-json\/wp\/v2\/types\/post"}],"author":[{"embeddable":true,"href":"https:\/\/www.tjes.jus.br\/corregedoria\/wp-json\/wp\/v2\/users\/8"}],"replies":[{"embeddable":true,"href":"https:\/\/www.tjes.jus.br\/corregedoria\/wp-json\/wp\/v2\/comments?post=33360"}],"version-history":[{"count":1,"href":"https:\/\/www.tjes.jus.br\/corregedoria\/wp-json\/wp\/v2\/posts\/33360\/revisions"}],"predecessor-version":[{"id":33361,"href":"https:\/\/www.tjes.jus.br\/corregedoria\/wp-json\/wp\/v2\/posts\/33360\/revisions\/33361"}],"wp:attachment":[{"href":"https:\/\/www.tjes.jus.br\/corregedoria\/wp-json\/wp\/v2\/media?parent=33360"}],"wp:term":[{"taxonomy":"category","embeddable":true,"href":"https:\/\/www.tjes.jus.br\/corregedoria\/wp-json\/wp\/v2\/categories?post=33360"},{"taxonomy":"post_tag","embeddable":true,"href":"https:\/\/www.tjes.jus.br\/corregedoria\/wp-json\/wp\/v2\/tags?post=33360"}],"curies":[{"name":"wp","href":"https:\/\/api.w.org\/{rel}","templated":true}]}}