{"id":33423,"date":"2022-01-24T15:10:34","date_gmt":"2022-01-24T17:10:34","guid":{"rendered":"https:\/\/www.tjes.jus.br\/corregedoria\/?p=33423"},"modified":"2022-01-24T15:13:27","modified_gmt":"2022-01-24T17:13:27","slug":"portaria-no-012-2022-disp-21-01-2022","status":"publish","type":"post","link":"https:\/\/www.tjes.jus.br\/corregedoria\/2022\/01\/24\/portaria-no-012-2022-disp-21-01-2022\/","title":{"rendered":"PORTARIA N\u00ba 012\/2022 \u2013 DISP. 21\/01\/2022"},"content":{"rendered":"<p class=\"Tabela_Texto_Centralizado\" style=\"text-align: center;\"><strong>PORTARIA N\u00ba 012\/2022<\/strong><\/p>\n<p>&nbsp;<\/p>\n<p class=\"Texto_Justificado\" style=\"text-align: justify;\">O Desembargador\u00a0<strong>CARLOS SIM\u00d5ES FONSECA<\/strong>, Corregedor-Geral da Justi\u00e7a do Estado do Esp\u00edrito Santo, no uso de suas atribui\u00e7\u00f5es legais,<\/p>\n<p class=\"Texto_Justificado\" style=\"text-align: justify;\"><strong>CONSIDERANDO<\/strong>\u00a0o que prescreve o artigo\u00a035, do C\u00f3digo de Organiza\u00e7\u00e3o Judici\u00e1ria do Estado do Esp\u00edrito Santo, no sentido de ser a Corregedoria Geral da Justi\u00e7a o \u00f3rg\u00e3o de fiscaliza\u00e7\u00e3o, que disciplina a orienta\u00e7\u00e3o administrativa com circunscri\u00e7\u00e3o em todo o Estado;<\/p>\n<p class=\"Texto_Justificado\" style=\"text-align: justify;\"><strong>CONSIDERANDO<\/strong>\u00a0a necessidade de ampla divulga\u00e7\u00e3o, transpar\u00eancia e publicidade do cronograma de correi\u00e7\u00f5es do ano de 2022;<\/p>\n<p class=\"Texto_Justificado\" style=\"text-align: justify;\"><strong>CONSIDERANDO<\/strong>\u00a0o cronograma de Correi\u00e7\u00f5es, disponibilizado por meio da <a href=\"https:\/\/www.tjes.jus.br\/corregedoria\/2022\/01\/24\/portaria-no-011-2022-disp-17-01-2022\/\">Portaria n\u00ba 11\/2022<\/a>, de 17\/01\/2022, referente ao ano de 2022;<\/p>\n<p class=\"Texto_Justificado\" style=\"text-align: justify;\"><strong>CONSIDERANDO<\/strong>, por fim, a determina\u00e7\u00e3o\u00a0do colendo Conselho Nacional de Justi\u00e7a inserta no Relat\u00f3rio de Inspe\u00e7\u00e3o Ordin\u00e1ria realizada no Poder Judici\u00e1rio do Estado do Esp\u00edrito Santo no ano de 2021, para que seja instaurada correi\u00e7\u00e3o extraordin\u00e1ria na 1\u00aa Vara C\u00edvel do Ju\u00edzo de Vit\u00f3ria\/ES &#8211; Comarca da Capital e na 3\u00aa Vara Criminal do Ju\u00edzo de Serra\/ES &#8211; Comarca da Capital.<\/p>\n<p class=\"Texto_Justificado\" style=\"text-align: justify;\"><strong>RESOLVE:<\/strong><\/p>\n<p class=\"Texto_Justificado\" style=\"text-align: justify;\"><strong>Art.\u00a01\u00ba.<\/strong>\u00a0INCLUIR no calend\u00e1rio de\u00a0CORREI\u00c7\u00d5ES PRESENCIAIS previsto na <a href=\"https:\/\/www.tjes.jus.br\/corregedoria\/2022\/01\/24\/portaria-no-011-2022-disp-17-01-2022\/\">Portaria n\u00ba 11\/2022<\/a>,\u00a0as seguintes unidades judici\u00e1rias do Estado do Esp\u00edrito Santo:<\/p>\n<p>&nbsp;<\/p>\n<table border=\"1\" cellspacing=\"1\" cellpadding=\"1\">\n<tbody>\n<tr>\n<td align=\"center\" bgcolor=\"#bcbfba\">\n<p class=\"Tabela_Texto_Centralizado\"><strong>M\u00caS\u00a0<\/strong><\/p>\n<\/td>\n<td align=\"center\" bgcolor=\"#bcbfba\">\n<p class=\"Tabela_Texto_Centralizado\"><strong>COMARCA\/JU\u00cdZO<\/strong><\/p>\n<\/td>\n<td align=\"center\" bgcolor=\"#bcbfba\">\n<p class=\"Tabela_Texto_Centralizado\"><strong>MODALIDADE<\/strong><\/p>\n<\/td>\n<\/tr>\n<tr>\n<td colspan=\"1\" rowspan=\"2\">\n<p class=\"Tabela_Texto_Alinhado_Esquerda\"><strong>JANEIRO<\/strong><\/p>\n<\/td>\n<td>\n<p class=\"Tabela_Texto_Alinhado_Esquerda\">3\u00aa VARA CRIMINAL DE SERRA<\/p>\n<\/td>\n<td>\n<p class=\"Tabela_Texto_Alinhado_Esquerda\">PRESENCIAL (<strong>EXTRAORDIN\u00c1RIA<\/strong>\u00a0&#8211; POR DETERMINA\u00c7\u00c3O DO CONSELHO NACIONAL DE JUSTI\u00c7A)<\/p>\n<\/td>\n<\/tr>\n<tr>\n<td>\n<p class=\"Tabela_Texto_Alinhado_Esquerda\">1\u00aa VARA C\u00cdVEL DE VIT\u00d3RIA<\/p>\n<\/td>\n<td>\n<p class=\"Tabela_Texto_Alinhado_Esquerda\">PRESENCIAL (<strong>EXTRAORDIN\u00c1RIA<\/strong>\u00a0&#8211; POR DETERMINA\u00c7\u00c3O DO CONSELHO NACIONAL DE JUSTI\u00c7A)<\/p>\n<\/td>\n<\/tr>\n<\/tbody>\n<\/table>\n<p>&nbsp;<\/p>\n<p class=\"Texto_Justificado\"><strong>Art. 2\u00ba<\/strong>. Esta Portaria entrar\u00e1 em vigor na data da sua publica\u00e7\u00e3o.<\/p>\n<p class=\"Texto_Justificado\">Publique-se. Registre-se. Cumpra-se.<\/p>\n<p>&nbsp;<\/p>\n<p class=\"Texto_Justificado\">Vit\u00f3ria\/ES, 19\u00a0de janeiro\u00a0de 2022.<\/p>\n<p>&nbsp;<\/p>\n<p class=\"Tabela_Texto_Centralizado\" style=\"text-align: center;\"><strong>Desembargador CARLOS SIM\u00d5ES FONSECA<\/strong><\/p>\n<p class=\"Tabela_Texto_Centralizado\" style=\"text-align: center;\"><strong>Corregedor Geral da Justi\u00e7a<\/strong><\/p>\n","protected":false},"excerpt":{"rendered":"<p>PORTARIA N\u00ba 012\/2022 &nbsp; O Desembargador\u00a0CARLOS SIM\u00d5ES FONSECA, Corregedor-Geral da Justi\u00e7a do Estado do Esp\u00edrito Santo, no uso de suas atribui\u00e7\u00f5es legais, CONSIDERANDO\u00a0o que prescreve o artigo\u00a035, do C\u00f3digo de Organiza\u00e7\u00e3o Judici\u00e1ria do Estado do Esp\u00edrito Santo, no sentido de ser a Corregedoria Geral da Justi\u00e7a o \u00f3rg\u00e3o de fiscaliza\u00e7\u00e3o, que disciplina a orienta\u00e7\u00e3o administrativa [&hellip;]<\/p>\n","protected":false},"author":8,"featured_media":0,"comment_status":"closed","ping_status":"closed","sticky":false,"template":"","format":"standard","meta":{"footnotes":""},"categories":[14,6],"tags":[],"_links":{"self":[{"href":"https:\/\/www.tjes.jus.br\/corregedoria\/wp-json\/wp\/v2\/posts\/33423"}],"collection":[{"href":"https:\/\/www.tjes.jus.br\/corregedoria\/wp-json\/wp\/v2\/posts"}],"about":[{"href":"https:\/\/www.tjes.jus.br\/corregedoria\/wp-json\/wp\/v2\/types\/post"}],"author":[{"embeddable":true,"href":"https:\/\/www.tjes.jus.br\/corregedoria\/wp-json\/wp\/v2\/users\/8"}],"replies":[{"embeddable":true,"href":"https:\/\/www.tjes.jus.br\/corregedoria\/wp-json\/wp\/v2\/comments?post=33423"}],"version-history":[{"count":3,"href":"https:\/\/www.tjes.jus.br\/corregedoria\/wp-json\/wp\/v2\/posts\/33423\/revisions"}],"predecessor-version":[{"id":33429,"href":"https:\/\/www.tjes.jus.br\/corregedoria\/wp-json\/wp\/v2\/posts\/33423\/revisions\/33429"}],"wp:attachment":[{"href":"https:\/\/www.tjes.jus.br\/corregedoria\/wp-json\/wp\/v2\/media?parent=33423"}],"wp:term":[{"taxonomy":"category","embeddable":true,"href":"https:\/\/www.tjes.jus.br\/corregedoria\/wp-json\/wp\/v2\/categories?post=33423"},{"taxonomy":"post_tag","embeddable":true,"href":"https:\/\/www.tjes.jus.br\/corregedoria\/wp-json\/wp\/v2\/tags?post=33423"}],"curies":[{"name":"wp","href":"https:\/\/api.w.org\/{rel}","templated":true}]}}