{"id":33467,"date":"2022-01-26T16:31:51","date_gmt":"2022-01-26T18:31:51","guid":{"rendered":"https:\/\/www.tjes.jus.br\/corregedoria\/?p=33467"},"modified":"2022-01-26T16:34:25","modified_gmt":"2022-01-26T18:34:25","slug":"provimento-no-67-2021-disp-07-01-2022","status":"publish","type":"post","link":"https:\/\/www.tjes.jus.br\/corregedoria\/2022\/01\/26\/provimento-no-67-2021-disp-07-01-2022\/","title":{"rendered":"PROVIMENTO N\u00ba 67\/2021 \u2013 DISP. 07\/01\/2022"},"content":{"rendered":"<p class=\"Texto_Centralizado_Maiusculas\" style=\"text-align: center;\"><strong>PROVIMENTO N\u00ba 67\/2021<\/strong><\/p>\n<p>&nbsp;<\/p>\n<p class=\"Texto_Justificado\" style=\"text-align: justify;\">Disp\u00f5e sobre a prorroga\u00e7\u00e3o para o dia 31\u00a0de mar\u00e7o de 2022\u00a0do prazo de vig\u00eancia do<a href=\"https:\/\/www.tjes.jus.br\/corregedoria\/2021\/09\/30\/provimento-no-62-2021-disp-30-09-2021\/\">\u00a0Provimento CGJES n\u00ba 62\/2021<\/a>, e d\u00e1 outras provid\u00eancias.<\/p>\n<p class=\"Texto_Justificado\" style=\"text-align: justify;\">O\u00a0<strong>Desembargador\u00a0Carlos Sim\u00f5es Fonseca, Corregedor Geral da Justi\u00e7a do Estado do Esp\u00edrito Santo<\/strong>, no uso de suas atribui\u00e7\u00f5es legais e,<\/p>\n<p class=\"Texto_Justificado\" style=\"text-align: justify;\"><strong>CONSIDERANDO<\/strong>\u00a0que compete \u00e0 Corregedoria Geral da Justi\u00e7a orientar, normatizar e fiscalizar as atividades das serventias extrajudiciais;<\/p>\n<p class=\"Texto_Justificado\" style=\"text-align: justify;\"><strong>\u00a0<\/strong><\/p>\n<p class=\"Texto_Justificado\" style=\"text-align: justify;\"><strong>CONSIDERANDO<\/strong>\u00a0a necessidade de manter a presta\u00e7\u00e3o dos servi\u00e7os extrajudiciais e o fato de que os servi\u00e7os notariais e de registro s\u00e3o essenciais ao exerc\u00edcio da cidadania, devendo\u00a0ser prestados\u00a0de modo eficiente, adequado e cont\u00ednuo;<\/p>\n<p class=\"Texto_Justificado\"><strong>\u00a0<\/strong><\/p>\n<p class=\"Texto_Justificado\" style=\"text-align: justify;\"><strong>CONSIDERANDO\u00a0<\/strong>a publica\u00e7\u00e3o do Provimento n\u00ba 125\/2021 pela colenda Corregedoria Nacional de Justi\u00e7a, que prorrogou\u00a0o prazo de vig\u00eancia do Provimento n\u00ba 91, 22 de mar\u00e7o de 2020, do Provimento n\u00ba 93, de 26 de mar\u00e7o de 2020, do Provimento n\u00ba 94, de 28 de mar\u00e7o de 2020, do Provimento n\u00ba 95, de 1\u00ba de abril de 2020, do Provimento n\u00ba 97, de 27 de abril de 2020, e do Provimento n\u00ba 98, de 27 de abril de 2020;<\/p>\n<p class=\"Texto_Justificado\" style=\"text-align: justify;\"><strong>RESOLVE:<\/strong><\/p>\n<p class=\"Texto_Justificado\" style=\"text-align: justify;\"><strong>Art. 1\u00ba.<\/strong>\u00a0Prorrogar\u00a0para o dia 31\u00a0de mar\u00e7o de 2022\u00a0o prazo de vig\u00eancia do <a href=\"https:\/\/www.tjes.jus.br\/corregedoria\/2021\/09\/30\/provimento-no-62-2021-disp-30-09-2021\/\">Provimento n\u00ba 62\/2021<\/a>\u00a0da Corregedoria Geral da Justi\u00e7a relacionado ao funcionamento dos servi\u00e7os extrajudiciais no \u00e2mbito do Estado do Esp\u00edrito Santo em decorr\u00eancia da pandemia causada pelo\u00a0v\u00edrus SARS-CoV-2, que poder\u00e1 ser ampliado ou reduzido em conson\u00e2ncia com ato da colenda Corregedoria Nacional de Justi\u00e7a.<\/p>\n<p class=\"Texto_Justificado\" style=\"text-align: justify;\"><strong>Art. 2\u00ba.<\/strong>\u00a0Os casos omissos e eventuais d\u00favidas ser\u00e3o decididos pelo Corregedor Geral da Justi\u00e7a.<\/p>\n<p class=\"Texto_Justificado\" style=\"text-align: justify;\"><strong>Art. 3\u00ba.<\/strong>\u00a0Este Provimento entrar\u00e1 em vigor na data da publica\u00e7\u00e3o.<\/p>\n<p>&nbsp;<\/p>\n<p class=\"Texto_Justificado\"><strong>Publique-se.<\/strong><\/p>\n<p class=\"Texto_Centralizado\" style=\"text-align: center;\"><strong>Desembargador\u00a0CARLOS SIM\u00d5ES FONSECA<\/strong><\/p>\n<p class=\"Texto_Centralizado\" style=\"text-align: center;\"><strong>CORREGEDOR GERAL DA JUSTI\u00c7A<\/strong><\/p>\n","protected":false},"excerpt":{"rendered":"<p>PROVIMENTO N\u00ba 67\/2021 &nbsp; Disp\u00f5e sobre a prorroga\u00e7\u00e3o para o dia 31\u00a0de mar\u00e7o de 2022\u00a0do prazo de vig\u00eancia do\u00a0Provimento CGJES n\u00ba 62\/2021, e d\u00e1 outras provid\u00eancias. O\u00a0Desembargador\u00a0Carlos Sim\u00f5es Fonseca, Corregedor Geral da Justi\u00e7a do Estado do Esp\u00edrito Santo, no uso de suas atribui\u00e7\u00f5es legais e, CONSIDERANDO\u00a0que compete \u00e0 Corregedoria Geral da Justi\u00e7a orientar, normatizar e [&hellip;]<\/p>\n","protected":false},"author":8,"featured_media":0,"comment_status":"closed","ping_status":"closed","sticky":false,"template":"","format":"standard","meta":{"footnotes":""},"categories":[14,16],"tags":[],"_links":{"self":[{"href":"https:\/\/www.tjes.jus.br\/corregedoria\/wp-json\/wp\/v2\/posts\/33467"}],"collection":[{"href":"https:\/\/www.tjes.jus.br\/corregedoria\/wp-json\/wp\/v2\/posts"}],"about":[{"href":"https:\/\/www.tjes.jus.br\/corregedoria\/wp-json\/wp\/v2\/types\/post"}],"author":[{"embeddable":true,"href":"https:\/\/www.tjes.jus.br\/corregedoria\/wp-json\/wp\/v2\/users\/8"}],"replies":[{"embeddable":true,"href":"https:\/\/www.tjes.jus.br\/corregedoria\/wp-json\/wp\/v2\/comments?post=33467"}],"version-history":[{"count":4,"href":"https:\/\/www.tjes.jus.br\/corregedoria\/wp-json\/wp\/v2\/posts\/33467\/revisions"}],"predecessor-version":[{"id":33471,"href":"https:\/\/www.tjes.jus.br\/corregedoria\/wp-json\/wp\/v2\/posts\/33467\/revisions\/33471"}],"wp:attachment":[{"href":"https:\/\/www.tjes.jus.br\/corregedoria\/wp-json\/wp\/v2\/media?parent=33467"}],"wp:term":[{"taxonomy":"category","embeddable":true,"href":"https:\/\/www.tjes.jus.br\/corregedoria\/wp-json\/wp\/v2\/categories?post=33467"},{"taxonomy":"post_tag","embeddable":true,"href":"https:\/\/www.tjes.jus.br\/corregedoria\/wp-json\/wp\/v2\/tags?post=33467"}],"curies":[{"name":"wp","href":"https:\/\/api.w.org\/{rel}","templated":true}]}}