{"id":33493,"date":"2022-01-28T16:12:18","date_gmt":"2022-01-28T18:12:18","guid":{"rendered":"https:\/\/www.tjes.jus.br\/corregedoria\/?p=33493"},"modified":"2022-01-28T16:12:18","modified_gmt":"2022-01-28T18:12:18","slug":"ato-normativo-no-009-2022-disp-28-01-2022","status":"publish","type":"post","link":"https:\/\/www.tjes.jus.br\/corregedoria\/2022\/01\/28\/ato-normativo-no-009-2022-disp-28-01-2022\/","title":{"rendered":"ATO NORMATIVO N\u00ba 009\/2022 \u2013 DISP. 28\/01\/2022"},"content":{"rendered":"<p align=\"center\"><strong>PODER JUDICI\u00c1RIO DO ESTADO DO ESP\u00cdRITO SANTO &#8211; PJES<\/strong><\/p>\n<p align=\"center\"><strong>RUA DESEMBARGADOR HOMERO MAFRA,60 &#8211; Bairro ENSEADA DO SU\u00c1 &#8211; CEP 29050906 &#8211; Vit\u00f3ria &#8211; ES &#8211;\u00a0<a href=\"https:\/\/www.tjes.jus.br\/\">www.tjes.jus.br<\/a><\/strong><\/p>\n<p>&nbsp;<\/p>\n<p align=\"center\">\n<p align=\"center\"><strong>ATO NORMATIVO N\u00ba\u00a0 009 \/2022<\/strong><\/p>\n<p>&nbsp;<\/p>\n<p align=\"justify\">O Excelent\u00edssimo Senhor Desembargador FABIO CLEM DE OLIVEIRA, Presidente do Egr\u00e9gio Tribunal de Justi\u00e7a do Estado do Esp\u00edrito Santo, no uso de suas atribui\u00e7\u00f5es legais e,<\/p>\n<p>&nbsp;<\/p>\n<p align=\"justify\">CONSIDERANDO a ado\u00e7\u00e3o do Sistema Processo Judicial Eletr\u00f4nico \u2013 PJe como sistema informatizado de processo judicial no Poder Judici\u00e1rio do Estado do Esp\u00edrito Santo, nos termos da Resolu\u00e7\u00e3o TJES n\u00ba 19, de 11 de abril de 2014;<\/p>\n<p>&nbsp;<\/p>\n<p align=\"justify\">CONSIDERANDO a necessidade de institucionalizar o di\u00e1logo e a colabora\u00e7\u00e3o no processo de implanta\u00e7\u00e3o do Processo Judicial Eletr\u00f4nico \u2013 PJe no \u00e2mbito do Primeiro e Segundo Graus de Jurisdi\u00e7\u00e3o, com aprimoramento do atendimento da \u00e1rea de TI;<\/p>\n<p>&nbsp;<\/p>\n<p align=\"justify\">CONSIDERANDO a necessidade de virtualiza\u00e7\u00e3o do acervo em tramita\u00e7\u00e3o, a fim de passar a tramitar no Sistema Processo Judicial Eletr\u00f4nico \u2013 PJe;<\/p>\n<p>&nbsp;<\/p>\n<p align=\"justify\">CONSIDERANDO a necessidade de padroniza\u00e7\u00e3o e observ\u00e2ncia \u00e0s especificidades dos arquivos a serem lan\u00e7ados no Sistema Processo Judicial Eletr\u00f4nico \u2013 PJe;<\/p>\n<p>&nbsp;<\/p>\n<p align=\"justify\"><strong>RESOLVE:<\/strong><\/p>\n<p>&nbsp;<\/p>\n<p align=\"justify\">Art. 1\u00b0. &#8211; Instituir e convocar a Equipe Multidisciplinar para definir o m\u00e9todo de trabalho e acompanhar a execu\u00e7\u00e3o das atividades de digitaliza\u00e7\u00e3o, bem como promover a capacita\u00e7\u00e3o dos servidores desta Corte, por meio da confec\u00e7\u00e3o de manual de instru\u00e7\u00f5es para\u00a0viabilizar a atividade de digitaliza\u00e7\u00e3o e migra\u00e7\u00e3o do acervo f\u00edsico para o PJe.<\/p>\n<p>&nbsp;<\/p>\n<p align=\"justify\">Art. 2\u00b0 &#8211; Compete \u00e0 Equipe Multidisciplinar\u00a0a an\u00e1lise da legisla\u00e7\u00e3o vigente, de modo a assegurar a possibilidade da realiza\u00e7\u00e3o do descarte dos processos f\u00edsicos, de acordo com os ditames legais e normas do Poder Judici\u00e1rio do Estado do Esp\u00edrito Santo.<\/p>\n<p>&nbsp;<\/p>\n<p style=\"text-align: justify;\" align=\"justify\">Art. 3\u00b0. Ficam designados os servidores abaixo relacionados para atuar na Equipe Multidisciplinar, que ficar\u00e3o sob coordena\u00e7\u00e3o do Presidente do Comit\u00ea de Governan\u00e7a de Tecnologia da Informa\u00e7\u00e3o e Comunica\u00e7\u00e3o deste Tribunal (CGTIC\/TJES):<\/p>\n<p style=\"text-align: justify;\">\n<p style=\"text-align: justify;\" align=\"justify\">I \u2013 Carlos Vin\u00edcius de Arimat\u00e9a \u2013 Secret\u00e1rio de Tecnologia da Informa\u00e7\u00e3o;<\/p>\n<p style=\"text-align: justify;\" align=\"justify\">II &#8211; Luciana Mer\u00e7on \u2013 Secret\u00e1ria Judici\u00e1ria;<\/p>\n<p style=\"text-align: justify;\" align=\"justify\">III \u2013 Fabio Buaiz de Lima \u2013 Coordenador de Gest\u00e3o de informa\u00e7\u00e3o Documental;<\/p>\n<p style=\"text-align: justify;\" align=\"justify\">IV \u2013 Karla Di Marcello Vallad\u00e3o Lugon Mazzoni \u2013 Coordenadora de Protocolo, Registro e Distribui\u00e7\u00e3o;<\/p>\n<p style=\"text-align: justify;\" align=\"justify\">V \u2013 Jo\u00e3o Mariano Filho\u00a0\u2013 Assessor de N\u00edvel Superior para Assuntos Jur\u00eddico 02;<\/p>\n<p style=\"text-align: justify;\" align=\"justify\">VI \u2013 Luciana Ferreira de Carvalho Mattos Loureiro \u2013 Assessora de N\u00edvel Superior para Assuntos Jur\u00eddico 02;<\/p>\n<p style=\"text-align: justify;\" align=\"justify\">VII \u2013 Bruno Alves de Souza Toledo &#8211; Assessor de N\u00edvel Superior para Assuntos Jur\u00eddico 01.<\/p>\n<p style=\"text-align: justify;\">\n<p align=\"justify\">Art. 4\u00b0. &#8211; Este Ato Normativo entra em vigor na data de sua publica\u00e7\u00e3o.<\/p>\n<p>&nbsp;<\/p>\n<p align=\"justify\">Publique-se.<\/p>\n<p>&nbsp;<\/p>\n<p align=\"justify\">Vit\u00f3ria, 25\u00a0de janeiro de 2022.<\/p>\n<p>&nbsp;<\/p>\n<p>&nbsp;<\/p>\n<p>&nbsp;<\/p>\n<p>&nbsp;<\/p>\n<p align=\"center\"><strong>Des. FABIO CLEM DE OLIVEIRA<\/strong><\/p>\n<p align=\"center\"><strong>PRESIDENTE\u00a0<\/strong><\/p>\n","protected":false},"excerpt":{"rendered":"<p>PODER JUDICI\u00c1RIO DO ESTADO DO ESP\u00cdRITO SANTO &#8211; PJES RUA DESEMBARGADOR HOMERO MAFRA,60 &#8211; Bairro ENSEADA DO SU\u00c1 &#8211; CEP 29050906 &#8211; Vit\u00f3ria &#8211; ES &#8211;\u00a0www.tjes.jus.br &nbsp; ATO NORMATIVO N\u00ba\u00a0 009 \/2022 &nbsp; O Excelent\u00edssimo Senhor Desembargador FABIO CLEM DE OLIVEIRA, Presidente do Egr\u00e9gio Tribunal de Justi\u00e7a do Estado do Esp\u00edrito Santo, no uso de [&hellip;]<\/p>\n","protected":false},"author":8,"featured_media":0,"comment_status":"closed","ping_status":"closed","sticky":false,"template":"","format":"standard","meta":{"footnotes":""},"categories":[4,14],"tags":[],"_links":{"self":[{"href":"https:\/\/www.tjes.jus.br\/corregedoria\/wp-json\/wp\/v2\/posts\/33493"}],"collection":[{"href":"https:\/\/www.tjes.jus.br\/corregedoria\/wp-json\/wp\/v2\/posts"}],"about":[{"href":"https:\/\/www.tjes.jus.br\/corregedoria\/wp-json\/wp\/v2\/types\/post"}],"author":[{"embeddable":true,"href":"https:\/\/www.tjes.jus.br\/corregedoria\/wp-json\/wp\/v2\/users\/8"}],"replies":[{"embeddable":true,"href":"https:\/\/www.tjes.jus.br\/corregedoria\/wp-json\/wp\/v2\/comments?post=33493"}],"version-history":[{"count":1,"href":"https:\/\/www.tjes.jus.br\/corregedoria\/wp-json\/wp\/v2\/posts\/33493\/revisions"}],"predecessor-version":[{"id":33494,"href":"https:\/\/www.tjes.jus.br\/corregedoria\/wp-json\/wp\/v2\/posts\/33493\/revisions\/33494"}],"wp:attachment":[{"href":"https:\/\/www.tjes.jus.br\/corregedoria\/wp-json\/wp\/v2\/media?parent=33493"}],"wp:term":[{"taxonomy":"category","embeddable":true,"href":"https:\/\/www.tjes.jus.br\/corregedoria\/wp-json\/wp\/v2\/categories?post=33493"},{"taxonomy":"post_tag","embeddable":true,"href":"https:\/\/www.tjes.jus.br\/corregedoria\/wp-json\/wp\/v2\/tags?post=33493"}],"curies":[{"name":"wp","href":"https:\/\/api.w.org\/{rel}","templated":true}]}}