{"id":33540,"date":"2022-02-10T14:09:34","date_gmt":"2022-02-10T16:09:34","guid":{"rendered":"https:\/\/www.tjes.jus.br\/corregedoria\/?p=33540"},"modified":"2022-02-10T14:10:36","modified_gmt":"2022-02-10T16:10:36","slug":"oficio-circular-cgjes-1051241-2022-disp-08-02-2022","status":"publish","type":"post","link":"https:\/\/www.tjes.jus.br\/corregedoria\/2022\/02\/10\/oficio-circular-cgjes-1051241-2022-disp-08-02-2022\/","title":{"rendered":"OF\u00cdCIO CIRCULAR CGJES 1051241\/2022 \u2013 DISP. 08\/02\/2022"},"content":{"rendered":"<p class=\"western\" align=\"center\"><strong>PODER JUDICI\u00c1RIO DO ESTADO DO ESP\u00cdRITO SANTO &#8211; PJES<\/strong><\/p>\n<p class=\"western\" align=\"center\"><strong>CORREGEDORIA GERAL DA JUSTI\u00c7A<\/strong><\/p>\n<p class=\"western\" align=\"center\">Av. Jo\u00e3o Batista Parra, n\u00ba 320, Enseada do Su\u00e1 &#8211; Vit\u00f3ria\/ES<br \/>\nCEP: 29.050-375 &#8211; Telefone: (27) 3145-3100<\/p>\n<p>&nbsp;<\/p>\n<p class=\"western\" align=\"center\"><strong>OF\u00cdCIO CIRCULAR CGJES 1051241\/7006749-80.2021.8.08.0000<\/strong><\/p>\n<p>&nbsp;<\/p>\n<p class=\"western\" align=\"justify\">O Exmo. Desembargador\u00a0<strong>CARLOS SIM\u00d5ES FONSECA<\/strong><strong>, C<\/strong>orregedor Geral da Justi\u00e7a do Estado do Esp\u00edrito Santo, no uso de suas atribui\u00e7\u00f5es legais e,<\/p>\n<p>&nbsp;<\/p>\n<p class=\"western\" align=\"justify\"><strong>CONSIDERANDO<\/strong>\u00a0que a Corregedoria Geral da Justi\u00e7a \u00e9 \u00f3rg\u00e3o de fiscaliza\u00e7\u00e3o, disciplina e orienta\u00e7\u00e3o administrativa, com jurisdi\u00e7\u00e3o em todo do Estado, conforme art. 35 da Lei Complementar Estadual n.\u00ba 234\/02;<\/p>\n<p>&nbsp;<\/p>\n<p class=\"western\" align=\"justify\"><strong>CONSIDERANDO<\/strong>\u00a0a disponibiliza\u00e7\u00e3o do Of\u00edcio Circular CGJES 0554942, contendo listagem com os nomes oficiais de todas as serventias extrajudiciais do Estado do Esp\u00edrito Santo, no Di\u00e1rio Eletr\u00f4nico da Justi\u00e7a no dia 27 de outubro de 2020;<\/p>\n<p>&nbsp;<\/p>\n<p class=\"western\" align=\"justify\"><strong>CONSIDERANDO<\/strong>\u00a0a disponibiliza\u00e7\u00e3o do Of\u00edcio Circular CGJES 0648715, contendo corre\u00e7\u00f5es pontuais nos nomes de determinadas serventias, no Di\u00e1rio Eletr\u00f4nico da Justi\u00e7a no dia 15 de mar\u00e7o de 2021;<\/p>\n<p>&nbsp;<\/p>\n<p class=\"western\" align=\"justify\"><strong>CONSIDERANDO<\/strong>\u00a0o disposto nos artigos 10, \u00a7 1\u00ba; 26, II, \u201cc.1\u201d e 34, II, \u201cd\u201d, do novo C\u00f3digo de Normas Extrajudicial;<\/p>\n<p>&nbsp;<\/p>\n<p class=\"western\" style=\"text-align: justify;\" align=\"justify\"><strong>CONSIDERANDO<\/strong>\u00a0a altera\u00e7\u00f5es advindas da Lei Estadual n\u00ba 11.438, publicada em 18 de outubro de 2021, que promoveu a reestrutura\u00e7\u00e3o das serventias extrajudiciais no Estado do Esp\u00edrito Santo;<\/p>\n<p class=\"western\" style=\"text-align: justify;\" align=\"justify\"><strong>CONSIDERANDO<\/strong>\u00a0a necessidade de dar ampla publicidade e atualizar a referida listagem com os nomes oficiais e tendo em vista a obrigatoriedade do seu uso pelas serventias;<\/p>\n<p class=\"western\" style=\"text-align: justify;\" align=\"justify\"><strong>RESOLVE:<\/strong><\/p>\n<p class=\"western\" style=\"text-align: justify;\" align=\"justify\"><strong>ATUALIZAR<\/strong>\u00a0a listagem dos nomes oficiais das serventias extrajudiciais do Estado do Esp\u00edrito Santo e\u00a0<strong>DETERMINAR<\/strong>\u00a0\u00e0s serventias a adequa\u00e7\u00e3o da nomenclatura, adotando-se os nomes oficiais, no prazo de 30 (trinta) dias.<\/p>\n<p class=\"western\" style=\"text-align: justify;\" align=\"justify\">Outrossim,\u00a0<strong>ORIENTO<\/strong>\u00a0aos magistrados com compet\u00eancia em registros p\u00fablicos para que observem as disposi\u00e7\u00f5es do C\u00f3digo de Normas citadas, bem como o anexo contendo os nomes oficiais das serventias, em suas atividades de fiscaliza\u00e7\u00e3o, de car\u00e1ter permanente.<\/p>\n<p>&nbsp;<\/p>\n<p class=\"western\" align=\"justify\"><strong>Publique-se.<\/strong><\/p>\n<p>&nbsp;<\/p>\n<p>&nbsp;<\/p>\n<p>&nbsp;<\/p>\n<p class=\"western\" align=\"center\"><strong>DESEMBARGADOR CARLOS SIM\u00d5ES FONSECA<\/strong><\/p>\n<p class=\"western\" align=\"center\"><strong>Corregedor Geral da Justi\u00e7a<\/strong><\/p>\n<p>&nbsp;<\/p>\n<p>&nbsp;<\/p>\n<p style=\"text-align: center;\"><strong><a href=\"https:\/\/sistemas.tjes.jus.br\/ediario\/images\/RELA%C3%87%C3%83O_DE_CART%C3%93RIOS_-_07-02.pdf\">LISTAGEM DOS NOMES OFICIAIS DAS SERVENTIAS EXTRAJUDICIAIS &#8211; CLIQUE AQUI<\/a><\/strong><\/p>\n","protected":false},"excerpt":{"rendered":"<p>PODER JUDICI\u00c1RIO DO ESTADO DO ESP\u00cdRITO SANTO &#8211; PJES CORREGEDORIA GERAL DA JUSTI\u00c7A Av. Jo\u00e3o Batista Parra, n\u00ba 320, Enseada do Su\u00e1 &#8211; Vit\u00f3ria\/ES CEP: 29.050-375 &#8211; Telefone: (27) 3145-3100 &nbsp; OF\u00cdCIO CIRCULAR CGJES 1051241\/7006749-80.2021.8.08.0000 &nbsp; O Exmo. Desembargador\u00a0CARLOS SIM\u00d5ES FONSECA, Corregedor Geral da Justi\u00e7a do Estado do Esp\u00edrito Santo, no uso de suas atribui\u00e7\u00f5es [&hellip;]<\/p>\n","protected":false},"author":8,"featured_media":0,"comment_status":"closed","ping_status":"closed","sticky":false,"template":"","format":"standard","meta":{"footnotes":""},"categories":[14,5],"tags":[],"_links":{"self":[{"href":"https:\/\/www.tjes.jus.br\/corregedoria\/wp-json\/wp\/v2\/posts\/33540"}],"collection":[{"href":"https:\/\/www.tjes.jus.br\/corregedoria\/wp-json\/wp\/v2\/posts"}],"about":[{"href":"https:\/\/www.tjes.jus.br\/corregedoria\/wp-json\/wp\/v2\/types\/post"}],"author":[{"embeddable":true,"href":"https:\/\/www.tjes.jus.br\/corregedoria\/wp-json\/wp\/v2\/users\/8"}],"replies":[{"embeddable":true,"href":"https:\/\/www.tjes.jus.br\/corregedoria\/wp-json\/wp\/v2\/comments?post=33540"}],"version-history":[{"count":2,"href":"https:\/\/www.tjes.jus.br\/corregedoria\/wp-json\/wp\/v2\/posts\/33540\/revisions"}],"predecessor-version":[{"id":33543,"href":"https:\/\/www.tjes.jus.br\/corregedoria\/wp-json\/wp\/v2\/posts\/33540\/revisions\/33543"}],"wp:attachment":[{"href":"https:\/\/www.tjes.jus.br\/corregedoria\/wp-json\/wp\/v2\/media?parent=33540"}],"wp:term":[{"taxonomy":"category","embeddable":true,"href":"https:\/\/www.tjes.jus.br\/corregedoria\/wp-json\/wp\/v2\/categories?post=33540"},{"taxonomy":"post_tag","embeddable":true,"href":"https:\/\/www.tjes.jus.br\/corregedoria\/wp-json\/wp\/v2\/tags?post=33540"}],"curies":[{"name":"wp","href":"https:\/\/api.w.org\/{rel}","templated":true}]}}