{"id":33614,"date":"2022-03-08T13:17:57","date_gmt":"2022-03-08T16:17:57","guid":{"rendered":"https:\/\/www.tjes.jus.br\/corregedoria\/?p=33614"},"modified":"2022-03-08T13:17:57","modified_gmt":"2022-03-08T16:17:57","slug":"portaria-no-018-2022-disp-08-03-2022","status":"publish","type":"post","link":"https:\/\/www.tjes.jus.br\/corregedoria\/2022\/03\/08\/portaria-no-018-2022-disp-08-03-2022\/","title":{"rendered":"PORTARIA N\u00ba 018\/2022 \u2013 DISP. 08\/03\/2022"},"content":{"rendered":"<p align=\"center\"><strong>PORTARIA N\u00ba 018\/2022<\/strong><\/p>\n<p>&nbsp;<\/p>\n<p align=\"justify\">O Excelent\u00edssimo Senhor Desembargador\u00a0<strong>CARLOS SIM\u00d5ES FONSECA<\/strong>, Corregedor Geral da Justi\u00e7a do Estado do Esp\u00edrito Santo, no uso de suas atribui\u00e7\u00f5es legais e,<\/p>\n<p align=\"justify\"><strong>CONSIDERANDO<\/strong>\u00a0o que prescreve o artigo 35, do C\u00f3digo de Organiza\u00e7\u00e3o Judici\u00e1ria do Estado do Esp\u00edrito Santo, no sentido de ser a Corregedoria Geral da Justi\u00e7a o \u00f3rg\u00e3o de fiscaliza\u00e7\u00e3o, que disciplina a orienta\u00e7\u00e3o administrativa com circunscri\u00e7\u00e3o em todo o Estado;<\/p>\n<p align=\"justify\"><strong>CONSIDERANDO<\/strong>\u00a0a r. DECIS\u00c3O\/OF\u00cdCIO 0828736\/7001862-24.2019.8.08.0000 que julgou pela Perda da Delega\u00e7\u00e3o do Sr. JORGE ALBERTO CUNHA, titular do Cart\u00f3rio de Registro Civil e Tabelionato de Notas do Distrito de Matilde, Comarca de Alfredo Chaves, ocorrida em 22 de julho de 2021, com o que se extinguiu a respectiva delega\u00e7\u00e3o;<\/p>\n<p align=\"justify\"><strong>CONSIDERANDO<\/strong>\u00a0o decidido nos autos dos Processos CGJES n\u00ba 7001862-24.2019.8.08.0000 e o disposto no artigo 9\u00ba, \u00a7 2\u00ba, da Resolu\u00e7\u00e3o n\u00ba 80\/2009, do Conselho Nacional de Justi\u00e7a;<\/p>\n<p align=\"justify\"><strong>RESOLVE<\/strong>:<\/p>\n<p align=\"justify\"><strong>Art. 1\u00ba<\/strong>:\u00a0<strong>DECLARAR<\/strong>\u00a0a vac\u00e2ncia da Delega\u00e7\u00e3o correspondente ao Oficial Cart\u00f3rio de Registro Civil e Tabelionato de Notas do Distrito de Matilde, Comarca de Alfredo Chaves, a partir de 20 de janeiro de 2022;<\/p>\n<p align=\"justify\"><strong>Art. 2\u00ba<\/strong>:\u00a0<strong>DESIGNAR<\/strong>\u00a0para responder pelo expediente da delega\u00e7\u00e3o vaga, a partir de igual data, o Sr. GILSON LUIZ BELLON, Substituto do Cart\u00f3rio do Cart\u00f3rio de Registro Civil e Tabelionato de Notas do Distrito de Matilde, Comarca de Alfredo Chaves;<\/p>\n<p align=\"justify\"><strong>Art. 3\u00ba<\/strong>:\u00a0<strong>INTEGRAR<\/strong>\u00a0a aludida Delega\u00e7\u00e3o na lista das Unidades vagas, sob o n\u00ba 266, pelo crit\u00e9rio de Provimento.<\/p>\n<p align=\"justify\">\n<p align=\"justify\">Vit\u00f3ria\/ES, 04 de mar\u00e7o de 2022.<\/p>\n<p align=\"center\">\nDesembargador\u00a0<strong>CARLOS SIM\u00d5ES FONSECA<br \/>\n<\/strong>Corregedor Geral da Justi\u00e7a<\/p>\n","protected":false},"excerpt":{"rendered":"<p>PORTARIA N\u00ba 018\/2022 &nbsp; O Excelent\u00edssimo Senhor Desembargador\u00a0CARLOS SIM\u00d5ES FONSECA, Corregedor Geral da Justi\u00e7a do Estado do Esp\u00edrito Santo, no uso de suas atribui\u00e7\u00f5es legais e, CONSIDERANDO\u00a0o que prescreve o artigo 35, do C\u00f3digo de Organiza\u00e7\u00e3o Judici\u00e1ria do Estado do Esp\u00edrito Santo, no sentido de ser a Corregedoria Geral da Justi\u00e7a o \u00f3rg\u00e3o de fiscaliza\u00e7\u00e3o, [&hellip;]<\/p>\n","protected":false},"author":8,"featured_media":0,"comment_status":"closed","ping_status":"closed","sticky":false,"template":"","format":"standard","meta":{"footnotes":""},"categories":[14,6],"tags":[],"_links":{"self":[{"href":"https:\/\/www.tjes.jus.br\/corregedoria\/wp-json\/wp\/v2\/posts\/33614"}],"collection":[{"href":"https:\/\/www.tjes.jus.br\/corregedoria\/wp-json\/wp\/v2\/posts"}],"about":[{"href":"https:\/\/www.tjes.jus.br\/corregedoria\/wp-json\/wp\/v2\/types\/post"}],"author":[{"embeddable":true,"href":"https:\/\/www.tjes.jus.br\/corregedoria\/wp-json\/wp\/v2\/users\/8"}],"replies":[{"embeddable":true,"href":"https:\/\/www.tjes.jus.br\/corregedoria\/wp-json\/wp\/v2\/comments?post=33614"}],"version-history":[{"count":1,"href":"https:\/\/www.tjes.jus.br\/corregedoria\/wp-json\/wp\/v2\/posts\/33614\/revisions"}],"predecessor-version":[{"id":33615,"href":"https:\/\/www.tjes.jus.br\/corregedoria\/wp-json\/wp\/v2\/posts\/33614\/revisions\/33615"}],"wp:attachment":[{"href":"https:\/\/www.tjes.jus.br\/corregedoria\/wp-json\/wp\/v2\/media?parent=33614"}],"wp:term":[{"taxonomy":"category","embeddable":true,"href":"https:\/\/www.tjes.jus.br\/corregedoria\/wp-json\/wp\/v2\/categories?post=33614"},{"taxonomy":"post_tag","embeddable":true,"href":"https:\/\/www.tjes.jus.br\/corregedoria\/wp-json\/wp\/v2\/tags?post=33614"}],"curies":[{"name":"wp","href":"https:\/\/api.w.org\/{rel}","templated":true}]}}