{"id":3371,"date":"2016-07-04T15:12:24","date_gmt":"2016-07-04T18:12:24","guid":{"rendered":"https:\/\/www.tjes.jus.br\/corregedoria\/?p=3371"},"modified":"2018-06-21T12:50:08","modified_gmt":"2018-06-21T15:50:08","slug":"resolucao-no-362015-disp-12082015","status":"publish","type":"post","link":"https:\/\/www.tjes.jus.br\/corregedoria\/2016\/07\/04\/resolucao-no-362015-disp-12082015\/","title":{"rendered":"RESOLU\u00c7\u00c3O N\u00ba 36\/2015 &#8211; DISP. 12\/08\/2015 &#8211; REVOGADA"},"content":{"rendered":"<p style=\"text-align: center;\"><del><strong>PODER JUDICI\u00c1RIO DO ESTADO DO ESP\u00cdRITO SANTO<\/strong><\/del><\/p>\n<p style=\"text-align: center;\"><del><strong>TRIBUNAL DE JUSTI\u00c7A<\/strong><\/del><\/p>\n<p style=\"text-align: center;\"><del><strong>PRESID\u00caNCIA<\/strong><\/del><\/p>\n<p style=\"text-align: center;\"><del><strong>RESOLU\u00c7\u00c3O N\u00ba 36\/2015<\/strong><\/del><\/p>\n<p style=\"text-align: justify;\"><del><em>Institui e regulamenta o Programa de Servi\u00e7o Volunt\u00e1rio no \u00e2mbito do Poder Judici\u00e1rio do Estado do Esp\u00edrito Santo e d\u00e1 outras provid\u00eancias.<\/em><\/del><\/p>\n<p style=\"text-align: justify;\"><del>O Presidente do Egr\u00e9gio Tribunal de Justi\u00e7a do Estado do Esp\u00edrito Santo, no uso de suas atribui\u00e7\u00f5es legais e regimentais e, conforme decis\u00e3o do Egr\u00e9gio Tribunal Pleno,<\/del><\/p>\n<p style=\"text-align: justify;\"><del><strong>CONSIDERANDO <\/strong>os princ\u00edpios estabelecidos no art. 37 da Constitui\u00e7\u00e3o Federal, dentre eles o da efici\u00eancia da administra\u00e7\u00e3o;<\/del><\/p>\n<p style=\"text-align: justify;\"><del><strong>CONSIDERANDO<\/strong> que o art. 181, <em>caput<\/em>, da Lei Complementar n.\u00ba 234\/02, atribui ao Tribunal de Justi\u00e7a compet\u00eancia para editar resolu\u00e7\u00f5es complementares a fim de instituir normas gerais e necess\u00e1rias \u00e0 execu\u00e7\u00e3o da organiza\u00e7\u00e3o judici\u00e1ria;<\/del><\/p>\n<p style=\"text-align: justify;\"><del><strong>CONSIDERANDO <\/strong>que efici\u00eancia operacional e gest\u00e3o de pessoas s\u00e3o temas estrat\u00e9gicos para o Poder Judici\u00e1rio, nos termos da <a href=\"https:\/\/www.tjes.jus.br\/corregedoria\/index.php\/2016\/09\/14\/resolucao-cnj-no-70-de-18032009\/\" target=\"_blank\" rel=\"noopener\">Resolu\u00e7\u00e3o n\u00ba 70, de 18 de mar\u00e7o de 2009, do Conselho Nacional de Justi\u00e7a<\/a>;<\/del><\/p>\n<p style=\"text-align: justify;\"><del><strong>CONSIDERANDO<\/strong> a Lei Federal n.\u00ba 9.608, de 18 de fevereiro de 1998, que disp\u00f5e sobre o servi\u00e7o volunt\u00e1rio;<\/del><\/p>\n<p style=\"text-align: justify;\"><del><strong>CONSIDERANDO<\/strong> que h\u00e1 grande car\u00eancia de pessoal especializado, como Psic\u00f3logos, Pedagogos, Psiquiatras e Assistentes Sociais, dentre outros para atendimento de demandas do Poder Judici\u00e1rio;<\/del><\/p>\n<p style=\"text-align: justify;\"><del><strong>CONSIDERANDO<\/strong> as restri\u00e7\u00f5es or\u00e7ament\u00e1rias impostas especialmente pela Lei Complementar n.\u00ba 101\/2000, denominada Lei de Responsabilidade Fiscal, para cria\u00e7\u00e3o e provimento de cargos no \u00e2mbito do Poder Judici\u00e1rio;<\/del><\/p>\n<p style=\"text-align: justify;\"><del><strong>CONSIDERANDO<\/strong> que o voluntariado prov\u00e9m da participa\u00e7\u00e3o espont\u00e2nea, nascida da consci\u00eancia da responsabilidade social e solidariedade, com o prop\u00f3sito de contribuir para ajudar pessoas em dificuldades, amenizar problemas sociais e melhorar a qualidade de vida da comunidade;<\/del><\/p>\n<p style=\"text-align: justify;\"><del><strong>CONSIDERANDO<\/strong> a necessidade de regulamentar o recrutamento e a atua\u00e7\u00e3o de pessoas que querem prestar servi\u00e7os volunt\u00e1rios no \u00e2mbito da Justi\u00e7a do Estado do Esp\u00edrito Santo,<\/del><\/p>\n<p style=\"text-align: justify;\"><del><strong>RESOLVE:<\/strong><\/del><\/p>\n<p style=\"text-align: justify;\"><del>Editar o presente regulamento e instituir o Programa de Servi\u00e7o Volunt\u00e1rio no \u00e2mbito do Poder Judici\u00e1rio do Estado do Esp\u00edrito Santo.<\/del><\/p>\n<p style=\"text-align: center;\"><del><strong>CAP\u00cdTULO I<br \/>\nDas Disposi\u00e7\u00f5es Gerais<\/strong><\/del><\/p>\n<p style=\"text-align: justify;\"><del><strong>Art. 1\u00ba <\/strong>Considera-se servi\u00e7o volunt\u00e1rio a atividade n\u00e3o remunerada, prestada por pessoa f\u00edsica a entidade p\u00fablica de qualquer natureza, ou a institui\u00e7\u00e3o privada de fins n\u00e3o lucrativos, que tenha objetivos c\u00edvicos, culturais, educacionais, cient\u00edficos, recreativos ou de assist\u00eancia social, inclusive mutualidade.<\/del><\/p>\n<p style=\"text-align: justify;\"><del><strong>Art. 2\u00ba <\/strong>Ser\u00e1 permitido a qualquer cidad\u00e3o maior de dezoito anos, inclusive aposentados da pr\u00f3pria institui\u00e7\u00e3o, a presta\u00e7\u00e3o de servi\u00e7os volunt\u00e1rios ao Poder Judici\u00e1rio Estadual no desempenho de fun\u00e7\u00f5es t\u00e9cnicas ou cient\u00edficas de apoio \u00e0 atividade judici\u00e1ria.<\/del><\/p>\n<p style=\"text-align: justify;\"><del>Par\u00e1grafo \u00fanico. O prestador de servi\u00e7os volunt\u00e1rios necessariamente dever\u00e1 ser graduando ou graduado em Direito, Administra\u00e7\u00e3o, Contabilidade, Economia, Comunica\u00e7\u00e3o Social, Arquivologia, Biblioteconomia, Letras, Ci\u00eancia da Computa\u00e7\u00e3o, Medicina, Odontologia, Enfermagem, Nutri\u00e7\u00e3o, Fisioterapia, Psicologia, Servi\u00e7o Social, Pedagogia, Engenharia, Arquitetura ou demais constantes no Quadro de Cargos Efetivos deste Poder.<\/del><\/p>\n<p style=\"text-align: justify;\"><del><strong>Art. 3\u00ba <\/strong>O servi\u00e7o volunt\u00e1rio ser\u00e1 realizado de forma espont\u00e2nea e sem percebimento de contrapresta\u00e7\u00e3o financeira ou qualquer outro tipo de remunera\u00e7\u00e3o, n\u00e3o gerando v\u00ednculo de emprego com o Poder Judici\u00e1rio do Estado do Esp\u00edrito Santo, nem obriga\u00e7\u00e3o de natureza trabalhista, previdenci\u00e1ria, tribut\u00e1ria ou outra afim.<\/del><\/p>\n<p style=\"text-align: center;\"><del><strong>CAP\u00cdTULO II<br \/>\nDa Admiss\u00e3o e Desligamento<\/strong><\/del><\/p>\n<p style=\"text-align: justify;\"><del><strong>Art. 4\u00ba <\/strong>Cabe ao prestador de servi\u00e7os volunt\u00e1rios manifestar explicitamente seu interesse ao Poder Judici\u00e1rio, que apreciar\u00e1 a proposta, de forma discricion\u00e1ria, com base em crit\u00e9rios de conveni\u00eancia e oportunidade.<\/del><\/p>\n<p style=\"text-align: justify;\"><del>\u00a7 1\u00ba A admiss\u00e3o do prestador de servi\u00e7os volunt\u00e1rios exige ato de consentimento da autoridade da localidade onde o servi\u00e7o ser\u00e1 prestado. Em Comarcas ou Ju\u00edzos est\u00e1 vinculada a autoriza\u00e7\u00e3o do Juiz Diretor do Foro e no caso do Tribunal de Justi\u00e7a, \u00e0 autoridade correspondente pelas unidades administrativas ou judici\u00e1rias.<\/del><\/p>\n<p style=\"text-align: justify;\"><del>\u00a7 2\u00ba \u00c9 vedada a presta\u00e7\u00e3o de servi\u00e7o volunt\u00e1rio em percentual superior a 20% (vinte por cento) da soma de cargos do Ju\u00edzo ou Comarca, e, em se tratando do Tribunal de Justi\u00e7a, dos cargos das unidades judici\u00e1rias, conforme n\u00fameros dispostos no C\u00f3digo de Organiza\u00e7\u00e3o Judici\u00e1ria do Estado do Esp\u00edrito Santo.<\/del><\/p>\n<p style=\"text-align: justify;\"><del><strong>Art. 5\u00ba <\/strong>O Termo de Ades\u00e3o \u00e9 o instrumento de formaliza\u00e7\u00e3o do v\u00ednculo de trabalho volunt\u00e1rio. Nele constar\u00e3o:<\/del><\/p>\n<p style=\"text-align: justify;\"><del>I \u2013 plano de atividades com a descri\u00e7\u00e3o detalhada dos servi\u00e7os, os deveres e as proibi\u00e7\u00f5es inerentes ao servi\u00e7o volunt\u00e1rio, nos termos deste ato normativo;<\/del><\/p>\n<p style=\"text-align: justify;\"><del>II \u2013 a escala com os dias e hor\u00e1rios da presta\u00e7\u00e3o do servi\u00e7o volunt\u00e1rio, previamente ajustada entre as partes, conforme a necessidade da unidade onde ser\u00e1 prestado o servi\u00e7o.<\/del><\/p>\n<p style=\"text-align: justify;\"><del>Par\u00e1grafo \u00fanico. Cabe ao Juiz Diretor do Foro ou \u00e0 autoridade correspondente definir o plano de atividades, respeitada a \u00e1rea de forma\u00e7\u00e3o ou gradua\u00e7\u00e3o do colaborador.<\/del><\/p>\n<p style=\"text-align: justify;\"><del><strong>Art. 6\u00ba <\/strong>A assinatura do Termo de Ades\u00e3o exige pr\u00e9via apresenta\u00e7\u00e3o dos seguintes documentos:<\/del><\/p>\n<p style=\"text-align: justify;\"><del>I \u2013 ficha cadastral devidamente preenchida, acompanhada de uma foto 3&#215;4, c\u00f3pia de documento de identidade, CPF e comprovante de resid\u00eancia;<\/del><\/p>\n<p style=\"text-align: justify;\"><del>II \u2013 certificado de reservista, se for o caso;<\/del><\/p>\n<p style=\"text-align: justify;\"><del>III \u2013 documento que comprove a regularidade das obriga\u00e7\u00f5es eleitorais;<\/del><\/p>\n<p style=\"text-align: justify;\"><del>IV \u2013 c\u00f3pia do diploma ou declara\u00e7\u00e3o de matr\u00edcula emitida por institui\u00e7\u00e3o de ensino superior;<\/del><\/p>\n<p style=\"text-align: justify;\"><del>V \u2013 <em>curriculum vitae<\/em>;<\/del><\/p>\n<p style=\"text-align: justify;\"><del>VI \u2013 c\u00f3pia da carteira profissional, no caso de profiss\u00f5es regulamentadas por conselhos de classe;<\/del><\/p>\n<p style=\"text-align: justify;\"><del>VII \u2013 certid\u00f5es negativas da Justi\u00e7a Federal, Eleitoral, Estadual e Militar, bem como do Tribunal de Contas do Estado do Esp\u00edrito Santo;<\/del><\/p>\n<p style=\"text-align: justify;\"><del>VIII \u2013 Certid\u00f5es dos \u00f3rg\u00e3os p\u00fablicos em que tenha trabalhado nos \u00faltimos 10 (dez) anos, constando a informa\u00e7\u00e3o de que n\u00e3o foi demitido ou exonerado a bem do servi\u00e7o p\u00fablico.<\/del><\/p>\n<p style=\"text-align: justify;\"><del><strong>Art. 7\u00ba <\/strong>O Termo de Ades\u00e3o, os documentos pessoais e as anota\u00e7\u00f5es relacionadas ao v\u00ednculo de trabalho volunt\u00e1rio ser\u00e3o mantidas em assentamento individual, o qual posteriormente ser\u00e1 arquivado, no local da presta\u00e7\u00e3o do servi\u00e7o volunt\u00e1rio, observando-se os prazos para guarda de documentos p\u00fablicos.<\/del><\/p>\n<p style=\"text-align: justify;\"><del><strong>Art. 8\u00ba <\/strong>Cumpridas as formalidades legais e assinado o Termo de Ades\u00e3o, o volunt\u00e1rio receber\u00e1 do Poder Judici\u00e1rio o crach\u00e1 de identifica\u00e7\u00e3o, que dever\u00e1 ser devolvido na ocasi\u00e3o de encerramento do v\u00ednculo disposto no Termo de Ades\u00e3o.<\/del><\/p>\n<p style=\"text-align: justify;\"><del>Par\u00e1grafo \u00fanico. Cabe \u00e0 Diretoria do Foro, a impress\u00e3o do crach\u00e1 de identifica\u00e7\u00e3o, respeitando o modelo do anexo 01.<\/del><\/p>\n<p style=\"text-align: justify;\"><del><strong>Art. 9\u00ba <\/strong>A carga hor\u00e1ria do prestador de servi\u00e7os volunt\u00e1rios dever\u00e1 observar o hor\u00e1rio do expediente e a necessidade do setor onde se realizar\u00e1 o servi\u00e7o.<\/del><\/p>\n<p style=\"text-align: justify;\"><del>Par\u00e1grafo \u00fanico. Ser\u00e1 respeitado o limite semanal de, no m\u00ednimo, 02 (duas) horas e, no m\u00e1ximo, 30 (trinta) horas.<\/del><\/p>\n<p style=\"text-align: justify;\"><del><strong>Art. 10 <\/strong>O prazo de dura\u00e7\u00e3o do servi\u00e7o volunt\u00e1rio ser\u00e1 de 02 (dois) anos, prorrog\u00e1vel por igual per\u00edodo, desde que exista anu\u00eancia do Juiz Diretor do Foro ou no caso do Tribunal de Justi\u00e7a, da autoridade respons\u00e1vel pela localidade onde o colaborador exercer\u00e1 as suas atividades.<\/del><\/p>\n<p style=\"text-align: justify;\"><del>Par\u00e1grafo \u00fanico. O servi\u00e7o volunt\u00e1rio realizado por magistrados aposentados n\u00e3o est\u00e1 vinculado a per\u00edodo de vig\u00eancia, podendo ser cessado a qualquer tempo, nos termos do artigo 11.<\/del><\/p>\n<p style=\"text-align: justify;\"><del><strong>Art. 11 <\/strong>O desligamento do prestador de servi\u00e7os volunt\u00e1rios ocorrer\u00e1:<\/del><\/p>\n<p style=\"text-align: justify;\"><del>I \u2013 a pedido do volunt\u00e1rio, que poder\u00e1, quando conveniente, solicitar seu afastamento do programa, comunicando sua decis\u00e3o com anteced\u00eancia m\u00ednima de cinco dias \u00fateis da data em que pretender interromper a presta\u00e7\u00e3o;<\/del><\/p>\n<p style=\"text-align: justify;\"><del>II \u2013 pelo t\u00e9rmino do per\u00edodo de vig\u00eancia disposto no termo de ades\u00e3o de servi\u00e7o volunt\u00e1rio, exceto para servi\u00e7o prestado por magistrados aposentados;<\/del><\/p>\n<p style=\"text-align: justify;\"><del>III \u2013 pelo abandono de suas atividades, que se caracteriza por aus\u00eancia n\u00e3o justificada de cinco dias consecutivos ou de dez dias intercalados, no per\u00edodo de um m\u00eas;<\/del><\/p>\n<p style=\"text-align: justify;\"><del>V \u2013 por viola\u00e7\u00e3o aos deveres e veda\u00e7\u00f5es constantes dos normativos deste Poder Judici\u00e1rio ou deste instrumento de contrato;<\/del><\/p>\n<p style=\"text-align: justify;\"><del>VI \u2013 a qualquer tempo, por interesse da Administra\u00e7\u00e3o.<\/del><\/p>\n<p style=\"text-align: center;\"><del><strong>CAP\u00cdTULO III<br \/>\nDas Atividades<\/strong><\/del><\/p>\n<p style=\"text-align: justify;\"><del><strong>Art. 12 <\/strong>O plano de atividades registrar\u00e1 de forma detalhada os servi\u00e7os que ser\u00e3o desenvolvidos, observando-se a \u00e1rea de conhecimento, o interesse e a experi\u00eancia do colaborador.<\/del><\/p>\n<p style=\"text-align: justify;\"><del><strong>Art. 13 <\/strong>Os servi\u00e7os prestados em car\u00e1ter volunt\u00e1rio ser\u00e3o exercidos exclusivamente em atividades de apoio \u00e0 atividade judici\u00e1ria e administrativa.<\/del><\/p>\n<p style=\"text-align: justify;\"><del>Par\u00e1grafo \u00fanico. Os volunt\u00e1rios graduados, preferencialmente, nas \u00e1reas de Psicologia, Servi\u00e7o Social e Pedagogia devem ser designados exclusivamente nas varas de Fam\u00edlia, Inf\u00e2ncia e Juventude, Viol\u00eancia Dom\u00e9stica e Familiar contra a Mulher, Criminais e Execu\u00e7\u00f5es Penais ou qualquer outra que vier a ser criada com mesma natureza jur\u00eddica.<\/del><\/p>\n<p style=\"text-align: center;\"><del><strong>CAP\u00cdTULO IV<br \/>\nDos Direitos e Responsabilidades<\/strong><\/del><\/p>\n<p style=\"text-align: justify;\"><del><strong>Art. 14 <\/strong>Ser\u00e1 assegurado ao colaborador o melhor aproveitamento de suas habilidades recebendo tarefas e responsabilidades de acordo com seu conhecimento, experi\u00eancia e interesse.<\/del><\/p>\n<p style=\"text-align: justify;\"><del><strong>Art. 15 <\/strong>Ser\u00e3o disponibilizados os recursos indispens\u00e1veis para o servi\u00e7o volunt\u00e1rio, incluindo instala\u00e7\u00f5es e equipamentos adequados.<\/del><\/p>\n<p style=\"text-align: justify;\"><del><strong>Art. 16 <\/strong>S\u00e3o deveres do prestador de servi\u00e7os volunt\u00e1rios, sob pena de desligamento:<\/del><\/p>\n<p style=\"text-align: justify;\"><del>I \u2013 manter comportamento compat\u00edvel com o decoro da institui\u00e7\u00e3o;<\/del><\/p>\n<p style=\"text-align: justify;\"><del>II \u2013 zelar pelo prest\u00edgio do Poder Judici\u00e1rio e pela dignidade de seu servi\u00e7o;<\/del><\/p>\n<p style=\"text-align: justify;\"><del>III \u2013 guardar sigilo sobre assuntos relativos \u00e0 institui\u00e7\u00e3o;<\/del><\/p>\n<p style=\"text-align: justify;\"><del>IV \u2013 observar a assiduidade no desempenho das suas atividades, atuando com presteza nos trabalhos que lhe forem incumbidos;<\/del><\/p>\n<p style=\"text-align: justify;\"><del>V \u2013 usar traje conveniente ao servi\u00e7o;<\/del><\/p>\n<p style=\"text-align: justify;\"><del>VI \u2013 identificar-se, mediante uso de crach\u00e1 de identifica\u00e7\u00e3o, conforme modelo disposto no anexo I, nas instala\u00e7\u00f5es de trabalho ou externamente quando a servi\u00e7o do Poder Judici\u00e1rio;<\/del><\/p>\n<p style=\"text-align: justify;\"><del>VII \u2013 tratar com urbanidade os membros da Magistratura, Minist\u00e9rio P\u00fablico, servidores e auxiliares do Poder Judici\u00e1rio, advogados e p\u00fablico em geral;<\/del><\/p>\n<p style=\"text-align: justify;\"><del>VIII \u2013 executar as atribui\u00e7\u00f5es constantes do Termo de Ades\u00e3o, sob orienta\u00e7\u00e3o e supervis\u00e3o de membro ou servidor no setor a que esteja subordinado;<\/del><\/p>\n<p style=\"text-align: justify;\"><del>IX\u2013 justificar as aus\u00eancias nos dias em que estiver escalado para a presta\u00e7\u00e3o volunt\u00e1ria;<\/del><\/p>\n<p style=\"text-align: justify;\"><del>X \u2013 respeitar as normas legais e regulamentares.<\/del><\/p>\n<p style=\"text-align: justify;\"><del><strong>Art. 17 <\/strong>Ao prestador de servi\u00e7os volunt\u00e1rios \u00e9 proibido:<\/del><\/p>\n<p style=\"text-align: justify;\"><del>I \u2013 identificar-se invocando sua qualidade de prestador de servi\u00e7os volunt\u00e1rios quando n\u00e3o estiver no pleno exerc\u00edcio das atividades volunt\u00e1rias desenvolvidas neste \u00f3rg\u00e3o;<\/del><\/p>\n<p style=\"text-align: justify;\"><del>II \u2013 receber, a qualquer t\u00edtulo, remunera\u00e7\u00e3o pela presta\u00e7\u00e3o do servi\u00e7o volunt\u00e1rio, inclusive as de car\u00e1ter indenizat\u00f3rio, tais como di\u00e1rias, passagens, despesas com transporte e afins;<\/del><\/p>\n<p style=\"text-align: justify;\"><del>III \u2013 retirar e\/ou utilizar qualquer material de uso exclusivo do servi\u00e7o para qualquer fim;<\/del><\/p>\n<p style=\"text-align: justify;\"><del>IV \u2013 o exerc\u00edcio da advocacia ou a realiza\u00e7\u00e3o de est\u00e1gio em escrit\u00f3rio ou sociedade de advogados.<\/del><\/p>\n<p style=\"text-align: justify;\"><del><strong>Art. 18 <\/strong>O prestador de servi\u00e7os volunt\u00e1rios \u00e9 respons\u00e1vel por todos os atos que praticar no exerc\u00edcio de seu servi\u00e7o, respondendo nas esferas civil, administrativa e penal pelo exerc\u00edcio irregular de suas atribui\u00e7\u00f5es.<\/del><\/p>\n<p style=\"text-align: justify;\"><del><strong>Art. 19 <\/strong>Ao t\u00e9rmino da vig\u00eancia do Termo de Ades\u00e3o ser\u00e1 emitido certificado de presta\u00e7\u00e3o de servi\u00e7o volunt\u00e1rio pelo Juiz Diretor do Foro ou autoridade correspondente, contendo o local, o per\u00edodo de trabalho e as atividades desenvolvidas.<\/del><\/p>\n<p style=\"text-align: center;\"><del><strong>CAP\u00cdTULO V<br \/>\nDisposi\u00e7\u00f5es Finais<\/strong><\/del><\/p>\n<p style=\"text-align: justify;\"><del><strong>Art. 20 <\/strong>As disposi\u00e7\u00f5es previstas nesta Resolu\u00e7\u00e3o se aplicam a todo servi\u00e7o volunt\u00e1rio no Poder Judici\u00e1rio do Estado do Esp\u00edrito Santo, inclusive aquele prestado nas Varas com compet\u00eancia na mat\u00e9ria da inf\u00e2ncia e juventude.<\/del><\/p>\n<p style=\"text-align: justify;\"><del>Par\u00e1grafo \u00fanico. Fica vedada a designa\u00e7\u00e3o de pessoas para exercer a fun\u00e7\u00e3o de agente volunt\u00e1rio de prote\u00e7\u00e3o \u00e0 crian\u00e7a e ao adolescente a partir da entrada em vigor desta Resolu\u00e7\u00e3o.<\/del><\/p>\n<p style=\"text-align: justify;\"><del><strong>Art. 21 <\/strong>Os casos omissos ser\u00e3o resolvidos pelo Presidente do Tribunal de Justi\u00e7a.<\/del><\/p>\n<p style=\"text-align: justify;\"><del><strong>Art. 22 <\/strong>Esta Resolu\u00e7\u00e3o entra em vigor na data de sua publica\u00e7\u00e3o.<\/del><\/p>\n<p>&nbsp;<\/p>\n<p style=\"text-align: justify;\"><del><strong>Vit\u00f3ria\/ES, 06 de agosto de 2015.<\/strong><\/del><\/p>\n<p style=\"text-align: center;\"><del>DESEMBARGADOR <strong>S\u00c9RGIO BIZZOTTO PESSOA DE MENDON\u00c7A<br \/>\n<\/strong>PRESIDENTE<\/del><\/p>\n<h2 style=\"text-align: center;\"><del><strong>ANEXO 1<\/strong> \u2013 MODELO DE CRACH\u00c1 DE IDENTIFICA\u00c7\u00c3O<\/del><\/h2>\n<table>\n<tbody>\n<tr>\n<td width=\"141\"><\/td>\n<td width=\"251\"><del><strong>PODER JUDICI\u00c1RIO<\/strong><\/del><\/p>\n<p><del><strong>ESTADO DO ESP\u00cdRITO SANTO<\/strong><\/del><\/td>\n<td width=\"156\"><\/td>\n<\/tr>\n<tr>\n<td width=\"141\"><\/td>\n<td width=\"251\">\n<p style=\"text-align: center;\"><del><strong>SERVI\u00c7O<\/strong><\/del><\/p>\n<p style=\"text-align: center;\"><del><strong>VOLUNT\u00c1RIO<\/strong><\/del><\/p>\n<\/td>\n<td width=\"156\"><\/td>\n<\/tr>\n<tr>\n<td width=\"141\"><\/td>\n<td width=\"251\">\n<p style=\"text-align: center;\"><del>FOTO<\/del><\/p>\n<p style=\"text-align: center;\"><del><strong>NOME DO VOLUNT\u00c1RIO:<\/strong><\/del><\/p>\n<p style=\"text-align: center;\"><del><strong>JO\u00c3O DA SILVA<\/strong><\/del><\/p>\n<p style=\"text-align: center;\"><del><strong>COMARCA\/SETOR:<\/strong><\/del><\/p>\n<p style=\"text-align: center;\"><del><strong>VIT\u00d3RIA<\/strong><\/del><\/p>\n<\/td>\n<td width=\"156\"><\/td>\n<\/tr>\n<\/tbody>\n<\/table>\n<h2 style=\"text-align: center;\"><del><strong>ANEXO 2 <\/strong>\u2013 TERMO DE ADES\u00c3O<\/del><\/h2>\n<p style=\"text-align: center;\"><del><strong>PODER JUDICI\u00c1RIO<\/strong><\/del><\/p>\n<p style=\"text-align: center;\"><del><strong>TRIBUNAL DE JUSTI\u00c7A DO ESTADO DO ESP\u00cdRITO SANTO<\/strong><\/del><\/p>\n<p style=\"text-align: center;\"><del><strong>SERVI\u00c7O VOLUNT\u00c1RIO<\/strong><\/del><\/p>\n<p style=\"text-align: center;\"><del><strong>TERMO DE ADES\u00c3O<\/strong><\/del><\/p>\n<p style=\"text-align: justify;\"><del>TERMO DE ADES\u00c3O DE SERVI\u00c7O VOLUNT\u00c1RIO que entre si celebram o Tribunal de Justi\u00e7a do Estado do Esp\u00edrito Santo, neste ato representado pelo _______________________________________________ (cargo da autoridade) da localidade de __________________________ (nome da comarca ou do \u00f3rg\u00e3o do Tribunal de Justi\u00e7a da presta\u00e7\u00e3o do servi\u00e7o volunt\u00e1rio) e o(a) Sr(a). ____________________________________________________, CPF n\u00ba __________________________, RG n\u00ba _______________________ residente _____________________________________________ n\u00ba ______, Bairro ___________________________,______________________, aqui denominado VOLUNT\u00c1RIO, com fundamento na Lei n\u00ba 9.608, de 18 de fevereiro de 1998 e a Resolu\u00e7\u00e3o n\u00ba XXXX\/2015, de ______\/_______\/2015, resolvem firmar o presente instrumento mediante as cl\u00e1usulas e condi\u00e7\u00f5es seguintes:<\/del><\/p>\n<p style=\"text-align: justify;\"><del><strong>Cl\u00e1usula Primeira<\/strong>: O servi\u00e7o volunt\u00e1rio ser\u00e1 prestado no \u00e2mbito do Poder Judici\u00e1rio do Estado do Esp\u00edrito Santo, e realizado de forma espont\u00e2nea e sem o percebimento de contrapresta\u00e7\u00e3o financeira ou qualquer outro tipo de remunera\u00e7\u00e3o, sem v\u00ednculo empregat\u00edcio, funcional ou qualquer obriga\u00e7\u00e3o de natureza trabalhista, previdenci\u00e1ria, tribut\u00e1ria ou afim, nos seguintes termos:<\/del><\/p>\n<p style=\"text-align: justify;\"><del>Trabalho volunt\u00e1rio na \u00e1rea\/setor de: _________________________________<\/del><\/p>\n<p style=\"text-align: justify;\"><del>_______________________________________________________________<\/del><\/p>\n<p style=\"text-align: justify;\"><del>Servi\u00e7o prestado: _________________________________________________<\/del><\/p>\n<p style=\"text-align: justify;\"><del>_______________________________________________________________<\/del><\/p>\n<p style=\"text-align: justify;\"><del>Per\u00edodo de atividade (di\u00e1ria, semanal e hor\u00e1rios):<\/del><\/p>\n<p style=\"text-align: justify;\"><del>_______________________________________________________________<\/del><\/p>\n<p style=\"text-align: justify;\"><del><strong>Cl\u00e1usula Segunda<\/strong>: Ao Poder Judici\u00e1rio compete:<\/del><\/p>\n<p style=\"text-align: justify;\"><del>I \u2013 manter servidor para acompanhar os servi\u00e7os realizados pelo volunt\u00e1rio;<\/del><\/p>\n<p style=\"text-align: justify;\"><del>II \u2013 controlar e avaliar a execu\u00e7\u00e3o do servi\u00e7o volunt\u00e1rio;<\/del><\/p>\n<p style=\"text-align: justify;\"><del>III \u2013 oferecer as condi\u00e7\u00f5es necess\u00e1rias para o bom desempenho das atribui\u00e7\u00f5es conferidas ao prestador do servi\u00e7o volunt\u00e1rio;<\/del><\/p>\n<p style=\"text-align: justify;\"><del>IV \u2013 emitir certificado de presta\u00e7\u00e3o de servi\u00e7o volunt\u00e1rio, ao termino da vig\u00eancia do presente termo de ades\u00e3o.<\/del><\/p>\n<p style=\"text-align: justify;\"><del><strong>Cl\u00e1usula Terceira<\/strong>: S\u00e3o deveres do volunt\u00e1rio:<\/del><\/p>\n<p style=\"text-align: justify;\"><del>I \u2013 manter comportamento compat\u00edvel com o decoro da institui\u00e7\u00e3o;<\/del><\/p>\n<p style=\"text-align: justify;\"><del>II \u2013 zelar pelo prest\u00edgio do Poder Judici\u00e1rio e pela dignidade de seu servi\u00e7o;<\/del><\/p>\n<p style=\"text-align: justify;\"><del>III \u2013 guardar sigilo sobre assuntos relativos \u00e0 institui\u00e7\u00e3o;<\/del><\/p>\n<p style=\"text-align: justify;\"><del>IV \u2013 observar a assiduidade no desempenho das suas atividades, atuando com presteza nos trabalhos que lhe forem incumbidos;<\/del><\/p>\n<p style=\"text-align: justify;\"><del>V \u2013 usar traje conveniente ao servi\u00e7o;<\/del><\/p>\n<p style=\"text-align: justify;\"><del>VI \u2013 identificar-se, mediante uso de crach\u00e1 de identifica\u00e7\u00e3o, nas instala\u00e7\u00f5es de trabalho ou externamente quando a servi\u00e7o do Poder Judici\u00e1rio;<\/del><\/p>\n<p style=\"text-align: justify;\"><del>VII \u2013 tratar com urbanidade os membros da Magistratura, Minist\u00e9rio P\u00fablico, servidores e auxiliares do Poder Judici\u00e1rio, advogados e p\u00fablico em geral;<\/del><\/p>\n<p style=\"text-align: justify;\"><del>VIII \u2013 executar as atribui\u00e7\u00f5es constantes do Termo de Ades\u00e3o, sob orienta\u00e7\u00e3o e supervis\u00e3o de membro ou servidor no setor a que esteja subordinado;<\/del><\/p>\n<p style=\"text-align: justify;\"><del>IX\u2013 justificar as aus\u00eancias nos dias em que estiver escalado para a presta\u00e7\u00e3o volunt\u00e1ria;<\/del><\/p>\n<p style=\"text-align: justify;\"><del>X \u2013 respeitar as normas legais e regulamentares;<\/del><\/p>\n<p style=\"text-align: justify;\"><del>XI \u2013 apresentar, ao seu chefe imediato, no prazo de 5(cinco) dias, justificativa por atraso ou falta, a ser encaminhado \u00e0 Diretoria do Foro, ou \u00e0 unidade em que est\u00e1 exercendo suas atividades;<\/del><\/p>\n<p style=\"text-align: justify;\"><del>XII \u2013 comunicar, por escrito, \u00e0 autoridade respons\u00e1vel do local da presta\u00e7\u00e3o do servi\u00e7o volunt\u00e1rio, o seu afastamento do servi\u00e7o volunt\u00e1rio, com anteced\u00eancia de 5(cinco) dias \u00fateis.<\/del><\/p>\n<p style=\"text-align: justify;\"><del><strong>Cl\u00e1usula Quarta<\/strong>: Ao volunt\u00e1rio \u00e9 proibido:<\/del><\/p>\n<p style=\"text-align: justify;\"><del>I \u2013 identificar-se, invocando sua qualidade funcional, ou usar pap\u00e9is com timbre do Poder Judici\u00e1rio, fora do setor ou da \u00e1rea de atua\u00e7\u00e3o;<\/del><\/p>\n<p style=\"text-align: justify;\"><del>II \u2013 portar distintivos e ins\u00edgnias privativos dos membros do Poder Judici\u00e1rio e demais servidores;<\/del><\/p>\n<p style=\"text-align: justify;\"><del>III \u2013 prestar servi\u00e7o em escrit\u00f3rio de advocacia, remunerado ou n\u00e3o, ou dele receber qualquer vantagem ou orienta\u00e7\u00e3o profissional;<\/del><\/p>\n<p style=\"text-align: justify;\"><del>IV \u2013 retirar e\/ou utilizar qualquer material de uso exclusivo do servi\u00e7o para qualquer fim;<\/del><\/p>\n<p style=\"text-align: justify;\"><del><strong>Cl\u00e1usula Quinta<\/strong>: O servi\u00e7o volunt\u00e1rio ser\u00e1 realizado a partir desta data pelo prazo de ____________________________, podendo ser prorrogado por igual per\u00edodo, mediante concord\u00e2ncia de ambas as partes.<\/del><\/p>\n<p style=\"text-align: justify;\"><del><strong>Par\u00e1grafo \u00fanico. <\/strong>O servi\u00e7o volunt\u00e1rio realizado por magistrados aposentados n\u00e3o est\u00e1 vinculado a per\u00edodo de vig\u00eancia, podendo ser cessado a qualquer tempo, nos termos da cl\u00e1usula sexta deste Termo de Ades\u00e3o.<\/del><\/p>\n<p style=\"text-align: justify;\"><del><strong>Cl\u00e1usula Sexta<\/strong>: A extin\u00e7\u00e3o da presta\u00e7\u00e3o do servi\u00e7o volunt\u00e1rio dar-se-\u00e1:<\/del><\/p>\n<p style=\"text-align: justify;\"><del>I \u2013 a pedido do volunt\u00e1rio, que poder\u00e1, quando conveniente, solicitar seu afastamento do programa, comunicando sua decis\u00e3o com anteced\u00eancia m\u00ednima de cinco dias \u00fateis da data em que pretender interromper a presta\u00e7\u00e3o;<\/del><\/p>\n<p style=\"text-align: justify;\"><del>II \u2013 pelo t\u00e9rmino do per\u00edodo de vig\u00eancia disposto no termo de ades\u00e3o de servi\u00e7o volunt\u00e1rio, exceto para servi\u00e7o prestado por magistrados aposentados;<\/del><\/p>\n<p style=\"text-align: justify;\"><del>III \u2013 pelo abandono de suas atividades, que se caracteriza por aus\u00eancia n\u00e3o justificada de cinco dias consecutivos ou de dez dias intercalados, no per\u00edodo de um m\u00eas;<\/del><\/p>\n<p style=\"text-align: justify;\"><del>V \u2013 por viola\u00e7\u00e3o aos deveres e veda\u00e7\u00f5es constantes dos normativos deste Poder Judici\u00e1rio ou deste instrumento de contrato;<\/del><\/p>\n<p style=\"text-align: justify;\"><del>VI \u2013 a qualquer tempo, por interesse da Administra\u00e7\u00e3o.<\/del><\/p>\n<p style=\"text-align: justify;\"><del><strong>Par\u00e1grafo \u00fanico.<\/strong> A cobran\u00e7a ou a percep\u00e7\u00e3o de qualquer verba por parte do volunt\u00e1rio, em raz\u00e3o das fun\u00e7\u00f5es exercidas no \u00e2mbito do Poder Judici\u00e1rio, al\u00e9m de ensejar a sua exclus\u00e3o imediata do Programa, ser\u00e1 objeto das medidas cab\u00edveis e encaminhamento \u00e0s autoridades competentes para fins de responsabiliza\u00e7\u00e3o criminal.<\/del><\/p>\n<p style=\"text-align: justify;\"><del><strong>Cl\u00e1usula S\u00e9tima:<\/strong> Para dirimir quaisquer d\u00favidas em virtude do presente termo de ades\u00e3o, as partes elegem o foro da Comarca da presta\u00e7\u00e3o do servi\u00e7o ou, em se tratando de Tribunal de Justi\u00e7a, a Comarca de Vit\u00f3ria, com expressa ren\u00fancia de outro, por mais privilegiado que seja.<\/del><\/p>\n<p style=\"text-align: justify;\"><del>_______________________, _________ de _________________de ______.<\/del><\/p>\n<p style=\"text-align: justify;\"><del>Volunt\u00e1rio: ____________________________________<\/del><\/p>\n<p style=\"text-align: justify;\"><del>Poder Judici\u00e1rio: ________________________________<\/del><\/p>\n<h2 style=\"text-align: center;\"><\/h2>\n<h2 style=\"text-align: center;\"><del><strong>ANEXO 3 <\/strong>\u2013 MODELO DE CERTIFICADO<\/del><\/h2>\n<p style=\"text-align: center;\"><del><strong>PODER JUDICI\u00c1RIO<\/strong><\/del><\/p>\n<p style=\"text-align: center;\"><del><strong>ESTADO DO ESP\u00cdRITO SANTO<\/strong><\/del><\/p>\n<p style=\"text-align: center;\"><del><strong>CERTIFICADO DE PRESTA\u00c7\u00c3O DE SERVI\u00c7O VOLUNT\u00c1RIO<\/strong><\/del><\/p>\n<p style=\"text-align: justify;\"><del>Certificamos que ______________________________________________________________ prestou servi\u00e7o volunt\u00e1rio no Cart\u00f3rio\/Setor de ______________________________________ no per\u00edodo de __________________ a ____________________, completando um total de _____ (______________________________________________) horas de atividade.<\/del><\/p>\n<p style=\"text-align: justify;\"><del>(Comarca\/Setor), __________ de _______________________ de _______.<\/del><\/p>\n<p style=\"text-align: justify;\"><del>Autoridade:<\/del><\/p>\n<p style=\"text-align: justify;\"><del>____________________________________<\/del><\/p>\n<p>&nbsp;<\/p>\n<p>&nbsp;<\/p>\n<h1 style=\"text-align: center;\"><strong><span style=\"color: #ff0000;\">REVOGADA PELA<a href=\"https:\/\/www.tjes.jus.br\/corregedoria\/2018\/06\/12\/resolucao-no-21-2018-disp-29-05-2018\/\" target=\"_blank\" rel=\"noopener\"> RESOLU\u00c7\u00c3O N\u00b0 021\/2018<\/a> DISP. 29\/05\/2018.<\/span><\/strong><\/h1>\n","protected":false},"excerpt":{"rendered":"<p>PODER JUDICI\u00c1RIO DO ESTADO DO ESP\u00cdRITO SANTO TRIBUNAL DE JUSTI\u00c7A PRESID\u00caNCIA RESOLU\u00c7\u00c3O N\u00ba 36\/2015 Institui e regulamenta o Programa de Servi\u00e7o Volunt\u00e1rio no \u00e2mbito do Poder Judici\u00e1rio do Estado do Esp\u00edrito Santo e d\u00e1 outras provid\u00eancias. O Presidente do Egr\u00e9gio Tribunal de Justi\u00e7a do Estado do Esp\u00edrito Santo, no uso de suas atribui\u00e7\u00f5es legais e [&hellip;]<\/p>\n","protected":false},"author":1,"featured_media":0,"comment_status":"open","ping_status":"open","sticky":false,"template":"","format":"standard","meta":{"footnotes":""},"categories":[14,13],"tags":[],"_links":{"self":[{"href":"https:\/\/www.tjes.jus.br\/corregedoria\/wp-json\/wp\/v2\/posts\/3371"}],"collection":[{"href":"https:\/\/www.tjes.jus.br\/corregedoria\/wp-json\/wp\/v2\/posts"}],"about":[{"href":"https:\/\/www.tjes.jus.br\/corregedoria\/wp-json\/wp\/v2\/types\/post"}],"author":[{"embeddable":true,"href":"https:\/\/www.tjes.jus.br\/corregedoria\/wp-json\/wp\/v2\/users\/1"}],"replies":[{"embeddable":true,"href":"https:\/\/www.tjes.jus.br\/corregedoria\/wp-json\/wp\/v2\/comments?post=3371"}],"version-history":[{"count":12,"href":"https:\/\/www.tjes.jus.br\/corregedoria\/wp-json\/wp\/v2\/posts\/3371\/revisions"}],"predecessor-version":[{"id":24356,"href":"https:\/\/www.tjes.jus.br\/corregedoria\/wp-json\/wp\/v2\/posts\/3371\/revisions\/24356"}],"wp:attachment":[{"href":"https:\/\/www.tjes.jus.br\/corregedoria\/wp-json\/wp\/v2\/media?parent=3371"}],"wp:term":[{"taxonomy":"category","embeddable":true,"href":"https:\/\/www.tjes.jus.br\/corregedoria\/wp-json\/wp\/v2\/categories?post=3371"},{"taxonomy":"post_tag","embeddable":true,"href":"https:\/\/www.tjes.jus.br\/corregedoria\/wp-json\/wp\/v2\/tags?post=3371"}],"curies":[{"name":"wp","href":"https:\/\/api.w.org\/{rel}","templated":true}]}}