{"id":33727,"date":"2022-04-01T15:43:24","date_gmt":"2022-04-01T18:43:24","guid":{"rendered":"https:\/\/www.tjes.jus.br\/corregedoria\/?p=33727"},"modified":"2025-02-21T13:16:02","modified_gmt":"2025-02-21T16:16:02","slug":"resolucao-no-003-2022-disp-01-04-2022","status":"publish","type":"post","link":"https:\/\/www.tjes.jus.br\/corregedoria\/2022\/04\/01\/resolucao-no-003-2022-disp-01-04-2022\/","title":{"rendered":"RESOLU\u00c7\u00c3O N\u00ba 003\/2022 \u2013 DISP. 01\/04\/2022 &#8211; ALTERADO &#8211; REVOGADO"},"content":{"rendered":"<p style=\"text-align: center;\"><strong><span style=\"color: #ff0000;\">REVOGADO\u00a0 PELA<\/span>\u00a0<a href=\"https:\/\/www.tjes.jus.br\/corregedoria\/2025\/02\/21\/resolucao-no-14-2025-disp-21-02-2025\/\">Resolu\u00e7\u00e3o n\u00ba 14\/2025\u00a0<\/a><span style=\"color: #ff0000;\">DISP. 21\/02\/2025<\/span><\/strong><\/p>\n<p style=\"text-align: center;\"><del><strong><span style=\"color: #ff0000;\">ALTERADO PELA<\/span>\u00a0<a href=\"https:\/\/www.tjes.jus.br\/corregedoria\/2024\/08\/09\/resolucao-no-086-2024-disp-09-08-2024\/\">Resolu\u00e7\u00e3o n\u00ba 086\/2024<\/a> <span style=\"color: #ff0000;\">DISP. 09\/08\/2024<\/span><\/strong><\/del><\/p>\n<p style=\"text-align: center;\"><del><strong><span style=\"color: #ff0000;\">ALTERADO PELA<\/span>\u00a0<a href=\"https:\/\/www.tjes.jus.br\/corregedoria\/2023\/06\/20\/resolucao-no-020-2023-disp-20-06-2023\/\">Resolu\u00e7\u00e3o n\u00ba 020\/2023\u00a0<\/a><span style=\"color: #ff0000;\">DISP. 20\/06\/2023<\/span><\/strong><\/del><\/p>\n<p align=\"center\"><del><strong>ESTADO DO ESP\u00cdRITO SANTO<\/strong><\/del><\/p>\n<p align=\"center\"><del><strong>PODER JUDICI\u00c1RIO<\/strong><\/del><\/p>\n<p align=\"center\"><del><strong>TRIBUNAL DE JUSTI\u00c7A<\/strong><\/del><\/p>\n<p style=\"text-align: center;\"><del><strong>RESOLU\u00c7\u00c3O N\u00ba\u2006 \u2006003 \/ 2022\u00a0<\/strong><\/del><\/p>\n<p><del>Institui o Programa de Resid\u00eancia Jur\u00eddica no Poder Judici\u00e1rio do Estado do Esp\u00edrito Santo.<\/del><\/p>\n<p style=\"text-align: justify;\"><del>O Presidente do Tribunal de Justi\u00e7a do Estado do Esp\u00edrito Santo, no uso de suas atribui\u00e7\u00f5es legais e regimentais;<\/del><\/p>\n<p style=\"text-align: justify;\"><del>CONSIDERANDO o que disp\u00f5e a Resolu\u00e7\u00e3o n\u00ba 439, de 7 de janeiro de 2022, do Conselho Nacional de Justi\u00e7a;<\/del><\/p>\n<p style=\"text-align: justify;\"><del>CONSIDERANDO que o Poder Judici\u00e1rio deve trabalhar o aprimoramento e aperfei\u00e7oamento de bachar\u00e9is em Direito, a fim de que possam ser agentes auxiliares de transforma\u00e7\u00e3o e moderniza\u00e7\u00e3o da Justi\u00e7a;<\/del><\/p>\n<p style=\"text-align: justify;\"><del>CONSIDERANDO a exist\u00eancia de profissionais do ramo de direito rec\u00e9m-formados necessitando de aprofundamento de conhecimento pr\u00e1tico e que podem ser instru\u00eddos por magistrados e servidores;<\/del><\/p>\n<p style=\"text-align: justify;\"><del>CONSIDERANDO a conveni\u00eancia da institui\u00e7\u00e3o do Programa de Resid\u00eancia Jur\u00eddica como mecanismo de melhoria do aprendizado da atividade jur\u00eddica que deve ser desenvolvida em gabinete de magistrado, secretarias judiciais, n\u00facleo permanente de m\u00e9todos consensuais de solu\u00e7\u00e3o de conflitos &#8211; NUPMEC e centros judici\u00e1rios de solu\u00e7\u00e3o de conflitos e cidadania &#8211; CEJUSCs;<\/del><\/p>\n<p style=\"text-align: justify;\"><del>CONSIDERANDO a decis\u00e3o plen\u00e1ria tomada na Sess\u00e3o Ordin\u00e1ria do Egr\u00e9gio Tribunal Pleno, realizada no dia 24 de mar\u00e7o de 2022;<\/del><\/p>\n<p style=\"text-align: justify;\"><del>RESOLVE:<\/del><\/p>\n<p style=\"text-align: justify;\"><del>Art. 1\u00ba. Instituir o Programa de Resid\u00eancia Jur\u00eddica no Poder Judici\u00e1rio do Estado do Esp\u00edrito Santo, objetivando proporcionar o aprimoramento da forma\u00e7\u00e3o te\u00f3rica e pr\u00e1tica dos profissionais do Sistema de Justi\u00e7a.<\/del><\/p>\n<p style=\"text-align: justify;\"><del>\u00a7 1\u00ba A Resid\u00eancia Jur\u00eddica constitui modalidade de ensino destinado a bachar\u00e9is em Direito que estejam cursando especializa\u00e7\u00e3o, mestrado, doutorado, p\u00f3s-doutorado ou, ainda, que tenham conclu\u00eddo o curso de gradua\u00e7\u00e3o h\u00e1 no m\u00e1ximo 5 (cinco) anos.<\/del><\/p>\n<p style=\"text-align: justify;\"><del>\u00a7 2\u00ba A Resid\u00eancia Jur\u00eddica consiste no treinamento em servi\u00e7o, abrangendo ensino, pesquisa e extens\u00e3o, bem como, aux\u00edlio pr\u00e1tico aos magistrados e servidores do Poder Judici\u00e1rio no desempenho de suas atribui\u00e7\u00f5es institucionais.<\/del><\/p>\n<p style=\"text-align: justify;\"><del>\u00a7 3\u00ba O Programa de Resid\u00eancia Jur\u00eddica ter\u00e1 jornada de est\u00e1gio m\u00e1xima de 30 (trinta) horas semanais e dura\u00e7\u00e3o de at\u00e9 36 (trinta e seis) meses, n\u00e3o gerando v\u00ednculo de qualquer natureza com a Administra\u00e7\u00e3o P\u00fablica.<\/del><\/p>\n<p style=\"text-align: justify;\"><del>\u00a7 4\u00ba O Aluno Residente receber\u00e1 uma bolsa de est\u00e1gio como pagamento das atividades prestadas.<\/del><\/p>\n<p><del>\u00a7 5\u00ba. Os residentes jur\u00eddicos desempenhar\u00e3o suas a1vidades sob a supervis\u00e3o de um magistrado orientador e estar\u00e3o vinculados \u00e0 Escola da Magistratura do Estado do Esp\u00edrito Santo, a quem cabe a coordena\u00e7\u00e3o e administra\u00e7\u00e3o do programa. (<span style=\"color: #ff0000;\"><strong>INCLU\u00cdDO<\/strong><\/span> <strong><span style=\"color: #ff0000;\">PELA<\/span>\u00a0<a href=\"https:\/\/www.tjes.jus.br\/corregedoria\/2024\/08\/09\/resolucao-no-086-2024-disp-09-08-2024\/\">Resolu\u00e7\u00e3o n\u00ba 086\/2024<\/a> <span style=\"color: #ff0000;\">DISP. 09\/08\/2024)<\/span><\/strong><\/del><\/p>\n<p style=\"text-align: justify;\"><del>Art. 2\u00ba. A admiss\u00e3o no Programa de Resid\u00eancia Jur\u00eddica se dar\u00e1 mediante processo seletivo p\u00fablico, com publica\u00e7\u00e3o de edital e ampla divulga\u00e7\u00e3o, abrangendo a aplica\u00e7\u00e3o de provas objetiva e discursiva, de car\u00e1ter classificat\u00f3rio e eliminat\u00f3rio, e observar\u00e1 as regras da Resolu\u00e7\u00e3o 319 do CNJ, que versa sobre cotas raciais.<\/del><\/p>\n<p style=\"text-align: justify;\"><del>\u00a7 1\u00ba O Programa de Resid\u00eancia Jur\u00eddica ofertar\u00e1 vagas para presta\u00e7\u00e3o de atividades por Regi\u00e3o, Comarca ou Vara, vedada a transfer\u00eancia, cess\u00e3o ou lota\u00e7\u00e3o do Aluno Residente para a presta\u00e7\u00e3o de atividades em outras Regi\u00f5es, Comarcas ou Varas distintas daquela para a qual se habilitou no processo seletivo.<\/del><\/p>\n<p style=\"text-align: justify;\"><del>\u00a7 2\u00ba O Presidente do Tribunal de Justi\u00e7a editar\u00e1 ato administrativo fixando o n\u00famero de vagas a serem ofertadas no edital de abertura do processo seletivo e o valor da bolsa de remunera\u00e7\u00e3o do est\u00e1gio do Programa de Resid\u00eancia Jur\u00eddica, observadas a conveni\u00eancia administrativa e a disponibilidade financeira e or\u00e7ament\u00e1ria.<\/del><\/p>\n<p style=\"text-align: justify;\"><del>\u00a7 3\u00ba Nas comarcas com at\u00e9 cinco unidades judici\u00e1rias, observada a conveni\u00eancia da administra\u00e7\u00e3o, o juiz diretor do foro poder\u00e1 realizar o processo seletivo para a implanta\u00e7\u00e3o e desenvolvimento do Programa de Resid\u00eancia Jur\u00eddica.<\/del><\/p>\n<p align=\"justify\"><del>\u00a7 3\u00ba. Observada a conveni\u00eancia da administra\u00e7\u00e3o, os Ju\u00edzes Diretores dos Foros poder\u00e3o solicitar \u00e0 Escola da Magistratura do Estado do Esp\u00edrito Santo a realiza\u00e7\u00e3o de processo sele1vo para atender necessidades pontuais. (<strong><span style=\"color: #ff0000;\">ALTERADO<\/span><\/strong> <strong><span style=\"color: #ff0000;\">PELA<\/span>\u00a0<a href=\"https:\/\/www.tjes.jus.br\/corregedoria\/2024\/08\/09\/resolucao-no-086-2024-disp-09-08-2024\/\">Resolu\u00e7\u00e3o n\u00ba 086\/2024<\/a> <span style=\"color: #ff0000;\">DISP. 09\/08\/2024)<\/span><\/strong><\/del><\/p>\n<p align=\"justify\"><del>\u00a7 3\u00ba-A. Na hip\u00f3tese do par\u00e1grafo anterior, a aplica\u00e7\u00e3o das provas poder\u00e1 ser delegada pela EMES \u00e0s Diretorias dos Foros.<\/del><\/p>\n<p style=\"text-align: justify;\"><del>\u00a7 4\u00ba Nas demais comarcas caber\u00e1 \u00e0 Escola da Magistratura &#8211; EMES promover a realiza\u00e7\u00e3o do processo seletivo para implanta\u00e7\u00e3o e desenvolvimento do Programa de Resid\u00eancia Jur\u00eddica.<\/del><\/p>\n<p><del>\u00a7 4\u00ba. Preferivelmente a cada ano e no primeiro semestre, far-se-\u00e1 processo sele1vo estadual unificado para preenchimentos de vagas e\/ou cadastro de aluno reserva. (<strong><span style=\"color: #ff0000;\">ALTERADO<\/span><\/strong> <strong><span style=\"color: #ff0000;\">PELA<\/span>\u00a0<a href=\"https:\/\/www.tjes.jus.br\/corregedoria\/2024\/08\/09\/resolucao-no-086-2024-disp-09-08-2024\/\">Resolu\u00e7\u00e3o n\u00ba 086\/2024<\/a> <span style=\"color: #ff0000;\">DISP. 09\/08\/2024)<\/span><\/strong><\/del><\/p>\n<p align=\"justify\"><del>Art. 2\u00ba-A. O processo sele1vo ser\u00e1 precedido de edital expedido pela Escola da Magistratura do Estado do Esp\u00edrito Santo, cuja divulga\u00e7\u00e3o dar-se-\u00e1 mediante: (<span style=\"color: #ff0000;\"><strong>INCLU\u00cdDO<\/strong><\/span> <strong><span style=\"color: #ff0000;\">PELA<\/span>\u00a0<a href=\"https:\/\/www.tjes.jus.br\/corregedoria\/2024\/08\/09\/resolucao-no-086-2024-disp-09-08-2024\/\">Resolu\u00e7\u00e3o n\u00ba 086\/2024<\/a> <span style=\"color: #ff0000;\">DISP. 09\/08\/2024)<\/span><\/strong><\/del><\/p>\n<p align=\"justify\"><del>I &#8211; publica\u00e7\u00e3o integral, por uma vez, no Di\u00e1rio da Justi\u00e7a Eletr\u00f4nico;<\/del><\/p>\n<p align=\"justify\"><del>II &#8211; publica\u00e7\u00e3o integral nos endere\u00e7os eletr\u00f4nicos do Tribunal de Jus1\u00e7a e da Escola da Magistratura do Estado do Esp\u00edrito Santo;<\/del><\/p>\n<p align=\"justify\"><del>III &#8211; afixa\u00e7\u00e3o no quadro de avisos, sem preju\u00edzo da u1liza\u00e7\u00e3o de qualquer outro 1po de an\u00fancio subsidi\u00e1rio, a crit\u00e9rio da Escola da Magistratura do Estado do Esp\u00edrito Santo.<\/del><\/p>\n<p align=\"justify\"><del>Art. 2\u00ba-B. Constar\u00e3o do edital, obrigatoriamente: (<span style=\"color: #ff0000;\"><strong>INCLU\u00cdDO<\/strong><\/span> <strong><span style=\"color: #ff0000;\">PELA<\/span>\u00a0<a href=\"https:\/\/www.tjes.jus.br\/corregedoria\/2024\/08\/09\/resolucao-no-086-2024-disp-09-08-2024\/\">Resolu\u00e7\u00e3o n\u00ba 086\/2024<\/a> <span style=\"color: #ff0000;\">DISP. 09\/08\/2024)<\/span><\/strong><\/del><\/p>\n<p align=\"justify\"><del>I &#8211; o prazo de inscri\u00e7\u00e3o, que ser\u00e1 de, no m\u00ednimo, 30 (trinta) dias, contados da \u00fal1ma ou \u00fanica publica\u00e7\u00e3o no Di\u00e1rio da Justi\u00e7a Eletr\u00f4nico;<\/del><\/p>\n<p align=\"justify\"><del>II &#8211; local e hor\u00e1rio de inscri\u00e7\u00f5es;<\/del><\/p>\n<p align=\"justify\"><del>III &#8211; o conte\u00fado das disciplinas objeto de avalia\u00e7\u00e3o no certame;<\/del><\/p>\n<p align=\"justify\"><del>IV &#8211; o n\u00famero de vagas, se for o caso, e o cronograma estimado de realiza\u00e7\u00e3o das provas;<\/del><\/p>\n<p align=\"justify\"><del>V &#8211; os requisitos para ingresso no Programa de Resid\u00eancia Jur\u00eddica;<\/del><\/p>\n<p align=\"justify\"><del>VI &#8211; a rela\u00e7\u00e3o dos documentos necess\u00e1rios \u00e0 inscri\u00e7\u00e3o;<\/del><\/p>\n<p align=\"justify\"><del>VII &#8211; o valor da taxa de inscri\u00e7\u00e3o;<\/del><\/p>\n<p align=\"justify\"><del>VIII &#8211; a composi\u00e7\u00e3o da Comiss\u00e3o Examinadora.<\/del><\/p>\n<p align=\"justify\"><del>Par\u00e1grafo \u00fanico. Todas as comunica\u00e7\u00f5es individuais e cole1vas aos candidatos inscritos no processo sele1vo ser\u00e3o consideradas efetuadas, para todos os efeitos, por sua publica\u00e7\u00e3o em edital no \u00f3rg\u00e3o da imprensa oficial do Tribunal de Justi\u00e7a e no s\u00edtio eletr\u00f4nico deste na rede mundial de computadores.<\/del><\/p>\n<p align=\"justify\"><del>Art. 2\u00ba-C. O processo sele1vo se dar\u00e1 pela aplica\u00e7\u00e3o de provas obje1va e\/ou discursiva, de car\u00e1ter classificat\u00f3rio e eliminat\u00f3rio. (<span style=\"color: #ff0000;\"><strong>INCLU\u00cdDO<\/strong><\/span> <strong><span style=\"color: #ff0000;\">PELA<\/span>\u00a0<a href=\"https:\/\/www.tjes.jus.br\/corregedoria\/2024\/08\/09\/resolucao-no-086-2024-disp-09-08-2024\/\">Resolu\u00e7\u00e3o n\u00ba 086\/2024<\/a> <span style=\"color: #ff0000;\">DISP. 09\/08\/2024)<\/span><\/strong><\/del><\/p>\n<p align=\"justify\"><del>Par\u00e1grafo \u00fanico. As provas versar\u00e3o, no m\u00ednimo, sobre as disciplinas constantes do Anexo I.<\/del><\/p>\n<p align=\"justify\"><del>Art. 2\u00ba-D. A classifica\u00e7\u00e3o dos candidatos habilitados obedecer\u00e1 \u00e0 ordem decrescente da soma das notas das provas. (<span style=\"color: #ff0000;\"><strong>INCLU\u00cdDO<\/strong><\/span> <strong><span style=\"color: #ff0000;\">PELA<\/span>\u00a0<a href=\"https:\/\/www.tjes.jus.br\/corregedoria\/2024\/08\/09\/resolucao-no-086-2024-disp-09-08-2024\/\">Resolu\u00e7\u00e3o n\u00ba 086\/2024<\/a> <span style=\"color: #ff0000;\">DISP. 09\/08\/2024)<\/span><\/strong><\/del><\/p>\n<p align=\"justify\"><del>Par\u00e1grafo \u00fanico. Para efeito de desempate, observar-se-\u00e1 a seguinte ordem:<\/del><\/p>\n<p align=\"justify\"><del>I &#8211; nota da prova objetiva em Direito Constitucional;<\/del><\/p>\n<p align=\"justify\"><del>II &#8211; nota da prova objetiva em Direito Processual Civil;<\/del><\/p>\n<p align=\"justify\"><del>III &#8211; nota da prova objetiva em Direito Processual Penal;<\/del><\/p>\n<p align=\"justify\"><del>IV &#8211; nota da prova objetiva em Direito Civil;<\/del><\/p>\n<p align=\"justify\"><del>V &#8211; nota da prova objetiva em Direito Penal;<\/del><\/p>\n<p align=\"justify\"><del>VI &#8211; maior idade.<\/del><\/p>\n<p align=\"justify\"><del>Art. 2\u00ba-E. Fica autorizada a celebra\u00e7\u00e3o de conv\u00eanio ou contrata\u00e7\u00e3o de servi\u00e7os de institui\u00e7\u00e3o especializada para a execu\u00e7\u00e3o do processo seletivo. (<span style=\"color: #ff0000;\"><strong>INCLU\u00cdDO<\/strong><\/span> <strong><span style=\"color: #ff0000;\">PELA<\/span>\u00a0<a href=\"https:\/\/www.tjes.jus.br\/corregedoria\/2024\/08\/09\/resolucao-no-086-2024-disp-09-08-2024\/\">Resolu\u00e7\u00e3o n\u00ba 086\/2024<\/a> <span style=\"color: #ff0000;\">DISP. 09\/08\/2024)<\/span><\/strong><\/del><\/p>\n<p align=\"justify\"><del>Art. 2\u00ba-F. Aplicam-se aos membros da Comiss\u00e3o Examinadora os motivos de suspei\u00e7\u00e3o e de impedimento previstos nos arts. 144 e 145 do C\u00f3digo de Processo Civil. (<span style=\"color: #ff0000;\"><strong>INCLU\u00cdDO<\/strong><\/span> <strong><span style=\"color: #ff0000;\">PELA<\/span>\u00a0<a href=\"https:\/\/www.tjes.jus.br\/corregedoria\/2024\/08\/09\/resolucao-no-086-2024-disp-09-08-2024\/\">Resolu\u00e7\u00e3o n\u00ba 086\/2024<\/a> <span style=\"color: #ff0000;\">DISP. 09\/08\/2024)<\/span><\/strong><\/del><\/p>\n<p align=\"justify\"><del>\u00a7 1\u00ba. Constituem tamb\u00e9m motivo de impedimento a exist\u00eancia de servidores funcionalmente vinculados ao examinador ou de c\u00f4njuge, companheiro ou parente em linha reta, colateral ou por afinidade, at\u00e9 o terceiro grau, inclusive, cuja inscri\u00e7\u00e3o haja sido deferida.<\/del><\/p>\n<p align=\"justify\"><del>\u00a7 2\u00ba. Os motivos de suspei\u00e7\u00e3o e de impedimento dever\u00e3o ser comunicados \u00e0 Escola da Magistratura do Estado do Esp\u00edrito Santo, por escrito, at\u00e9 5 (cinco) dias \u00fateis ap\u00f3s a publica\u00e7\u00e3o da rela\u00e7\u00e3o dos candidatos inscritos no Di\u00e1rio Oficial.<\/del><\/p>\n<p align=\"justify\"><del>Art. 2\u00ba-G. Compete \u00e0 Escola da Magistratura do Estado do Esp\u00edrito: (<span style=\"color: #ff0000;\"><strong>INCLU\u00cdDO<\/strong><\/span> <strong><span style=\"color: #ff0000;\">PELA<\/span>\u00a0<a href=\"https:\/\/www.tjes.jus.br\/corregedoria\/2024\/08\/09\/resolucao-no-086-2024-disp-09-08-2024\/\">Resolu\u00e7\u00e3o n\u00ba 086\/2024<\/a> <span style=\"color: #ff0000;\">DISP. 09\/08\/2024)<\/span><\/strong><\/del><\/p>\n<p align=\"justify\"><del>I &#8211; elaborar o edital de abertura do processo seletivo;<\/del><\/p>\n<p align=\"justify\"><del>II &#8211; fixar o cronograma com as datas;<\/del><\/p>\n<p align=\"justify\"><del>III &#8211; receber e examinar os requerimentos de inscri\u00e7\u00e3o, deliberando sobre eles;<\/del><\/p>\n<p align=\"justify\"><del>IV &#8211; designar a Comiss\u00e3o Examinadora;<\/del><\/p>\n<p align=\"justify\"><del>V &#8211; prestar informa\u00e7\u00f5es acerca do processo seletivo;<\/del><\/p>\n<p align=\"justify\"><del>VI &#8211; ordenar o quadro classificat\u00f3rio.<\/del><\/p>\n<p align=\"justify\"><del>Par\u00e1grafo \u00fanico. As atribui\u00e7\u00f5es constantes deste disposi1vo poder\u00e3o ser delegadas \u00e0 ins1tui\u00e7\u00e3o especializada contratada ou conveniada para realiza\u00e7\u00e3o das provas do processo seletivo.<\/del><\/p>\n<p align=\"justify\"><del>Art. 2\u00ba-H. Compete \u00e0 Comiss\u00e3o Examinadora: (<span style=\"color: #ff0000;\"><strong>INCLU\u00cdDO<\/strong><\/span> <strong><span style=\"color: #ff0000;\">PELA<\/span>\u00a0<a href=\"https:\/\/www.tjes.jus.br\/corregedoria\/2024\/08\/09\/resolucao-no-086-2024-disp-09-08-2024\/\">Resolu\u00e7\u00e3o n\u00ba 086\/2024<\/a> <span style=\"color: #ff0000;\">DISP. 09\/08\/2024)<\/span><\/strong><\/del><\/p>\n<p align=\"justify\"><del>I &#8211; preparar, aplicar e corrigir as provas;<\/del><\/p>\n<p align=\"justify\"><del>II &#8211; julgar os recursos interpostos pelos candidatos;<\/del><\/p>\n<p align=\"justify\"><del>IV &#8211; velar pela preserva\u00e7\u00e3o do sigilo das provas;<\/del><\/p>\n<p align=\"justify\"><del>V &#8211; apresentar a lista de aprovados \u00e0 Escola da Magistratura do Estado do Esp\u00edrito.<\/del><\/p>\n<p align=\"justify\"><del>Par\u00e1grafo \u00fanico. Das decis\u00f5es proferidas pela Comiss\u00e3o Examinadora n\u00e3o caber\u00e1 novo recurso \u00e0 Escola da Magistratura do Estado do Esp\u00edrito.<\/del><\/p>\n<p align=\"justify\"><del>Art. 2\u00ba-I. Durante o per\u00edodo de realiza\u00e7\u00e3o das provas, n\u00e3o ser\u00e3o permitidos: (<span style=\"color: #ff0000;\"><strong>INCLU\u00cdDO<\/strong><\/span> <strong><span style=\"color: #ff0000;\">PELA<\/span>\u00a0<a href=\"https:\/\/www.tjes.jus.br\/corregedoria\/2024\/08\/09\/resolucao-no-086-2024-disp-09-08-2024\/\">Resolu\u00e7\u00e3o n\u00ba 086\/2024<\/a> <span style=\"color: #ff0000;\">DISP. 09\/08\/2024)<\/span><\/strong><\/del><\/p>\n<p align=\"justify\"><del>I &#8211; qualquer esp\u00e9cie de consulta ou comunica\u00e7\u00e3o entre os candidatos ou entre estes e pessoas estranhas, oralmente ou por escrito;<\/del><\/p>\n<p align=\"justify\"><del>II &#8211; o uso de livros, c\u00f3digos, manuais, impressos ou anota\u00e7\u00f5es;<\/del><\/p>\n<p align=\"justify\"><del>III &#8211; o porte de arma.\u201d<\/del><\/p>\n<p style=\"text-align: justify;\"><del>Art. 3\u00ba. Os resultados dos processos seletivos ser\u00e3o homologados pelo Tribunal Pleno e o Aluno Residente ser\u00e1 convocado para se apresentar para a contrata\u00e7\u00e3o por ato publicado no Di\u00e1rio da Justi\u00e7a, no prazo m\u00e1ximo de 30 (trinta) dias \u00fateis, contados da data da convoca\u00e7\u00e3o, munido dos seguintes documentos:<\/del><\/p>\n<p style=\"text-align: justify;\"><del>I &#8211; certid\u00f5es negativas da Justi\u00e7a Eleitoral, Militar e dos distribuidores criminais das Justi\u00e7as Federal, Estadual ou do Distrito Federal dos lugares em que tenha residido nos \u00faltimos 5 (cinco) anos;<\/del><\/p>\n<p style=\"text-align: justify;\"><del>II &#8211; declara\u00e7\u00e3o assinada pelo aluno, com firma reconhecida, na qual conste n\u00e3o ter sido indiciado em inqu\u00e9rito policial ou processado criminalmente ou, quando houver, not\u00edcia da ocorr\u00eancia com os esclarecimentos pertinentes, para fins de an\u00e1lise da vida pregressa e atual e da conduta individual e social do aluno selecionado;\u00a0 III &#8211; comprovante de que est\u00e1 cursando especializa\u00e7\u00e3o, mestrado, doutorado, p\u00f3s-doutorado ou, ainda, que tenha conclu\u00eddo o curso de gradua\u00e7\u00e3o h\u00e1 no m\u00e1ximo 5 (cinco) anos;<\/del><\/p>\n<p style=\"text-align: justify;\"><del>IV &#8211; declara\u00e7\u00e3o de que n\u00e3o exerce a advocacia;<\/del><\/p>\n<p style=\"text-align: justify;\"><del>V &#8211; fotoc\u00f3pia simples de documentos pessoais, conforme rela\u00e7\u00e3o a ser entregue pela Secretaria de Gest\u00e3o de Pessoas;<\/del><\/p>\n<p style=\"text-align: justify;\"><del>VI &#8211; comprovante de situa\u00e7\u00e3o cadastral no Cadastro de Pessoas F\u00edsicas;<\/del><\/p>\n<p style=\"text-align: justify;\"><del>VII &#8211; comprovante de dados banc\u00e1rios, no qual conste n\u00famero da ag\u00eancia e da conta banc\u00e1ria de sua titularidade mantida no Banco do Estado do Esp\u00edrito Santo \u2013 BANESTES S.A.<\/del><\/p>\n<p style=\"text-align: justify;\"><del>Art. 4\u00ba. O Poder Judici\u00e1rio do Estado do Esp\u00edrito Santo poder\u00e1, mediante conv\u00eanio firmado pelo Presidente do Tribunal de Justi\u00e7a, receber alunos residentes contratados por outras entidades p\u00fablicas ou privadas de acordo com o disposto no \u00a7 1\u00ba do art. 1\u00ba desta Resolu\u00e7\u00e3o, e com bolsa de estudo paga pela respectiva entidade conveniada, os quais ser\u00e3o lotados de acordo com a conveni\u00eancia e oportunidade administrativas.<\/del><\/p>\n<p style=\"text-align: justify;\"><del>Art. 5\u00ba. O Aluno Residente receber\u00e1 orienta\u00e7\u00f5es te\u00f3ricas e pr\u00e1ticas sobre a atua\u00e7\u00e3o do Poder Judici\u00e1rio ao longo do programa, contando como orientador com o magistrado que oficia na Regi\u00e3o, Comarca ou Vara para a qual se habilitou e foi contratado, receber\u00e1 orienta\u00e7\u00f5es dos servidores efetivos das secretarias, do n\u00facleo permanente de m\u00e9todos consensuais de solu\u00e7\u00e3o de conflitos &#8211; NUPMEC e centros judici\u00e1rios de solu\u00e7\u00e3o de conflitos e cidadania \u2013 CEJUSCs em que prestarem atividades e participar\u00e1 de atividades e eventos acad\u00eamicos realizados pela Escola da Magistratura \u2013 EMES, visando \u00e0 capacita\u00e7\u00e3o necess\u00e1ria ao desempenho das atividades voltadas \u00e0 melhoria da presta\u00e7\u00e3o jurisdicional.<\/del><\/p>\n<p style=\"text-align: justify;\"><del>\u00a7 1o \u00c9 vedado ao Aluno Residente assinar pe\u00e7as privativas de membros da magistratura, mesmo em conjunto com o magistrado orientador.<\/del><\/p>\n<p style=\"text-align: justify;\"><del>\u00a7 2o O Aluno Residente n\u00e3o poder\u00e1 exercer a advocacia durante o per\u00edodo em que estiver cumprindo seu contrato de atividades no Programa de Resid\u00eancia Jur\u00eddica.<\/del><\/p>\n<p><del>\u00a7 3o Os Alunos Residentes n\u00e3o poder\u00e3o exercer atividades privativas de magistrados, nem atuar de forma isolada nas atividades final\u00edsticas do Poder Judici\u00e1rio.\u00a0 <strong><span style=\"color: #ff0000;\">INCLU\u00cdDO\u00a0PELA<\/span>\u00a0<a href=\"https:\/\/www.tjes.jus.br\/corregedoria\/2023\/06\/20\/resolucao-no-020-2023-disp-20-06-2023\/\">Resolu\u00e7\u00e3o n\u00ba 020\/2023\u00a0<\/a><span style=\"color: #ff0000;\">DISP. 20\/06\/2023<\/span><\/strong><\/del><\/p>\n<p style=\"text-align: justify;\"><del>Art. 6\u00ba. O valor da bolsa ser\u00e1 sempre proporcional aos dias e horas trabalhados, e \u00e9 dever do Aluno Residente primar pela pontualidade e produtividade.<\/del><\/p>\n<p style=\"text-align: justify;\"><del>Par\u00e1grafo \u00danico. O Aluno Residente ressarcir\u00e1 o Tribunal de Justi\u00e7a do valor da bolsa correspondente a entradas tardias, sa\u00eddas antecipadas e afastamentos n\u00e3o autorizados, mediante desconto em folha de pagamento da bolsa seguinte ou mediante processo administrativo de devolu\u00e7\u00e3o de valores, a crit\u00e9rio da administra\u00e7\u00e3o.<\/del><\/p>\n<p><del>Art. 7\u00ba. O Aluno Residente ser\u00e1 desligado do Programa de Resid\u00eancia Jur\u00eddica:<\/del><\/p>\n<p><del>I &#8211; automaticamente, ao t\u00e9rmino do prazo de dura\u00e7\u00e3o do programa;<\/del><\/p>\n<p><del>II &#8211; a pedido;<\/del><\/p>\n<p><del>III &#8211; a qualquer tempo, por conveni\u00eancia da administra\u00e7\u00e3o;<\/del><\/p>\n<p style=\"text-align: justify;\"><del>IV &#8211; por aus\u00eancia no programa por per\u00edodo superior a 15 (quinze) dias sem a devida justificativa;<\/del><\/p>\n<p style=\"text-align: justify;\"><del>V &#8211; por n\u00e3o preencher mais os requisitos para a condi\u00e7\u00e3o de Aluno Residente;<\/del><\/p>\n<p style=\"text-align: justify;\"><del>VI &#8211; por n\u00e3o observ\u00e2ncia do disposto nesta resolu\u00e7\u00e3o;<\/del><\/p>\n<p style=\"text-align: justify;\"><del>VII \u2013 por pedido fundamentado do magistrado orientador;<\/del><\/p>\n<p style=\"text-align: justify;\"><del>VIII &#8211; por comprova\u00e7\u00e3o de falsidade ou de omiss\u00e3o de informa\u00e7\u00f5es prestadas.<\/del><\/p>\n<p align=\"justify\"><del>VIII &#8211; em virtude de baixo desempenho ou produtividade; (\u00a0<span style=\"color: #ff0000;\"><strong>INCLU\u00cdDO<\/strong><\/span> <strong><span style=\"color: #ff0000;\">PELA<\/span>\u00a0<a href=\"https:\/\/www.tjes.jus.br\/corregedoria\/2024\/08\/09\/resolucao-no-086-2024-disp-09-08-2024\/\">Resolu\u00e7\u00e3o n\u00ba 086\/2024<\/a> <span style=\"color: #ff0000;\">DISP. 09\/08\/2024)<\/span><\/strong><\/del><\/p>\n<p align=\"justify\"><del>IX &#8211; por falta de frequ\u00eancia nos eventos acad\u00eamicos realizados pela EMES.\u00a0 (<span style=\"color: #ff0000;\"><strong>INCLU\u00cdDO<\/strong><\/span> <strong><span style=\"color: #ff0000;\">PELA<\/span>\u00a0<a href=\"https:\/\/www.tjes.jus.br\/corregedoria\/2024\/08\/09\/resolucao-no-086-2024-disp-09-08-2024\/\">Resolu\u00e7\u00e3o n\u00ba 086\/2024<\/a> <span style=\"color: #ff0000;\">DISP. 09\/08\/2024)<\/span><\/strong><\/del><\/p>\n<p style=\"text-align: justify;\"><del>Art. 8\u00ba. A Escola da Magistratura &#8211; EMES realizar\u00e1 anualmente evento acad\u00eamico para os Alunos Residentes.<\/del><\/p>\n<p align=\"justify\"><del>Art. 8\u00ba. A Escola da Magistratura desenvolver\u00e1 curso espec\u00edfico voltado para os Residente Jur\u00eddicos, a ser ministrado anualmente, dividido em dois m\u00f3dulos de, no m\u00ednimo, 40 horas-aula cada, al\u00e9m de oferecer programa permanente de forma\u00e7\u00e3o continuada. (<strong><span style=\"color: #ff0000;\">ALTERADO<\/span><\/strong> <strong><span style=\"color: #ff0000;\">PELA<\/span>\u00a0<a href=\"https:\/\/www.tjes.jus.br\/corregedoria\/2024\/08\/09\/resolucao-no-086-2024-disp-09-08-2024\/\">Resolu\u00e7\u00e3o n\u00ba 086\/2024<\/a> <span style=\"color: #ff0000;\">DISP. 09\/08\/2024)<\/span><\/strong><\/del><\/p>\n<p align=\"justify\"><del>Par\u00e1grafo \u00fanico. O residente jur\u00eddico deve cumprir frequ\u00eancia m\u00ednima de 75% das horas-aula do curso espec\u00edfico previsto no\u00a0caput.<\/del><\/p>\n<p style=\"text-align: justify;\"><del>Art. 9\u00ba. Cumpridos os requisitos de frequ\u00eancia e obtida a aprova\u00e7\u00e3o em procedimento de avalia\u00e7\u00e3o, o Aluno Residente far\u00e1 jus ao Certificado de conclus\u00e3o de Programa de Resid\u00eancia Jur\u00eddica, expedido pela Escola da Magistratura &#8211; EMES, que ser\u00e1 considerado como t\u00edtulo, nos termos do artigo 67, XII, da Resolu\u00e7\u00e3o 75 do Conselho Nacional de Justi\u00e7a &#8211; CNJ.<\/del><\/p>\n<p><del>Par\u00e1grafo \u00fanico. O cer1ficado poder\u00e1 ser expedido com refer\u00eancia \u00e0 especialidade da unidade judici\u00e1ria pela qual o aluno tenha desenvolvido e conclu\u00eddo o programa de resid\u00eancia jur\u00eddica.\u00a0 (<span style=\"color: #ff0000;\"><strong>INCLU\u00cdDO<\/strong><\/span> <strong><span style=\"color: #ff0000;\">PELA<\/span>\u00a0<a href=\"https:\/\/www.tjes.jus.br\/corregedoria\/2024\/08\/09\/resolucao-no-086-2024-disp-09-08-2024\/\">Resolu\u00e7\u00e3o n\u00ba 086\/2024<\/a> <span style=\"color: #ff0000;\">DISP. 09\/08\/2024)<\/span><\/strong><\/del><\/p>\n<p style=\"text-align: justify;\"><del>Art. 10. Os recursos para custeio da bolsa de est\u00e1gio do Programa de Resid\u00eancia Jur\u00eddica correr\u00e3o por conta de dota\u00e7\u00e3o or\u00e7ament\u00e1ria do Tribunal de Justi\u00e7a.<\/del><\/p>\n<p><del>Art. 11. Esta Resolu\u00e7\u00e3o entra em vigor na data de sua publica\u00e7\u00e3o.<\/del><\/p>\n<p style=\"text-align: center;\"><del><strong>Desembargador Fabio Clem de Oliveira<\/strong><\/del><\/p>\n<p style=\"text-align: center;\"><del><strong>Presidente<\/strong><\/del><\/p>\n<p align=\"center\"><del><strong>ANEXO I (<span style=\"color: #ff0000;\">INCLU\u00cdDO<\/span> <span style=\"color: #ff0000;\">PELA<\/span>\u00a0<a href=\"https:\/\/www.tjes.jus.br\/corregedoria\/2024\/08\/09\/resolucao-no-086-2024-disp-09-08-2024\/\">Resolu\u00e7\u00e3o n\u00ba 086\/2024<\/a> <span style=\"color: #ff0000;\">DISP. 09\/08\/2024)<\/span><\/strong><\/del><\/p>\n<table cellspacing=\"0\" cellpadding=\"4\">\n<colgroup>\n<col \/><\/colgroup>\n<tbody>\n<tr>\n<td valign=\"top\">\n<p align=\"center\"><del><strong>RELA\u00c7\u00c3O M\u00cdNIMA DE DISCIPLINAS DO PROCESSO SELETIVO<\/strong><\/del><\/p>\n<p align=\"center\"><del><strong>PARA PROGRAMA DE RESID\u00caNCIA JUR\u00cdDICA<\/strong><\/del><\/p>\n<\/td>\n<\/tr>\n<tr>\n<td valign=\"top\">\n<p align=\"justify\"><del>Direito Constitucional<\/del><\/p>\n<\/td>\n<\/tr>\n<tr>\n<td valign=\"top\">\n<p align=\"justify\"><del>Direito Penal<\/del><\/p>\n<\/td>\n<\/tr>\n<tr>\n<td valign=\"top\">\n<p align=\"justify\"><del>Direito Processual Penal<\/del><\/p>\n<\/td>\n<\/tr>\n<tr>\n<td valign=\"top\">\n<p align=\"justify\"><del>Direito Civil<\/del><\/p>\n<\/td>\n<\/tr>\n<tr>\n<td valign=\"top\">\n<p align=\"justify\"><del>Direito Processual Civil<\/del><\/p>\n<\/td>\n<\/tr>\n<\/tbody>\n<\/table>\n","protected":false},"excerpt":{"rendered":"<p>REVOGADO\u00a0 PELA\u00a0Resolu\u00e7\u00e3o n\u00ba 14\/2025\u00a0DISP. 21\/02\/2025 ALTERADO PELA\u00a0Resolu\u00e7\u00e3o n\u00ba 086\/2024 DISP. 09\/08\/2024 ALTERADO PELA\u00a0Resolu\u00e7\u00e3o n\u00ba 020\/2023\u00a0DISP. 20\/06\/2023 ESTADO DO ESP\u00cdRITO SANTO PODER JUDICI\u00c1RIO TRIBUNAL DE JUSTI\u00c7A RESOLU\u00c7\u00c3O N\u00ba\u2006 \u2006003 \/ 2022\u00a0 Institui o Programa de Resid\u00eancia Jur\u00eddica no Poder Judici\u00e1rio do Estado do Esp\u00edrito Santo. O Presidente do Tribunal de Justi\u00e7a do Estado do Esp\u00edrito Santo, [&hellip;]<\/p>\n","protected":false},"author":8,"featured_media":0,"comment_status":"closed","ping_status":"closed","sticky":false,"template":"","format":"standard","meta":{"footnotes":""},"categories":[14,13],"tags":[],"_links":{"self":[{"href":"https:\/\/www.tjes.jus.br\/corregedoria\/wp-json\/wp\/v2\/posts\/33727"}],"collection":[{"href":"https:\/\/www.tjes.jus.br\/corregedoria\/wp-json\/wp\/v2\/posts"}],"about":[{"href":"https:\/\/www.tjes.jus.br\/corregedoria\/wp-json\/wp\/v2\/types\/post"}],"author":[{"embeddable":true,"href":"https:\/\/www.tjes.jus.br\/corregedoria\/wp-json\/wp\/v2\/users\/8"}],"replies":[{"embeddable":true,"href":"https:\/\/www.tjes.jus.br\/corregedoria\/wp-json\/wp\/v2\/comments?post=33727"}],"version-history":[{"count":24,"href":"https:\/\/www.tjes.jus.br\/corregedoria\/wp-json\/wp\/v2\/posts\/33727\/revisions"}],"predecessor-version":[{"id":42534,"href":"https:\/\/www.tjes.jus.br\/corregedoria\/wp-json\/wp\/v2\/posts\/33727\/revisions\/42534"}],"wp:attachment":[{"href":"https:\/\/www.tjes.jus.br\/corregedoria\/wp-json\/wp\/v2\/media?parent=33727"}],"wp:term":[{"taxonomy":"category","embeddable":true,"href":"https:\/\/www.tjes.jus.br\/corregedoria\/wp-json\/wp\/v2\/categories?post=33727"},{"taxonomy":"post_tag","embeddable":true,"href":"https:\/\/www.tjes.jus.br\/corregedoria\/wp-json\/wp\/v2\/tags?post=33727"}],"curies":[{"name":"wp","href":"https:\/\/api.w.org\/{rel}","templated":true}]}}