{"id":33842,"date":"2022-05-04T17:53:51","date_gmt":"2022-05-04T20:53:51","guid":{"rendered":"https:\/\/www.tjes.jus.br\/corregedoria\/?p=33842"},"modified":"2022-05-04T17:53:51","modified_gmt":"2022-05-04T20:53:51","slug":"oficio-circular-cgjes-1106695-2022-disp-27-04-2022","status":"publish","type":"post","link":"https:\/\/www.tjes.jus.br\/corregedoria\/2022\/05\/04\/oficio-circular-cgjes-1106695-2022-disp-27-04-2022\/","title":{"rendered":"OF\u00cdCIO CIRCULAR CGJES 1106695\/2022 \u2013 DISP. 27\/04\/2022"},"content":{"rendered":"<p style=\"text-align: center;\"><strong>PODER JUDICI\u00c1RIO DO ESTADO DO ESP\u00cdRITO SANTO &#8211; PJES<\/strong><\/p>\n<p style=\"text-align: center;\"><strong>CORREGEDORIA GERAL DA\u00a0JUSTI\u00c7A<\/strong><\/p>\n<p style=\"text-align: center;\">Av. Jo\u00e3o Batista Parra, n\u00ba\u00a0320, Enseada do Su\u00e1 &#8211; Vit\u00f3ria\/ES<br \/>\nCEP: 29.050-375 &#8211;\u00a0Telefone: (27) 3145-3100\n<\/p>\n<p style=\"text-align: center;\"><strong>OF\u00cdCIO CIRCULAR CGJES\u00a01106695\/7000944-15.2022.8.08.0000<\/strong><\/p>\n<p style=\"text-align: center;\">\n<p style=\"text-align: justify;\">A Coordenadora de Monitoramento de Foro Judicial e Extrajudicial da Eg. Corregedoria Geral da Justi\u00e7a do Estado do Esp\u00edrito Santo, no uso de suas atribui\u00e7\u00f5es legais:<\/p>\n<p style=\"text-align: justify;\">\n<p style=\"text-align: justify;\"><strong>CONSIDERANDO<\/strong>\u00a0que a Corregedoria Geral da Justi\u00e7a \u00e9 \u00f3rg\u00e3o de fiscaliza\u00e7\u00e3o, disciplina e orienta\u00e7\u00e3o administrativa, com circunscri\u00e7\u00e3o em todo o Estado, conforme art. 35 da Lei Complementar Estadual n.\u00ba 234\/2002 (COJES);<\/p>\n<p style=\"text-align: justify;\">\n<p style=\"text-align: justify;\"><strong>CONSIDERANDO<\/strong>\u00a0o disposto no Provimento n\u00ba 52\/2021, desta Corregedoria Geral da Justi\u00e7a, que delegou a Coordenadora de Monitoramento de Foro Judicial e Extrajudicial a proceder, de of\u00edcio, a publica\u00e7\u00e3o de Of\u00edcio-Circular acerca da inutiliza\u00e7\u00e3o dos pap\u00e9is de seguran\u00e7a, deste e de outros Estados, noticiada pelas autoridades apostilantes por meio de certid\u00e3o, a fim de que seja dada ampla publicidade.<\/p>\n<p style=\"text-align: justify;\">\n<p style=\"text-align: justify;\"><strong>CONSIDERANDO<\/strong>\u00a0o recebimento do comunicado enviado a esta Corregedoria por meio do Malote digital com c\u00f3digo de rastreabilidade n.\u00ba\u00a080720221323278\u00a0<strong>,<\/strong>\u00a0do Cart\u00f3rio do 8\u00ba Of\u00edcio de Notas e\u00a0Protesto de T\u00edtulos\u00a0da Comarca de Bras\u00edlia\/DF\u00a0(documento SEI n\u00ba 1057111);<\/p>\n<p style=\"text-align: justify;\">\n<p style=\"text-align: justify;\"><strong>CONSIDERANDO<\/strong>\u00a0que o referido comunicado informa sobre a inutiliza\u00e7\u00e3o de pap\u00e9is de seguran\u00e7a para o ato de aposi\u00e7\u00e3o de apostila, conforme consta em anexo.<\/p>\n<p style=\"text-align: justify;\">\n<p style=\"text-align: justify;\"><strong>RECOMENDA<\/strong>\u00a0aos Ju\u00edzes de Direito Diretores dos Foros, Membros do Minist\u00e9rio P\u00fablico, Advogados, Not\u00e1rios e Registradores, Serventu\u00e1rios e a quem mais possa interessar, que observem os comunicados em anexo e adotem as provid\u00eancias que entenderem pertinentes.<\/p>\n<p>&nbsp;<\/p>\n<p><strong>Publique-se.<\/strong><\/p>\n<p>&nbsp;<\/p>\n<p>Vit\u00f3ria\/ES, 25 de mar\u00e7o de 2022.<\/p>\n<p>&nbsp;<\/p>\n<p>&nbsp;<\/p>\n<p>&nbsp;<\/p>\n<p style=\"text-align: center;\"><strong>MAGALI BARBOSA DE OLIVEIRA<\/strong><\/p>\n<p style=\"text-align: center;\"><strong>Coordenadora de Monitoramento de Foro Judicial e Extrajudicial<\/strong><\/p>\n<p style=\"text-align: center;\">\n<p style=\"text-align: center;\"><strong><a href=\"https:\/\/sistemas.tjes.jus.br\/ediario\/images\/ANEXO_AO_OF%C3%8DCIO_CORREGEDORIA_N%C2%BA_1106695.pdf\">ANEXO &#8211; CLIQUE AQUI<\/a><\/strong><\/p>\n<p>&nbsp;<\/p>\n","protected":false},"excerpt":{"rendered":"<p>PODER JUDICI\u00c1RIO DO ESTADO DO ESP\u00cdRITO SANTO &#8211; PJES CORREGEDORIA GERAL DA\u00a0JUSTI\u00c7A Av. Jo\u00e3o Batista Parra, n\u00ba\u00a0320, Enseada do Su\u00e1 &#8211; Vit\u00f3ria\/ES CEP: 29.050-375 &#8211;\u00a0Telefone: (27) 3145-3100 OF\u00cdCIO CIRCULAR CGJES\u00a01106695\/7000944-15.2022.8.08.0000 A Coordenadora de Monitoramento de Foro Judicial e Extrajudicial da Eg. Corregedoria Geral da Justi\u00e7a do Estado do Esp\u00edrito Santo, no uso de suas atribui\u00e7\u00f5es [&hellip;]<\/p>\n","protected":false},"author":8,"featured_media":0,"comment_status":"closed","ping_status":"closed","sticky":false,"template":"","format":"standard","meta":{"footnotes":""},"categories":[14,5],"tags":[],"_links":{"self":[{"href":"https:\/\/www.tjes.jus.br\/corregedoria\/wp-json\/wp\/v2\/posts\/33842"}],"collection":[{"href":"https:\/\/www.tjes.jus.br\/corregedoria\/wp-json\/wp\/v2\/posts"}],"about":[{"href":"https:\/\/www.tjes.jus.br\/corregedoria\/wp-json\/wp\/v2\/types\/post"}],"author":[{"embeddable":true,"href":"https:\/\/www.tjes.jus.br\/corregedoria\/wp-json\/wp\/v2\/users\/8"}],"replies":[{"embeddable":true,"href":"https:\/\/www.tjes.jus.br\/corregedoria\/wp-json\/wp\/v2\/comments?post=33842"}],"version-history":[{"count":1,"href":"https:\/\/www.tjes.jus.br\/corregedoria\/wp-json\/wp\/v2\/posts\/33842\/revisions"}],"predecessor-version":[{"id":33843,"href":"https:\/\/www.tjes.jus.br\/corregedoria\/wp-json\/wp\/v2\/posts\/33842\/revisions\/33843"}],"wp:attachment":[{"href":"https:\/\/www.tjes.jus.br\/corregedoria\/wp-json\/wp\/v2\/media?parent=33842"}],"wp:term":[{"taxonomy":"category","embeddable":true,"href":"https:\/\/www.tjes.jus.br\/corregedoria\/wp-json\/wp\/v2\/categories?post=33842"},{"taxonomy":"post_tag","embeddable":true,"href":"https:\/\/www.tjes.jus.br\/corregedoria\/wp-json\/wp\/v2\/tags?post=33842"}],"curies":[{"name":"wp","href":"https:\/\/api.w.org\/{rel}","templated":true}]}}