{"id":33844,"date":"2022-05-04T17:55:06","date_gmt":"2022-05-04T20:55:06","guid":{"rendered":"https:\/\/www.tjes.jus.br\/corregedoria\/?p=33844"},"modified":"2022-05-04T18:01:11","modified_gmt":"2022-05-04T21:01:11","slug":"oficio-circular-cgjes-1106643-2022-disp-27-04-2022","status":"publish","type":"post","link":"https:\/\/www.tjes.jus.br\/corregedoria\/2022\/05\/04\/oficio-circular-cgjes-1106643-2022-disp-27-04-2022\/","title":{"rendered":"OF\u00cdCIO CIRCULAR CGJES 1106643\/2022 \u2013 DISP. 27\/04\/2022"},"content":{"rendered":"<p style=\"text-align: center;\"><strong>PODER JUDICI\u00c1RIO DO ESTADO DO ESP\u00cdRITO SANTO &#8211; PJES<\/strong><\/p>\n<p style=\"text-align: center;\"><strong>CORREGEDORIA GERAL DA\u00a0JUSTI\u00c7A<\/strong><\/p>\n<p style=\"text-align: center;\">Av. Jo\u00e3o Batista Parra, n\u00ba\u00a0320, Enseada do Su\u00e1 &#8211; Vit\u00f3ria\/ES<br \/>\nCEP: 29.050-375 &#8211;\u00a0Telefone: (27) 3145-3100<\/p>\n<p style=\"text-align: center;\"><strong>OF\u00cdCIO CIRCULAR CGJES\u00a01106643\/7000943-30.2022.8.08.0000<\/strong><\/p>\n<p>&nbsp;<\/p>\n<p style=\"text-align: justify;\">De ordem do\u00a0Exmo. Sr. Desembargador Corregedor-Geral da Justi\u00e7a do Estado do Esp\u00edrito Santo, no uso de suas atribui\u00e7\u00f5es legais e,<\/p>\n<p style=\"text-align: justify;\"><strong>CONSIDERANDO<\/strong>\u00a0que a Corregedoria Geral da Justi\u00e7a \u00e9 \u00f3rg\u00e3o de fiscaliza\u00e7\u00e3o, disciplina e orienta\u00e7\u00e3o administrativa, com circunscri\u00e7\u00e3o em todo o Estado, conforme art. 35 da Lei Complementar Estadual n\u00ba 234\/2002 (COJES);<\/p>\n<p style=\"text-align: justify;\"><strong>CONSIDERANDO<\/strong>\u00a0o previsto no Art. 1\u00ba do Provimento n\u00ba 052\/2021, disponibilizado no Di\u00e1rio Eletr\u00f4nico da Justi\u00e7a do dia 07 de maio de 2021;<\/p>\n<p style=\"text-align: justify;\"><strong>CONSIDERANDO<\/strong>\u00a0o recebimento do malote digital n\u00ba 82420229575952, referente ao Of\u00edcio n\u00ba 001\/2022\u00a0enviado pela Corregedoria-Geral da Justi\u00e7a do Estado de Santa Catarina;<\/p>\n<p style=\"text-align: justify;\"><strong>CONSIDERANDO<\/strong>\u00a0que a referida comunica\u00e7\u00e3o do Cart\u00f3rio de Campinas\u00a0da Comarca de S\u00e3o Jos\u00e9\/SC\u00a0informa utiliza\u00e7\u00e3o do logo do cart\u00f3rio e do nome da escrevente notarial em um WhatsApp com n\u00famero de S\u00e3o Paulo, conforme documentos anexados.<\/p>\n<p style=\"text-align: justify;\"><strong>CONSIDERANDO<\/strong>\u00a0que a referida Serventia j\u00e1 procedeu o registro da ocorr\u00eancia junto a Policia Civil do Estado do Santa Catarina, conforme Boletim de Ocorr\u00eancia em anexo.<\/p>\n<p style=\"text-align: justify;\"><strong>RECOMENDO<\/strong>\u00a0aos Ju\u00edzes de Direito Diretores dos F\u00f3runs, Membros do Minist\u00e9rio P\u00fablico, Advogados, Not\u00e1rios e Registradores, Serventu\u00e1rios e a quem mais possa\u00a0interessar, que observem o comunicado em anexo, e adotem as provid\u00eancias que entenderem pertinentes.<\/p>\n<p><strong>Publique-se. Cumpra-se.<\/strong><\/p>\n<p>&nbsp;<\/p>\n<p><strong>Vit\u00f3ria\/ES, 25 de mar\u00e7o de 2022.<\/strong><\/p>\n<p>&nbsp;<\/p>\n<p>&nbsp;<\/p>\n<p>&nbsp;<\/p>\n<p style=\"text-align: center;\"><strong>MAGALI BARBOSA DE OLIVEIRA<\/strong><\/p>\n<p style=\"text-align: center;\"><strong>Coordenadora\u00a0de Monitoramento do Foro Judicial e Extrajudicial<\/strong><\/p>\n<p style=\"text-align: center;\"><strong><a href=\"https:\/\/sistemas.tjes.jus.br\/ediario\/images\/ANEXO_AO_OF%C3%8DCIO_CORREGEDORIA_N%C2%BA_1106643.pdf\">ANEXO &#8211; CLIQUE AQUI<\/a><\/strong><\/p>\n","protected":false},"excerpt":{"rendered":"<p>PODER JUDICI\u00c1RIO DO ESTADO DO ESP\u00cdRITO SANTO &#8211; PJES CORREGEDORIA GERAL DA\u00a0JUSTI\u00c7A Av. Jo\u00e3o Batista Parra, n\u00ba\u00a0320, Enseada do Su\u00e1 &#8211; Vit\u00f3ria\/ES CEP: 29.050-375 &#8211;\u00a0Telefone: (27) 3145-3100 OF\u00cdCIO CIRCULAR CGJES\u00a01106643\/7000943-30.2022.8.08.0000 &nbsp; De ordem do\u00a0Exmo. Sr. Desembargador Corregedor-Geral da Justi\u00e7a do Estado do Esp\u00edrito Santo, no uso de suas atribui\u00e7\u00f5es legais e, CONSIDERANDO\u00a0que a Corregedoria Geral [&hellip;]<\/p>\n","protected":false},"author":8,"featured_media":0,"comment_status":"closed","ping_status":"closed","sticky":false,"template":"","format":"standard","meta":{"footnotes":""},"categories":[14,5],"tags":[],"_links":{"self":[{"href":"https:\/\/www.tjes.jus.br\/corregedoria\/wp-json\/wp\/v2\/posts\/33844"}],"collection":[{"href":"https:\/\/www.tjes.jus.br\/corregedoria\/wp-json\/wp\/v2\/posts"}],"about":[{"href":"https:\/\/www.tjes.jus.br\/corregedoria\/wp-json\/wp\/v2\/types\/post"}],"author":[{"embeddable":true,"href":"https:\/\/www.tjes.jus.br\/corregedoria\/wp-json\/wp\/v2\/users\/8"}],"replies":[{"embeddable":true,"href":"https:\/\/www.tjes.jus.br\/corregedoria\/wp-json\/wp\/v2\/comments?post=33844"}],"version-history":[{"count":2,"href":"https:\/\/www.tjes.jus.br\/corregedoria\/wp-json\/wp\/v2\/posts\/33844\/revisions"}],"predecessor-version":[{"id":33846,"href":"https:\/\/www.tjes.jus.br\/corregedoria\/wp-json\/wp\/v2\/posts\/33844\/revisions\/33846"}],"wp:attachment":[{"href":"https:\/\/www.tjes.jus.br\/corregedoria\/wp-json\/wp\/v2\/media?parent=33844"}],"wp:term":[{"taxonomy":"category","embeddable":true,"href":"https:\/\/www.tjes.jus.br\/corregedoria\/wp-json\/wp\/v2\/categories?post=33844"},{"taxonomy":"post_tag","embeddable":true,"href":"https:\/\/www.tjes.jus.br\/corregedoria\/wp-json\/wp\/v2\/tags?post=33844"}],"curies":[{"name":"wp","href":"https:\/\/api.w.org\/{rel}","templated":true}]}}