{"id":33907,"date":"2022-05-05T15:27:22","date_gmt":"2022-05-05T18:27:22","guid":{"rendered":"https:\/\/www.tjes.jus.br\/corregedoria\/?p=33907"},"modified":"2022-05-05T15:27:22","modified_gmt":"2022-05-05T18:27:22","slug":"resolucao-no-008-2022-disp-03-05-2022","status":"publish","type":"post","link":"https:\/\/www.tjes.jus.br\/corregedoria\/2022\/05\/05\/resolucao-no-008-2022-disp-03-05-2022\/","title":{"rendered":"RESOLU\u00c7\u00c3O N\u00ba 008\/2022 \u2013 DISP. 03\/05\/2022"},"content":{"rendered":"<p style=\"text-align: center;\">PODER JUDICI\u00c1RIO DO ESTADO DO ESP\u00cdRITO SANTO &#8211; PJES<\/p>\n<p style=\"text-align: center;\">RUA DESEMBARGADOR HOMERO MAFRA,60 &#8211; Bairro ENSEADA DO SU\u00c1 &#8211; CEP 29050906 &#8211; Vit\u00f3ria &#8211; ES &#8211; www.tjes.jus.br<\/p>\n<p style=\"text-align: center;\"><strong>\u00a0<\/strong><\/p>\n<p style=\"text-align: center;\">\n<p style=\"text-align: center;\"><strong>RESOLU\u00c7\u00c3O N\u00ba 008\/ 2022<\/strong><\/p>\n<p>&nbsp;<\/p>\n<p>&nbsp;<\/p>\n<p style=\"text-align: justify;\">O Excelent\u00edssimo Senhor Desembargador FABIO CLEM DE OLIVEIRA, Presidente do Egr\u00e9gio Tribunal de Justi\u00e7a do Estado do Esp\u00edrito Santo, no uso de suas atribui\u00e7\u00f5es legais e regimentais, e tendo em vista DECIS\u00c3O do Egr\u00e9gio Tribunal Pleno na Sess\u00e3o Administrativa Ordin\u00e1ria do dia 28\/04\/2022, resolve:<\/p>\n<p>&nbsp;<\/p>\n<p style=\"text-align: justify;\"><strong>Art. 1\u00ba &#8211;<\/strong>\u00a0Agraciar com a Comenda \u201cCruz do M\u00e9rito Judici\u00e1rio\u201d, pelo not\u00e1vel desempenho ao longo da sua carreira jur\u00eddica, e pelo carinho e considera\u00e7\u00e3o especial que tem devotado \u00e0 Magistratura Capixaba, a\u00a0eminente Desembargadora\u00a0<strong>MARIANNE JUDICE DE MATTOS.<\/strong><\/p>\n<p>&nbsp;<\/p>\n<p style=\"text-align: justify;\"><strong>Art. 2\u00ba &#8211;<\/strong>\u00a0A Comenda em refer\u00eancia ser\u00e1 entregue na Sess\u00e3o Solene\u00a0deste Egr\u00e9gio Tribunal do dia 19\/05\/2022.<\/p>\n<p>&nbsp;<\/p>\n<p>Publique-se.<\/p>\n<p>&nbsp;<\/p>\n<p>Vit\u00f3ria, 28\u00a0de abril\u00a0de 2022.<\/p>\n<p>&nbsp;<\/p>\n<p>&nbsp;<\/p>\n<p>&nbsp;<\/p>\n<p style=\"text-align: center;\"><strong>DESEMBARGADOR\u00a0FABIO CLEM DE OLIVEIRA<\/strong><\/p>\n<p style=\"text-align: center;\"><strong>Presidente<\/strong><\/p>\n","protected":false},"excerpt":{"rendered":"<p>PODER JUDICI\u00c1RIO DO ESTADO DO ESP\u00cdRITO SANTO &#8211; PJES RUA DESEMBARGADOR HOMERO MAFRA,60 &#8211; Bairro ENSEADA DO SU\u00c1 &#8211; CEP 29050906 &#8211; Vit\u00f3ria &#8211; ES &#8211; www.tjes.jus.br \u00a0 RESOLU\u00c7\u00c3O N\u00ba 008\/ 2022 &nbsp; &nbsp; O Excelent\u00edssimo Senhor Desembargador FABIO CLEM DE OLIVEIRA, Presidente do Egr\u00e9gio Tribunal de Justi\u00e7a do Estado do Esp\u00edrito Santo, no uso [&hellip;]<\/p>\n","protected":false},"author":16,"featured_media":0,"comment_status":"closed","ping_status":"closed","sticky":false,"template":"","format":"standard","meta":{"footnotes":""},"categories":[14,13],"tags":[],"_links":{"self":[{"href":"https:\/\/www.tjes.jus.br\/corregedoria\/wp-json\/wp\/v2\/posts\/33907"}],"collection":[{"href":"https:\/\/www.tjes.jus.br\/corregedoria\/wp-json\/wp\/v2\/posts"}],"about":[{"href":"https:\/\/www.tjes.jus.br\/corregedoria\/wp-json\/wp\/v2\/types\/post"}],"author":[{"embeddable":true,"href":"https:\/\/www.tjes.jus.br\/corregedoria\/wp-json\/wp\/v2\/users\/16"}],"replies":[{"embeddable":true,"href":"https:\/\/www.tjes.jus.br\/corregedoria\/wp-json\/wp\/v2\/comments?post=33907"}],"version-history":[{"count":1,"href":"https:\/\/www.tjes.jus.br\/corregedoria\/wp-json\/wp\/v2\/posts\/33907\/revisions"}],"predecessor-version":[{"id":33908,"href":"https:\/\/www.tjes.jus.br\/corregedoria\/wp-json\/wp\/v2\/posts\/33907\/revisions\/33908"}],"wp:attachment":[{"href":"https:\/\/www.tjes.jus.br\/corregedoria\/wp-json\/wp\/v2\/media?parent=33907"}],"wp:term":[{"taxonomy":"category","embeddable":true,"href":"https:\/\/www.tjes.jus.br\/corregedoria\/wp-json\/wp\/v2\/categories?post=33907"},{"taxonomy":"post_tag","embeddable":true,"href":"https:\/\/www.tjes.jus.br\/corregedoria\/wp-json\/wp\/v2\/tags?post=33907"}],"curies":[{"name":"wp","href":"https:\/\/api.w.org\/{rel}","templated":true}]}}