{"id":33920,"date":"2022-05-05T15:49:32","date_gmt":"2022-05-05T18:49:32","guid":{"rendered":"https:\/\/www.tjes.jus.br\/corregedoria\/?p=33920"},"modified":"2022-05-05T15:49:32","modified_gmt":"2022-05-05T18:49:32","slug":"ato-normativo-no-043-2022-disp-05-05-2022","status":"publish","type":"post","link":"https:\/\/www.tjes.jus.br\/corregedoria\/2022\/05\/05\/ato-normativo-no-043-2022-disp-05-05-2022\/","title":{"rendered":"ATO NORMATIVO N\u00ba 043\/2022 \u2013 DISP. 05\/05\/2022"},"content":{"rendered":"<p style=\"text-align: center;\">PODER JUDICI\u00c1RIO DO ESTADO DO ESP\u00cdRITO SANTO &#8211; PJES<\/p>\n<p align=\"center\">RUA DESEMBARGADOR HOMERO MAFRA,60 &#8211; Bairro ENSEADA DO SU\u00c1 &#8211; CEP 29050906 &#8211; Vit\u00f3ria &#8211; ES &#8211; www.tjes.jus.br<\/p>\n<p align=\"center\">\n<p>&nbsp;<\/p>\n<p align=\"center\"><strong>ATO NORMATIVO N\u00b0 043\/2022<\/strong><\/p>\n<p>&nbsp;<\/p>\n<p align=\"justify\">Altera o <a href=\"https:\/\/www.tjes.jus.br\/corregedoria\/2016\/06\/06\/ato-normativo-no-1302015-disp-10072015-alterado\/\">Ato Normativo 130\/2015<\/a>, que instituiu a\u00a0Comiss\u00e3o Gestora do Plano de Log\u00edstica Sustent\u00e1vel do Tribunal de Justi\u00e7a do Estado do Esp\u00edrito Santo.<\/p>\n<p>&nbsp;<\/p>\n<p align=\"justify\">O Presidente do Egr\u00e9gio Tribunal de Justi\u00e7a do Estado do Esp\u00edrito Santo, no uso de suas atribui\u00e7\u00f5es legais e regimentais,<\/p>\n<p>&nbsp;<\/p>\n<p align=\"justify\">Considerando as disposi\u00e7\u00f5es da Resolu\u00e7\u00e3o n\u00ba 400\/2021, do Conselho Nacional de Justi\u00e7a, que disp\u00f5e sobre a pol\u00edtica de sustentabilidade no \u00e2mbito do Poder Judici\u00e1rio;<\/p>\n<p>&nbsp;<\/p>\n<p align=\"justify\">RESOLVE:<\/p>\n<p>&nbsp;<\/p>\n<p align=\"justify\">Art. 1\u00ba.\u00a0\u00a0Instituir, no \u00e2mbito do Tribunal de Justi\u00e7a do Estado do Esp\u00edrito Santo, a Comiss\u00e3o\u00a0Gestora do Plano de Log\u00edstica Sustent\u00e1vel \u2013 CGPLS, com a seguinte composi\u00e7\u00e3o:<\/p>\n<p>&nbsp;<\/p>\n<p align=\"justify\">I \u2013 Desembargador Raphael Americano C\u00e2mara,\u00a0\u00a0que a presidir\u00e1;<\/p>\n<p>&nbsp;<\/p>\n<p align=\"justify\">II &#8211; Ju\u00edza de Direito\u00a0Graciela de Rezende Henriquez, que atuar\u00e1 como coordenadora auxiliar do presidente;<\/p>\n<p>&nbsp;<\/p>\n<p align=\"justify\">III &#8211;\u00a0Secret\u00e1rio de Infraestrutura\u00a0Fabio Tadeu Dias;<\/p>\n<p>&nbsp;<\/p>\n<p align=\"justify\">IV &#8211;\u00a0Servidora Renata de Souza Santos, Analista Judici\u00e1ria;<\/p>\n<p>&nbsp;<\/p>\n<p align=\"justify\">V &#8211; Servidora J\u00falia Buticosky, Analista Judici\u00e1ria;<\/p>\n<p>&nbsp;<\/p>\n<p align=\"justify\">VI &#8211;\u00a0Servidora Amina Rocha Moreira, Analista Judici\u00e1ria.<\/p>\n<p>&nbsp;<\/p>\n<p>&nbsp;<\/p>\n<p align=\"justify\">Art. 2\u00ba. A Comiss\u00e3o dever\u00e1 fomentar, por meio do Plano de Log\u00edstica Sustent\u00e1vel (PLS), a\u00e7\u00f5es que estimulem:<\/p>\n<p>&nbsp;<\/p>\n<p align=\"justify\">I \u2013 o aperfei\u00e7oamento cont\u00ednuo da qualidade do gasto p\u00fablico;<\/p>\n<p>&nbsp;<\/p>\n<p align=\"justify\">II \u2013 o uso sustent\u00e1vel de recursos naturais e bens p\u00fablicos;<\/p>\n<p>&nbsp;<\/p>\n<p align=\"justify\">III \u2013 a redu\u00e7\u00e3o do impacto negativo das atividades do \u00f3rg\u00e3o no meio ambiente com a adequada gest\u00e3o dos res\u00edduos gerados;<\/p>\n<p>&nbsp;<\/p>\n<p align=\"justify\">IV \u2013 a promo\u00e7\u00e3o das contrata\u00e7\u00f5es sustent\u00e1veis;<\/p>\n<p>&nbsp;<\/p>\n<p align=\"justify\">V \u2013 a gest\u00e3o sustent\u00e1vel de documentos, em conjunto com a unidade respons\u00e1vel;<\/p>\n<p>&nbsp;<\/p>\n<p align=\"justify\">VI \u2013 a sensibiliza\u00e7\u00e3o e capacita\u00e7\u00e3o do corpo funcional, for\u00e7a de trabalho auxiliar e de outras partes interessadas; e<\/p>\n<p>&nbsp;<\/p>\n<p align=\"justify\">VII \u2013 a qualidade de vida no ambiente de trabalho, em conjunto com a Secretaria de Gest\u00e3o de Pessoas.<\/p>\n<p>&nbsp;<\/p>\n<p>&nbsp;<\/p>\n<p align=\"justify\">Art. 3\u00ba. A CGPLS dever\u00e1 registrar em ata a instala\u00e7\u00e3o de seus trabalhos, assim como todas as demais reuni\u00f5es e delibera\u00e7\u00f5es.<\/p>\n<p>&nbsp;<\/p>\n<p>&nbsp;<\/p>\n<p align=\"justify\">Art. 4\u00ba. A Coordena\u00e7\u00e3o da CGPLS poder\u00e1 convocar outros servidores para aux\u00edlio nos trabalhos de sua compet\u00eancia, sem preju\u00edzo de suas fun\u00e7\u00f5es ordin\u00e1rias.<\/p>\n<p>&nbsp;<\/p>\n<p>&nbsp;<\/p>\n<p align=\"justify\">Art. 5\u00ba. Este ato entra em vigor na data de sua publica\u00e7\u00e3o.<\/p>\n<p align=\"justify\">\n<p>&nbsp;<\/p>\n<p>&nbsp;<\/p>\n<p align=\"center\"><strong>DESEMBARGADOR FABIO CLEM DE OLIVEIRA<\/strong><\/p>\n<p align=\"center\"><strong>Presidente do Tribunal de Justi\u00e7a do Esp\u00edrito Santo<\/strong><\/p>\n","protected":false},"excerpt":{"rendered":"<p>PODER JUDICI\u00c1RIO DO ESTADO DO ESP\u00cdRITO SANTO &#8211; PJES RUA DESEMBARGADOR HOMERO MAFRA,60 &#8211; Bairro ENSEADA DO SU\u00c1 &#8211; CEP 29050906 &#8211; Vit\u00f3ria &#8211; ES &#8211; www.tjes.jus.br &nbsp; ATO NORMATIVO N\u00b0 043\/2022 &nbsp; Altera o Ato Normativo 130\/2015, que instituiu a\u00a0Comiss\u00e3o Gestora do Plano de Log\u00edstica Sustent\u00e1vel do Tribunal de Justi\u00e7a do Estado do Esp\u00edrito [&hellip;]<\/p>\n","protected":false},"author":16,"featured_media":0,"comment_status":"closed","ping_status":"closed","sticky":false,"template":"","format":"standard","meta":{"footnotes":""},"categories":[4,14],"tags":[],"_links":{"self":[{"href":"https:\/\/www.tjes.jus.br\/corregedoria\/wp-json\/wp\/v2\/posts\/33920"}],"collection":[{"href":"https:\/\/www.tjes.jus.br\/corregedoria\/wp-json\/wp\/v2\/posts"}],"about":[{"href":"https:\/\/www.tjes.jus.br\/corregedoria\/wp-json\/wp\/v2\/types\/post"}],"author":[{"embeddable":true,"href":"https:\/\/www.tjes.jus.br\/corregedoria\/wp-json\/wp\/v2\/users\/16"}],"replies":[{"embeddable":true,"href":"https:\/\/www.tjes.jus.br\/corregedoria\/wp-json\/wp\/v2\/comments?post=33920"}],"version-history":[{"count":1,"href":"https:\/\/www.tjes.jus.br\/corregedoria\/wp-json\/wp\/v2\/posts\/33920\/revisions"}],"predecessor-version":[{"id":33921,"href":"https:\/\/www.tjes.jus.br\/corregedoria\/wp-json\/wp\/v2\/posts\/33920\/revisions\/33921"}],"wp:attachment":[{"href":"https:\/\/www.tjes.jus.br\/corregedoria\/wp-json\/wp\/v2\/media?parent=33920"}],"wp:term":[{"taxonomy":"category","embeddable":true,"href":"https:\/\/www.tjes.jus.br\/corregedoria\/wp-json\/wp\/v2\/categories?post=33920"},{"taxonomy":"post_tag","embeddable":true,"href":"https:\/\/www.tjes.jus.br\/corregedoria\/wp-json\/wp\/v2\/tags?post=33920"}],"curies":[{"name":"wp","href":"https:\/\/api.w.org\/{rel}","templated":true}]}}