{"id":34011,"date":"2022-05-16T14:55:06","date_gmt":"2022-05-16T17:55:06","guid":{"rendered":"https:\/\/www.tjes.jus.br\/corregedoria\/?p=34011"},"modified":"2022-05-16T14:55:06","modified_gmt":"2022-05-16T17:55:06","slug":"oficio-circular-cgjes-1153635-2022-disp-16-05-2022","status":"publish","type":"post","link":"https:\/\/www.tjes.jus.br\/corregedoria\/2022\/05\/16\/oficio-circular-cgjes-1153635-2022-disp-16-05-2022\/","title":{"rendered":"OF\u00cdCIO CIRCULAR CGJES 1153635\/2022 \u2013 DISP. 16\/05\/2022"},"content":{"rendered":"<p style=\"text-align: center;\"><strong>PODER JUDICI\u00c1RIO DO ESTADO DO ESP\u00cdRITO SANTO &#8211; PJES<\/strong><\/p>\n<p align=\"center\"><strong>CORREGEDORIA GERAL DA\u00a0JUSTI\u00c7A<\/strong><\/p>\n<p align=\"center\">Av. Jo\u00e3o Batista Parra, n\u00ba\u00a0320, Enseada do Su\u00e1 &#8211; Vit\u00f3ria\/ES<br \/>\nCEP: 29.050-375 &#8211;\u00a0Telefone: (27) 3145-3100\n<\/p>\n<p>&nbsp;<\/p>\n<p align=\"center\"><strong>OF\u00cdCIO CIRCULAR CGJES\u00a01153635\/7002743-93.2022.8.08.0000<\/strong><\/p>\n<p>&nbsp;<\/p>\n<p>&nbsp;<\/p>\n<p align=\"justify\">De ordem do\u00a0Exmo. Sr. Desembargador Corregedor-Geral da Justi\u00e7a do Estado do Esp\u00edrito Santo, no uso de suas atribui\u00e7\u00f5es legais e,<\/p>\n<p>&nbsp;<\/p>\n<p align=\"justify\"><strong>CONSIDERANDO<\/strong>\u00a0que a Corregedoria Geral da Justi\u00e7a \u00e9 \u00f3rg\u00e3o de fiscaliza\u00e7\u00e3o, disciplina e orienta\u00e7\u00e3o administrativa, com circunscri\u00e7\u00e3o em todo o Estado, conforme art. 35 da Lei Complementar Estadual n\u00ba 234\/2002 (COJES);<\/p>\n<p>&nbsp;<\/p>\n<p align=\"justify\"><strong>CONSIDERANDO<\/strong>\u00a0o previsto no Art. 1\u00ba do Provimento n\u00ba 052\/2021, disponibilizado no Di\u00e1rio Eletr\u00f4nico da Justi\u00e7a do dia 07 de maio de 2021;<\/p>\n<p align=\"justify\">\n<strong>CONSIDERANDO<\/strong>\u00a0o recebimento do malote digital n\u00ba 80620226396840, referente ao Of\u00edcio Circular n\u00ba 144\/2022-CGJUCGJ\u00a0enviado pela Corregedoria-Geral da Justi\u00e7a do Estado do Cear\u00e1;<\/p>\n<p align=\"justify\">\n<strong>CONSIDERANDO<\/strong>\u00a0que a referida comunica\u00e7\u00e3o do Cart\u00f3rio 5\u00ba Of\u00edcio de Registro de Im\u00f3veis da Comarca de Crato\/CE\u00a0informa o extravio dos selos de n\u00ba sequencia de 12996 a 12998, conforme documentos anexados.<\/p>\n<p align=\"justify\">\n<strong>CONSIDERANDO<\/strong>\u00a0que a referida Serventia j\u00e1 procedeu o registro da ocorr\u00eancia junto a Policia Civil do Estado do Cear\u00e1, conforme Boletim de Ocorr\u00eancia em anexo.<\/p>\n<p align=\"justify\">\n<strong>RECOMENDO<\/strong>\u00a0aos Ju\u00edzes de Direito Diretores dos F\u00f3runs, Membros do Minist\u00e9rio P\u00fablico, Advogados, Not\u00e1rios e Registradores, Serventu\u00e1rios e a quem mais possa\u00a0interessar, que observem o comunicado em anexo, e adotem as provid\u00eancias que entenderem pertinentes.<\/p>\n<p align=\"justify\">\n<strong>Publique-se. Cumpra-se.<\/strong><\/p>\n<p align=\"justify\">\n<p align=\"left\"><strong>Vit\u00f3ria\/ES, 05 de maio de 2022.<\/strong><\/p>\n<p align=\"center\"><strong>MAGALI BARBOSA DE OLIVEIRA<\/strong><\/p>\n<p align=\"center\"><strong>Coordenadora\u00a0de Monitoramento do Foro Judicial e Extrajudicial<\/strong><\/p>\n<p>&nbsp;<\/p>\n<p>&nbsp;<\/p>\n<p style=\"text-align: center;\"><strong><a href=\"https:\/\/sistemas.tjes.jus.br\/ediario\/images\/ANEXO_OF%C3%8DCIO_CIRCULAR_CEAR%C3%81_-_13-05-22.pdf\">ANEXO &#8211; CLIQUE AQUI<\/a><\/strong><\/p>\n","protected":false},"excerpt":{"rendered":"<p>PODER JUDICI\u00c1RIO DO ESTADO DO ESP\u00cdRITO SANTO &#8211; PJES CORREGEDORIA GERAL DA\u00a0JUSTI\u00c7A Av. Jo\u00e3o Batista Parra, n\u00ba\u00a0320, Enseada do Su\u00e1 &#8211; Vit\u00f3ria\/ES CEP: 29.050-375 &#8211;\u00a0Telefone: (27) 3145-3100 &nbsp; OF\u00cdCIO CIRCULAR CGJES\u00a01153635\/7002743-93.2022.8.08.0000 &nbsp; &nbsp; De ordem do\u00a0Exmo. Sr. Desembargador Corregedor-Geral da Justi\u00e7a do Estado do Esp\u00edrito Santo, no uso de suas atribui\u00e7\u00f5es legais e, &nbsp; CONSIDERANDO\u00a0que [&hellip;]<\/p>\n","protected":false},"author":16,"featured_media":0,"comment_status":"closed","ping_status":"closed","sticky":false,"template":"","format":"standard","meta":{"footnotes":""},"categories":[14,5],"tags":[],"_links":{"self":[{"href":"https:\/\/www.tjes.jus.br\/corregedoria\/wp-json\/wp\/v2\/posts\/34011"}],"collection":[{"href":"https:\/\/www.tjes.jus.br\/corregedoria\/wp-json\/wp\/v2\/posts"}],"about":[{"href":"https:\/\/www.tjes.jus.br\/corregedoria\/wp-json\/wp\/v2\/types\/post"}],"author":[{"embeddable":true,"href":"https:\/\/www.tjes.jus.br\/corregedoria\/wp-json\/wp\/v2\/users\/16"}],"replies":[{"embeddable":true,"href":"https:\/\/www.tjes.jus.br\/corregedoria\/wp-json\/wp\/v2\/comments?post=34011"}],"version-history":[{"count":1,"href":"https:\/\/www.tjes.jus.br\/corregedoria\/wp-json\/wp\/v2\/posts\/34011\/revisions"}],"predecessor-version":[{"id":34014,"href":"https:\/\/www.tjes.jus.br\/corregedoria\/wp-json\/wp\/v2\/posts\/34011\/revisions\/34014"}],"wp:attachment":[{"href":"https:\/\/www.tjes.jus.br\/corregedoria\/wp-json\/wp\/v2\/media?parent=34011"}],"wp:term":[{"taxonomy":"category","embeddable":true,"href":"https:\/\/www.tjes.jus.br\/corregedoria\/wp-json\/wp\/v2\/categories?post=34011"},{"taxonomy":"post_tag","embeddable":true,"href":"https:\/\/www.tjes.jus.br\/corregedoria\/wp-json\/wp\/v2\/tags?post=34011"}],"curies":[{"name":"wp","href":"https:\/\/api.w.org\/{rel}","templated":true}]}}