{"id":34114,"date":"2022-05-31T14:08:44","date_gmt":"2022-05-31T17:08:44","guid":{"rendered":"https:\/\/www.tjes.jus.br\/corregedoria\/?p=34114"},"modified":"2022-06-02T14:40:58","modified_gmt":"2022-06-02T17:40:58","slug":"oficio-circular-no-31-2022-disp-31-05-2022","status":"publish","type":"post","link":"https:\/\/www.tjes.jus.br\/corregedoria\/2022\/05\/31\/oficio-circular-no-31-2022-disp-31-05-2022\/","title":{"rendered":"OF\u00cdCIO CIRCULAR N\u00ba 31\/2022 \u2013 DISP. 31\/05\/2022"},"content":{"rendered":"<p align=\"center\"><strong>PODER JUDICI\u00c1RIO DO ESTADO DO ESP\u00cdRITO SANTO &#8211; PJES<\/strong><\/p>\n<p align=\"center\"><strong>RUA DESEMBARGADOR HOMERO MAFRA,60 &#8211; Bairro ENSEADA DO SU\u00c1 &#8211; CEP 29050906 &#8211; Vit\u00f3ria &#8211; ES &#8211;\u00a0<a href=\"https:\/\/www.tjes.jus.br\/\">www.tjes.jus.br<\/a><\/strong><\/p>\n<p>&nbsp;<\/p>\n<p align=\"center\"><strong>OF\u00cdCIO-CIRCULAR N\u00ba 31\/2022 &#8211; SECAO DE MONITORAMENTO DE FORO EXTRAJUDICIAL<\/strong><\/p>\n<p>&nbsp;<\/p>\n<p style=\"text-align: center;\" align=\"right\">Vit\u00f3ria, 19 de maio de 2022.<\/p>\n<p>&nbsp;<\/p>\n<p align=\"justify\">A Coordenadora de Monitoramento de Foro Judicial e Extrajudicial da Eg. Corregedoria Geral\u00a0da Justi\u00e7a do Estado do Esp\u00edrito Santo, no uso de suas atribui\u00e7\u00f5es legais e,<\/p>\n<p align=\"justify\"><strong>CONSIDERANDO<\/strong>\u00a0que a Corregedoria Geral da Justi\u00e7a \u00e9 \u00f3rg\u00e3o de fiscaliza\u00e7\u00e3o, disciplina e orienta\u00e7\u00e3o administrativa, com circunscri\u00e7\u00e3o em todo o Estado, conforme art. 35 da Lei Complementar Estadual n.\u00ba 234\/2002 (COJES);<\/p>\n<p align=\"justify\"><strong>CONSIDERANDO<\/strong>\u00a0o disposto no Provimento n\u00ba 31\/2019, desta Corregedoria Geral da Justi\u00e7a, que delegou a\u00a0Coordenadora\u00a0de Monitoramento de Foro Judicial e Extrajudicial a proceder, de of\u00edcio,\u00a0a publica\u00e7\u00e3o de Of\u00edcio-Circular\u00a0acerca da inutiliza\u00e7\u00e3o dos pap\u00e9is de seguran\u00e7a\u00a0noticiada\u00a0pelas autoridades apostilantes por meio de certid\u00e3o,\u00a0a fim de que seja dada\u00a0ampla publicidade.<\/p>\n<p align=\"justify\"><strong>CONSIDERANDO<\/strong>\u00a0o recebimento do comunicado enviado a esta Corregedoria por meio do Malote digital com c\u00f3digo de rastreabilidade n.\u00ba\u00a0<strong>80820212685532\u200b\u200b<\/strong>,\u00a0do\u00a0<strong>Cart\u00f3rio do 3\u00ba Of\u00edcio Tabelionato de Notas\u00a0do Ju\u00edzo de Vit\u00f3ria &#8211;\u00a0Comarca da Capital\/ES<\/strong>;<\/p>\n<p align=\"justify\"><strong>CONSIDERANDO<\/strong>\u00a0que o referido comunicado informa sobre a inutiliza\u00e7\u00e3o de pap\u00e9is de seguran\u00e7a para o ato de aposi\u00e7\u00e3o de apostila, conforme consta em anexo.<\/p>\n<p align=\"justify\"><strong>RECOMENDA<\/strong>\u00a0aos Ju\u00edzes de Direito Diretores dos Foros, Membros do Minist\u00e9rio P\u00fablico, Advogados, Not\u00e1rios e Registradores, Serventu\u00e1rios e a quem mais possa interessar, que observem os comunicados em anexo e adotem as provid\u00eancias que entenderem pertinentes.<\/p>\n<p align=\"justify\"><strong>Publique-se. Cumpra-se.<\/strong><\/p>\n<p>&nbsp;<\/p>\n<p align=\"center\"><strong>MAGALI BARBOSA DE OLIVEIRA<\/strong><\/p>\n<p align=\"center\"><strong>Coordenadora\u00a0de Monitoramento do Foro Judicial e Extrajudicial<\/strong><\/p>\n<p>&nbsp;<\/p>\n<p style=\"text-align: center;\"><strong><a href=\"https:\/\/sistemas.tjes.jus.br\/ediario\/images\/OF%C3%8DCIO_CIRCULAR_31-22_-_ANEXO_01_-_%C3%9ANICO.pdf\">ANEXO &#8211; CLIQUE AQUI<\/a><\/strong><\/p>\n","protected":false},"excerpt":{"rendered":"<p>PODER JUDICI\u00c1RIO DO ESTADO DO ESP\u00cdRITO SANTO &#8211; PJES RUA DESEMBARGADOR HOMERO MAFRA,60 &#8211; Bairro ENSEADA DO SU\u00c1 &#8211; CEP 29050906 &#8211; Vit\u00f3ria &#8211; ES &#8211;\u00a0www.tjes.jus.br &nbsp; OF\u00cdCIO-CIRCULAR N\u00ba 31\/2022 &#8211; SECAO DE MONITORAMENTO DE FORO EXTRAJUDICIAL &nbsp; Vit\u00f3ria, 19 de maio de 2022. &nbsp; A Coordenadora de Monitoramento de Foro Judicial e Extrajudicial da [&hellip;]<\/p>\n","protected":false},"author":16,"featured_media":0,"comment_status":"closed","ping_status":"closed","sticky":false,"template":"","format":"standard","meta":{"footnotes":""},"categories":[14,5],"tags":[],"_links":{"self":[{"href":"https:\/\/www.tjes.jus.br\/corregedoria\/wp-json\/wp\/v2\/posts\/34114"}],"collection":[{"href":"https:\/\/www.tjes.jus.br\/corregedoria\/wp-json\/wp\/v2\/posts"}],"about":[{"href":"https:\/\/www.tjes.jus.br\/corregedoria\/wp-json\/wp\/v2\/types\/post"}],"author":[{"embeddable":true,"href":"https:\/\/www.tjes.jus.br\/corregedoria\/wp-json\/wp\/v2\/users\/16"}],"replies":[{"embeddable":true,"href":"https:\/\/www.tjes.jus.br\/corregedoria\/wp-json\/wp\/v2\/comments?post=34114"}],"version-history":[{"count":2,"href":"https:\/\/www.tjes.jus.br\/corregedoria\/wp-json\/wp\/v2\/posts\/34114\/revisions"}],"predecessor-version":[{"id":34138,"href":"https:\/\/www.tjes.jus.br\/corregedoria\/wp-json\/wp\/v2\/posts\/34114\/revisions\/34138"}],"wp:attachment":[{"href":"https:\/\/www.tjes.jus.br\/corregedoria\/wp-json\/wp\/v2\/media?parent=34114"}],"wp:term":[{"taxonomy":"category","embeddable":true,"href":"https:\/\/www.tjes.jus.br\/corregedoria\/wp-json\/wp\/v2\/categories?post=34114"},{"taxonomy":"post_tag","embeddable":true,"href":"https:\/\/www.tjes.jus.br\/corregedoria\/wp-json\/wp\/v2\/tags?post=34114"}],"curies":[{"name":"wp","href":"https:\/\/api.w.org\/{rel}","templated":true}]}}