{"id":34122,"date":"2022-05-31T14:19:53","date_gmt":"2022-05-31T17:19:53","guid":{"rendered":"https:\/\/www.tjes.jus.br\/corregedoria\/?p=34122"},"modified":"2022-05-31T14:19:53","modified_gmt":"2022-05-31T17:19:53","slug":"oficio-circular-no-33-2022-disp-31-05-2022","status":"publish","type":"post","link":"https:\/\/www.tjes.jus.br\/corregedoria\/2022\/05\/31\/oficio-circular-no-33-2022-disp-31-05-2022\/","title":{"rendered":"OF\u00cdCIO CIRCULAR N\u00ba 33\/2022 \u2013 DISP. 31\/05\/2022"},"content":{"rendered":"<div class=\"override-text\">\n<p class=\"Tabela_Texto_Centralizado\" style=\"text-align: center;\"><strong>PODER JUDICI\u00c1RIO DO ESTADO DO ESP\u00cdRITO SANTO &#8211; PJES<\/strong><\/p>\n<p class=\"Tabela_Texto_Centralizado\" style=\"text-align: center;\"><strong>RUA DESEMBARGADOR HOMERO MAFRA,60 &#8211; Bairro ENSEADA DO SU\u00c1 &#8211; CEP 29050906 &#8211; Vit\u00f3ria &#8211; ES &#8211; www.tjes.jus.br<br \/>\n<\/strong><\/p>\n<\/div>\n<p style=\"text-align: center;\">\n<p class=\"Texto_Centralizado_Maiusculas\" style=\"text-align: center;\">OF\u00cdCIO-CIRCULAR N\u00ba 33\/2022 &#8211; SECAO DE MONITORAMENTO DE FORO EXTRAJUDICIAL<\/p>\n<p style=\"text-align: center;\">\n<p class=\"Texto_Alinhado_Direita\" style=\"text-align: center;\">Vit\u00f3ria, 19 de maio de 2022.<\/p>\n<p>&nbsp;<\/p>\n<p class=\"Texto_Justificado\">A Coordenadora de Monitoramento de Foro Judicial e Extrajudicial da Eg. Corregedoria Geral\u00a0da Justi\u00e7a do Estado do Esp\u00edrito Santo, no uso de suas atribui\u00e7\u00f5es legais e,\n<\/p>\n<p class=\"Texto_Justificado\"><strong>CONSIDERANDO<\/strong>\u00a0que a Corregedoria Geral da Justi\u00e7a \u00e9 \u00f3rg\u00e3o de fiscaliza\u00e7\u00e3o, disciplina e orienta\u00e7\u00e3o administrativa, com circunscri\u00e7\u00e3o em todo o Estado, conforme art. 35 da Lei Complementar Estadual n.\u00ba 234\/2002 (COJES);\n<\/p>\n<p class=\"Texto_Justificado\"><strong>CONSIDERANDO<\/strong>\u00a0o \u00a0disposto no Provimento n\u00ba 52\/2021, desta Corregedoria Geral da Justi\u00e7a, que delegou a\u00a0Coordenadora\u00a0de Monitoramento de Foro Judicial e Extrajudicial a proceder, de of\u00edcio,\u00a0a publica\u00e7\u00e3o de Of\u00edcio-Circular\u00a0acerca da inutiliza\u00e7\u00e3o dos pap\u00e9is de seguran\u00e7a, deste e de outros Estados,\u00a0noticiada\u00a0pelas autoridades apostilantes por meio de certid\u00e3o,\u00a0a fim de que seja dada\u00a0ampla publicidade.\n<\/p>\n<p class=\"Texto_Justificado\"><strong>CONSIDERANDO<\/strong>\u00a0o recebimento do comunicado enviado a esta Corregedoria por meio do Malote digital com c\u00f3digo de rastreabilidade n.\u00ba\u00a0<strong>80820222837788<\/strong><strong>\u200b\u200b<\/strong>,\u00a0do\u00a0<strong>Cart\u00f3rio de Registro Civil das Pessoas Naturais do Distrito de Goiabeiras\u00a0da Comarca de Vit\u00f3ria\/ES<\/strong>;\n<\/p>\n<p class=\"Texto_Justificado\"><strong>CONSIDERANDO<\/strong>\u00a0que o referido comunicado informa sobre a inutiliza\u00e7\u00e3o de pap\u00e9is de seguran\u00e7a para o ato de aposi\u00e7\u00e3o de apostila, conforme consta em anexo.\n<\/p>\n<p class=\"Texto_Justificado\"><strong>RECOMENDA<\/strong>\u00a0aos Ju\u00edzes de Direito Diretores dos Foros, Membros do Minist\u00e9rio P\u00fablico, Advogados, Not\u00e1rios e Registradores, Serventu\u00e1rios e a quem mais possa interessar, que observem os comunicados em anexo e adotem as provid\u00eancias que entenderem pertinentes.<\/p>\n<p class=\"Texto_Justificado\">\n<strong>Publique-se. Cumpra-se.<\/strong><\/p>\n<p>&nbsp;<\/p>\n<p class=\"Texto_Centralizado\" style=\"text-align: center;\"><strong>MAGALI BARBOSA DE OLIVEIRA<\/strong><\/p>\n<p class=\"Texto_Centralizado\" style=\"text-align: center;\"><strong>Coordenadora\u00a0de Monitoramento do Foro Judicial e Extrajudicial<\/strong><\/p>\n<p style=\"text-align: center;\">\n<p style=\"text-align: center;\"><a href=\"https:\/\/sistemas.tjes.jus.br\/ediario\/images\/AREA_DE_TRABALHO\/of%C3%ADcio_33_Oficio_1167049_20220112112332033.pdf\">ANEXO &#8211; CLIQUE AQUI<\/a><\/p>\n","protected":false},"excerpt":{"rendered":"<p>PODER JUDICI\u00c1RIO DO ESTADO DO ESP\u00cdRITO SANTO &#8211; PJES RUA DESEMBARGADOR HOMERO MAFRA,60 &#8211; Bairro ENSEADA DO SU\u00c1 &#8211; CEP 29050906 &#8211; Vit\u00f3ria &#8211; ES &#8211; www.tjes.jus.br OF\u00cdCIO-CIRCULAR N\u00ba 33\/2022 &#8211; SECAO DE MONITORAMENTO DE FORO EXTRAJUDICIAL Vit\u00f3ria, 19 de maio de 2022. &nbsp; A Coordenadora de Monitoramento de Foro Judicial e Extrajudicial da Eg. [&hellip;]<\/p>\n","protected":false},"author":16,"featured_media":0,"comment_status":"closed","ping_status":"closed","sticky":false,"template":"","format":"standard","meta":{"footnotes":""},"categories":[14,5],"tags":[],"_links":{"self":[{"href":"https:\/\/www.tjes.jus.br\/corregedoria\/wp-json\/wp\/v2\/posts\/34122"}],"collection":[{"href":"https:\/\/www.tjes.jus.br\/corregedoria\/wp-json\/wp\/v2\/posts"}],"about":[{"href":"https:\/\/www.tjes.jus.br\/corregedoria\/wp-json\/wp\/v2\/types\/post"}],"author":[{"embeddable":true,"href":"https:\/\/www.tjes.jus.br\/corregedoria\/wp-json\/wp\/v2\/users\/16"}],"replies":[{"embeddable":true,"href":"https:\/\/www.tjes.jus.br\/corregedoria\/wp-json\/wp\/v2\/comments?post=34122"}],"version-history":[{"count":1,"href":"https:\/\/www.tjes.jus.br\/corregedoria\/wp-json\/wp\/v2\/posts\/34122\/revisions"}],"predecessor-version":[{"id":34124,"href":"https:\/\/www.tjes.jus.br\/corregedoria\/wp-json\/wp\/v2\/posts\/34122\/revisions\/34124"}],"wp:attachment":[{"href":"https:\/\/www.tjes.jus.br\/corregedoria\/wp-json\/wp\/v2\/media?parent=34122"}],"wp:term":[{"taxonomy":"category","embeddable":true,"href":"https:\/\/www.tjes.jus.br\/corregedoria\/wp-json\/wp\/v2\/categories?post=34122"},{"taxonomy":"post_tag","embeddable":true,"href":"https:\/\/www.tjes.jus.br\/corregedoria\/wp-json\/wp\/v2\/tags?post=34122"}],"curies":[{"name":"wp","href":"https:\/\/api.w.org\/{rel}","templated":true}]}}