{"id":34210,"date":"2022-06-10T16:19:34","date_gmt":"2022-06-10T19:19:34","guid":{"rendered":"https:\/\/www.tjes.jus.br\/corregedoria\/?p=34210"},"modified":"2022-06-10T16:19:34","modified_gmt":"2022-06-10T19:19:34","slug":"oficio-circular-no-57-2022-disp-10-06-2022","status":"publish","type":"post","link":"https:\/\/www.tjes.jus.br\/corregedoria\/2022\/06\/10\/oficio-circular-no-57-2022-disp-10-06-2022\/","title":{"rendered":"OF\u00cdCIO CIRCULAR N\u00ba 57\/2022 \u2013 DISP. 10\/06\/2022"},"content":{"rendered":"<p align=\"center\"><strong>PODER JUDICI\u00c1RIO DO ESTADO DO ESP\u00cdRITO SANTO &#8211; PJES<\/strong><\/p>\n<p align=\"center\"><strong>RUA DESEMBARGADOR HOMERO MAFRA,60 &#8211; Bairro ENSEADA DO SU\u00c1 &#8211; CEP 29050906 &#8211; Vit\u00f3ria &#8211; ES &#8211; www.tjes.jus.br<\/strong><\/p>\n<p>&nbsp;<\/p>\n<p align=\"center\"><strong>OF\u00cdCIO-CIRCULAR N\u00ba 57\/2022 &#8211; SECAO DE MONITORAMENTO DE FORO EXTRAJUDICIAL<\/strong><\/p>\n<p>&nbsp;<\/p>\n<p align=\"right\">Vit\u00f3ria, 06 de junho de 2022.<\/p>\n<p>&nbsp;<\/p>\n<p>&nbsp;<\/p>\n<p align=\"justify\">De ordem do\u00a0Exmo. Sr. Desembargador Corregedor-Geral da Justi\u00e7a do Estado do Esp\u00edrito Santo, no uso de suas atribui\u00e7\u00f5es legais e,<\/p>\n<p>&nbsp;<\/p>\n<p align=\"justify\"><strong>CONSIDERANDO<\/strong>\u00a0que a Corregedoria Geral da Justi\u00e7a \u00e9 \u00f3rg\u00e3o de fiscaliza\u00e7\u00e3o, disciplina e orienta\u00e7\u00e3o administrativa, com circunscri\u00e7\u00e3o em todo o Estado, conforme art. 35 da Lei Complementar Estadual n\u00ba 234\/2002 (COJES);<\/p>\n<p>&nbsp;<\/p>\n<p align=\"justify\"><strong>CONSIDERANDO<\/strong>\u00a0o previsto no Art. 1\u00ba do Provimento n\u00ba 052\/2021, disponibilizado no Di\u00e1rio Eletr\u00f4nico da Justi\u00e7a do dia 07 de maio de 2021;<\/p>\n<p>&nbsp;<\/p>\n<p align=\"justify\">\n<strong>CONSIDERANDO<\/strong>\u00a0o recebimento do malote digital n\u00ba 80720221395606, referente ao Of\u00edcio n\u00ba 48\/2022\/TAB enviado pela Corregedoria-Geral da Justi\u00e7a do Estado do Distrito Federal e Territ\u00f3rios;<\/p>\n<p>&nbsp;<\/p>\n<p align=\"justify\">\n<strong>CONSIDERANDO<\/strong>\u00a0que a referida comunica\u00e7\u00e3o do Cart\u00f3rio de Samambaia, informando a apresenta\u00e7\u00e3o de Notifica\u00e7\u00e3o Extrajudicial em nome de DEOCL\u00c9CIO LUIZ ALVES DE SOUZA, comunicando suposto reconhecimento de firma fraudulento em cess\u00e3o de direitos, com documento que contem selo com nome da ex serventu\u00e1ria JENNIFER RODRIGUES MENDES, conforme documentos anexados.<\/p>\n<p>&nbsp;<\/p>\n<p align=\"justify\">\n<strong>CONSIDERANDO<\/strong>\u00a0que a referida Serventia j\u00e1 procedeu o registro da ocorr\u00eancia junto a Policia Civil do Estado do Distrito Federal e Territ\u00f3rios, conforme Boletim de Ocorr\u00eancia em anexo.<\/p>\n<p>&nbsp;<\/p>\n<p align=\"justify\">\n<strong>RECOMENDO<\/strong>\u00a0aos Ju\u00edzes de Direito Diretores dos F\u00f3runs, Membros do Minist\u00e9rio P\u00fablico, Advogados, Not\u00e1rios e Registradores, Serventu\u00e1rios e a quem mais possa\u00a0interessar, que observem o comunicado em anexo, e adotem as provid\u00eancias que entenderem pertinentes.<\/p>\n<p>&nbsp;<\/p>\n<p align=\"justify\">\n<strong>Publique-se. Cumpra-se.<\/strong><\/p>\n<p>&nbsp;<\/p>\n<p>&nbsp;<\/p>\n<p align=\"center\"><strong>MAGALI BARBOSA DE OLIVEIRA<\/strong><\/p>\n<p align=\"center\"><strong>Coordenadora\u00a0de Monitoramento do Foro Judicial e Extrajudicial<\/strong><\/p>\n<p>&nbsp;<\/p>\n<p style=\"text-align: center;\"><strong><a href=\"https:\/\/sistemas.tjes.jus.br\/ediario\/images\/AREA_DE_TRABALHO\/OF%C3%8DCIO_CIRCULAR_57-22_-_ANEXO.pdf\">ANEXO &#8211; CLIQUE AQUI<\/a><\/strong><\/p>\n","protected":false},"excerpt":{"rendered":"<p>PODER JUDICI\u00c1RIO DO ESTADO DO ESP\u00cdRITO SANTO &#8211; PJES RUA DESEMBARGADOR HOMERO MAFRA,60 &#8211; Bairro ENSEADA DO SU\u00c1 &#8211; CEP 29050906 &#8211; Vit\u00f3ria &#8211; ES &#8211; www.tjes.jus.br &nbsp; OF\u00cdCIO-CIRCULAR N\u00ba 57\/2022 &#8211; SECAO DE MONITORAMENTO DE FORO EXTRAJUDICIAL &nbsp; Vit\u00f3ria, 06 de junho de 2022. &nbsp; &nbsp; De ordem do\u00a0Exmo. Sr. Desembargador Corregedor-Geral da Justi\u00e7a [&hellip;]<\/p>\n","protected":false},"author":16,"featured_media":0,"comment_status":"closed","ping_status":"closed","sticky":false,"template":"","format":"standard","meta":{"footnotes":""},"categories":[14,5],"tags":[],"_links":{"self":[{"href":"https:\/\/www.tjes.jus.br\/corregedoria\/wp-json\/wp\/v2\/posts\/34210"}],"collection":[{"href":"https:\/\/www.tjes.jus.br\/corregedoria\/wp-json\/wp\/v2\/posts"}],"about":[{"href":"https:\/\/www.tjes.jus.br\/corregedoria\/wp-json\/wp\/v2\/types\/post"}],"author":[{"embeddable":true,"href":"https:\/\/www.tjes.jus.br\/corregedoria\/wp-json\/wp\/v2\/users\/16"}],"replies":[{"embeddable":true,"href":"https:\/\/www.tjes.jus.br\/corregedoria\/wp-json\/wp\/v2\/comments?post=34210"}],"version-history":[{"count":1,"href":"https:\/\/www.tjes.jus.br\/corregedoria\/wp-json\/wp\/v2\/posts\/34210\/revisions"}],"predecessor-version":[{"id":34213,"href":"https:\/\/www.tjes.jus.br\/corregedoria\/wp-json\/wp\/v2\/posts\/34210\/revisions\/34213"}],"wp:attachment":[{"href":"https:\/\/www.tjes.jus.br\/corregedoria\/wp-json\/wp\/v2\/media?parent=34210"}],"wp:term":[{"taxonomy":"category","embeddable":true,"href":"https:\/\/www.tjes.jus.br\/corregedoria\/wp-json\/wp\/v2\/categories?post=34210"},{"taxonomy":"post_tag","embeddable":true,"href":"https:\/\/www.tjes.jus.br\/corregedoria\/wp-json\/wp\/v2\/tags?post=34210"}],"curies":[{"name":"wp","href":"https:\/\/api.w.org\/{rel}","templated":true}]}}