{"id":34254,"date":"2022-06-15T14:19:00","date_gmt":"2022-06-15T17:19:00","guid":{"rendered":"https:\/\/www.tjes.jus.br\/corregedoria\/?p=34254"},"modified":"2022-06-15T14:19:00","modified_gmt":"2022-06-15T17:19:00","slug":"ato-normativo-no-070-2022-disp-15-06-2022","status":"publish","type":"post","link":"https:\/\/www.tjes.jus.br\/corregedoria\/2022\/06\/15\/ato-normativo-no-070-2022-disp-15-06-2022\/","title":{"rendered":"ATO NORMATIVO N\u00ba 070\/2022 \u2013 DISP. 15\/06\/2022"},"content":{"rendered":"<p align=\"center\">PODER JUDICI\u00c1RIO DO ESTADO DO ESP\u00cdRITO SANTO &#8211; PJES<\/p>\n<p align=\"center\">RUA DESEMBARGADOR HOMERO MAFRA,60 &#8211; Bairro ENSEADA DO SU\u00c1 &#8211; CEP 29050906 &#8211; Vit\u00f3ria &#8211; ES &#8211; www.tjes.jus.br<\/p>\n<p align=\"center\">\n<p>&nbsp;<\/p>\n<p align=\"center\"><strong>ATO NORMATIVO N\u00ba 070\/ 2022<\/strong><\/p>\n<p>&nbsp;<\/p>\n<p align=\"right\">Disp\u00f5e sobre a cria\u00e7\u00e3o do Centro de Intelig\u00eancia do Poder Judici\u00e1rio do Estado do Esp\u00edrito Santo\u00a0e d\u00e1 outras provid\u00eancias.<\/p>\n<p>&nbsp;<\/p>\n<p align=\"justify\">O Presidente do Egr\u00e9gio Tribunal de Justi\u00e7a do Estado do Esp\u00edrito Santo, no uso de suas atribui\u00e7\u00f5es legais e regimentais,<\/p>\n<p>&nbsp;<\/p>\n<p align=\"justify\"><strong>CONSIDERANDO<\/strong>\u00a0o disposto na Resolu\u00e7\u00e3o CNJ n\u00ba 349\/2020, que disp\u00f5e sobre a cria\u00e7\u00e3o do Centro de Intelig\u00eancia do Poder Judici\u00e1rio e d\u00e1 outras provid\u00eancias;<\/p>\n<p>&nbsp;<\/p>\n<p align=\"justify\"><strong>CONSIDERANDO<\/strong>\u00a0o item 4 dos Macrodesafios da Estrat\u00e9gia Nacional do Poder Judici\u00e1rio 2021-2026,\u00a0 consistente na \u201cgest\u00e3o de demandas repetitivas e grandes litigantes\u201d, visando reduzir o ac\u00famulo de processos na Justi\u00e7a Estadual, Justi\u00e7a Federal e Justi\u00e7a do Trabalho com especial aten\u00e7\u00e3o para os relativos a lit\u00edgios multitudin\u00e1rios que, ap\u00f3s identificados, comportam solu\u00e7\u00e3o semelhante, com revers\u00e3o ou preven\u00e7\u00e3o de cultura excessiva da judicializa\u00e7\u00e3o;<\/p>\n<p>&nbsp;<\/p>\n<p align=\"justify\"><strong>CONSIDERANDO<\/strong>\u00a0a necessidade de aprimoramento do fluxo de processamento de demandas repetitivas;<\/p>\n<p>&nbsp;<\/p>\n<p>&nbsp;<\/p>\n<p align=\"justify\"><strong>RESOLVE:<\/strong><\/p>\n<p>&nbsp;<\/p>\n<p>&nbsp;<\/p>\n<p align=\"justify\">Art. 1\u00ba. Instituir o Centro de Intelig\u00eancia do Poder Judici\u00e1rio do Estado do Esp\u00edrito Santo com objetivo de identificar e propor tratamento adequado de demandas estrat\u00e9gicas ou repetitivas e de massa no \u00e2mbito da Justi\u00e7a Estadual do Esp\u00edrito Santo.<\/p>\n<p>&nbsp;<\/p>\n<p>&nbsp;<\/p>\n<p align=\"justify\">Art. 2\u00ba. Compete ao Centro de Intelig\u00eancia do Poder Judici\u00e1rio do Estado do Esp\u00edrito Santo:<\/p>\n<p>&nbsp;<\/p>\n<p align=\"justify\">I &#8211; identificar e monitorar demandas judiciais repetitivas, de grandes litigantes e a\u00e7\u00f5es coletivas de grande repercuss\u00e3o;<\/p>\n<p>&nbsp;<\/p>\n<p align=\"justify\">II &#8211; realizar estudos sobre as causas e consequ\u00eancias do excesso de litigiosidade na Justi\u00e7a Estadual;<\/p>\n<p>&nbsp;<\/p>\n<p align=\"justify\">III &#8211; propor medidas normativas e de gest\u00e3o voltadas \u00e0 moderniza\u00e7\u00e3o das rotinas processuais e \u00e0 organiza\u00e7\u00e3o e estrutura\u00e7\u00e3o das unidades judiciais atingidas pelo excesso de litig\u00e2ncia;<\/p>\n<p>&nbsp;<\/p>\n<p align=\"justify\">IV\u00a0&#8211; identificar e propor medidas de preven\u00e7\u00e3o e repress\u00e3o da litig\u00e2ncia protelat\u00f3ria;<\/p>\n<p>&nbsp;<\/p>\n<p align=\"justify\">V\u00a0&#8211; sugerir crit\u00e9rios de taxinomia para classifica\u00e7\u00e3o de demandas repetitivas ou em massa;<\/p>\n<p>&nbsp;<\/p>\n<p align=\"justify\">VI- manter interlocu\u00e7\u00e3o com os Centros de Intelig\u00eancia de outros Tribunais e do Conselho Nacional de Justi\u00e7a &#8211; CIPJ.<\/p>\n<p>&nbsp;<\/p>\n<p>&nbsp;<\/p>\n<p align=\"justify\">Art. 3\u00ba.\u00a0 O Centro de Intelig\u00eancia do Poder Judici\u00e1rio do Estado do Esp\u00edrito Santo ser\u00e1 composto pelos seguintes membros:<\/p>\n<p>&nbsp;<\/p>\n<p align=\"justify\">I &#8211; o desembargador Pedro Valls Feu Rosa, \u00a0que exercer\u00e1 a fun\u00e7\u00e3o de coordenador;<\/p>\n<p>&nbsp;<\/p>\n<p align=\"justify\">II &#8211; o magistrado Felippe Monteiro Morgadro Horta;<\/p>\n<p>&nbsp;<\/p>\n<p align=\"justify\">III &#8211; a assessora de Planejamento, Or\u00e7amento e Gest\u00e3o Estrat\u00e9gica, Rita de C\u00e1ssia Barcellos Almeida;<\/p>\n<p>&nbsp;<\/p>\n<p align=\"justify\">IV\u00a0&#8211; a servidora do N\u00facleo de Estat\u00edstica\u00a0Ana Clara Davila Guedes;<\/p>\n<p>&nbsp;<\/p>\n<p align=\"justify\">V &#8211; a servidora do N\u00facleo de Gerenciamento de Precedentes\u00a0Renata Casagrande Martelli.<\/p>\n<p>&nbsp;<\/p>\n<p>&nbsp;<\/p>\n<p align=\"justify\">Art. 4 \u00ba.\u00a0Este Ato Normativo entra em vigor na data de sua publica\u00e7\u00e3o.<\/p>\n<p align=\"center\">\n<p>&nbsp;<\/p>\n<p align=\"center\"><strong>Vit\u00f3ria, 14 de junho de 2022.<\/strong><\/p>\n<p>&nbsp;<\/p>\n<p>&nbsp;<\/p>\n<p align=\"center\">\n<p align=\"center\">\n<p align=\"center\"><strong>Desembargador FABIO CLEM DE OLIVEIRA<\/strong><\/p>\n<p align=\"center\"><strong>Presidente<\/strong><\/p>\n","protected":false},"excerpt":{"rendered":"<p>PODER JUDICI\u00c1RIO DO ESTADO DO ESP\u00cdRITO SANTO &#8211; PJES RUA DESEMBARGADOR HOMERO MAFRA,60 &#8211; Bairro ENSEADA DO SU\u00c1 &#8211; CEP 29050906 &#8211; Vit\u00f3ria &#8211; ES &#8211; www.tjes.jus.br &nbsp; ATO NORMATIVO N\u00ba 070\/ 2022 &nbsp; Disp\u00f5e sobre a cria\u00e7\u00e3o do Centro de Intelig\u00eancia do Poder Judici\u00e1rio do Estado do Esp\u00edrito Santo\u00a0e d\u00e1 outras provid\u00eancias. &nbsp; O [&hellip;]<\/p>\n","protected":false},"author":16,"featured_media":0,"comment_status":"closed","ping_status":"closed","sticky":false,"template":"","format":"standard","meta":{"footnotes":""},"categories":[4,14],"tags":[],"_links":{"self":[{"href":"https:\/\/www.tjes.jus.br\/corregedoria\/wp-json\/wp\/v2\/posts\/34254"}],"collection":[{"href":"https:\/\/www.tjes.jus.br\/corregedoria\/wp-json\/wp\/v2\/posts"}],"about":[{"href":"https:\/\/www.tjes.jus.br\/corregedoria\/wp-json\/wp\/v2\/types\/post"}],"author":[{"embeddable":true,"href":"https:\/\/www.tjes.jus.br\/corregedoria\/wp-json\/wp\/v2\/users\/16"}],"replies":[{"embeddable":true,"href":"https:\/\/www.tjes.jus.br\/corregedoria\/wp-json\/wp\/v2\/comments?post=34254"}],"version-history":[{"count":1,"href":"https:\/\/www.tjes.jus.br\/corregedoria\/wp-json\/wp\/v2\/posts\/34254\/revisions"}],"predecessor-version":[{"id":34258,"href":"https:\/\/www.tjes.jus.br\/corregedoria\/wp-json\/wp\/v2\/posts\/34254\/revisions\/34258"}],"wp:attachment":[{"href":"https:\/\/www.tjes.jus.br\/corregedoria\/wp-json\/wp\/v2\/media?parent=34254"}],"wp:term":[{"taxonomy":"category","embeddable":true,"href":"https:\/\/www.tjes.jus.br\/corregedoria\/wp-json\/wp\/v2\/categories?post=34254"},{"taxonomy":"post_tag","embeddable":true,"href":"https:\/\/www.tjes.jus.br\/corregedoria\/wp-json\/wp\/v2\/tags?post=34254"}],"curies":[{"name":"wp","href":"https:\/\/api.w.org\/{rel}","templated":true}]}}