{"id":34255,"date":"2022-06-15T14:19:04","date_gmt":"2022-06-15T17:19:04","guid":{"rendered":"https:\/\/www.tjes.jus.br\/corregedoria\/?p=34255"},"modified":"2022-06-15T14:38:15","modified_gmt":"2022-06-15T17:38:15","slug":"ato-normativo-no-071-2022-disp-15-06-2022","status":"publish","type":"post","link":"https:\/\/www.tjes.jus.br\/corregedoria\/2022\/06\/15\/ato-normativo-no-071-2022-disp-15-06-2022\/","title":{"rendered":"ATO NORMATIVO N\u00ba 071\/2022 \u2013 DISP. 15\/06\/2022"},"content":{"rendered":"<p style=\"text-align: center;\">PODER JUDICI\u00c1RIO DO ESTADO DO ESP\u00cdRITO SANTO &#8211; PJES<\/p>\n<p style=\"text-align: center;\">RUA DESEMBARGADOR HOMERO MAFRA,60 &#8211; Bairro ENSEADA DO SU\u00c1 &#8211; CEP 29050906 &#8211; Vit\u00f3ria &#8211; ES &#8211; www.tjes.jus.br<\/p>\n<p style=\"text-align: center;\"><strong>TRIBUNAL DE JUSTICA DO ESPIRITO SANTO<br \/>\nPRESIDENCIA<br \/>\nCOMITE DE GOVERNANCA DE TIC<\/strong><\/p>\n<p>&nbsp;<\/p>\n<p>&nbsp;<\/p>\n<p>Processo n\u00ba:\u00a07003842-98.2022.8.08.0000<\/p>\n<p>Assunto: Expans\u00e3o PJe<\/p>\n<p>&nbsp;<\/p>\n<p>&nbsp;<\/p>\n<p style=\"text-align: center;\">ATO NORMATIVO N\u00ba 071 \/2022<\/p>\n<p>&nbsp;<\/p>\n<p>&nbsp;<\/p>\n<p>Altera o cronograma de implanta\u00e7\u00e3o do Processo Judicial eletr\u00f4nico \u2013 Pje estabelecido no Ato Normativo n\u00ba 049\/2022 e d\u00e1 outras provid\u00eancias.<\/p>\n<p>&nbsp;<\/p>\n<p>&nbsp;<\/p>\n<p>O Presidente do Egr\u00e9gio Tribunal de Justi\u00e7a do Estado do Esp\u00edrito Santo, no uso de suas atribui\u00e7\u00f5es legais e regimentais,<\/p>\n<p>&nbsp;<\/p>\n<p>&nbsp;<\/p>\n<p>CONSIDERANDO que a tramita\u00e7\u00e3o de processos em meio eletr\u00f4nico promove o incremento da celeridade e da efici\u00eancia da presta\u00e7\u00e3o jurisdicional;<\/p>\n<p>&nbsp;<\/p>\n<p>&nbsp;<\/p>\n<p>CONSIDERANDO as diretrizes contidas na Lei n\u00ba 11.419\/2006, que disp\u00f5e sobre a informatiza\u00e7\u00e3o do processo judicial, e, ainda, que compete supletivamente aos tribunais regulamentar a pr\u00e1tica e a comunica\u00e7\u00e3o oficial de atos processuais por meio eletr\u00f4nico, disciplinando a incorpora\u00e7\u00e3o progressiva de novos avan\u00e7os tecnol\u00f3gicos, em conformidade com o art. 196 do C\u00f3digo de Processo C\u00edvel;<\/p>\n<p>&nbsp;<\/p>\n<p>&nbsp;<\/p>\n<p>CONSIDERANDO a necessidade premente de ader\u00eancia \u00e0s diretrizes estabelecidas pelo Conselho Nacional de Justi\u00e7a para o atendimento cartor\u00e1rio por meio virtual, a teor da Resolu\u00e7\u00e3o n\u00ba 335\/2020 c\/c Resolu\u00e7\u00e3o n\u02da 372\/2021 do Conselho Nacional de Justi\u00e7a;<\/p>\n<p>&nbsp;<\/p>\n<p>&nbsp;<\/p>\n<p>RESOLVE:<\/p>\n<p>&nbsp;<\/p>\n<p>&nbsp;<\/p>\n<p>Art. 1\u00ba. ALTERAR o cronograma de implanta\u00e7\u00e3o do Processo Judicial Eletr\u00f4nico \u2013 PJe, estabelecido mediante Ato Normativo n\u00ba 049\/2022, para fins de implantar a Fazenda P\u00fablica Federal\u00a0 (compet\u00eancia delegada) nas Unidades Judici\u00e1rias que seguem, para in\u00edcio no dia 20 de junho de 2022.<\/p>\n<p>&nbsp;<\/p>\n<p>\u00c1guia Branca.<\/p>\n<p>&nbsp;<\/p>\n<p>Alfredo Chaves.<\/p>\n<p>&nbsp;<\/p>\n<p>Anchieta.<\/p>\n<p>&nbsp;<\/p>\n<p>Barra de S\u00e3o Francisco.<\/p>\n<p>&nbsp;<\/p>\n<p>Dores do Rio Preto.<\/p>\n<p>&nbsp;<\/p>\n<p>Ecoporanga.<\/p>\n<p>&nbsp;<\/p>\n<p>Gua\u00e7u\u00ed.<\/p>\n<p>&nbsp;<\/p>\n<p>Muniz Freire.<\/p>\n<p>&nbsp;<\/p>\n<p>S\u00e3o Gabriel da Palha.<\/p>\n<p>&nbsp;<\/p>\n<p>S\u00e3o Jos\u00e9 dos Cal\u00e7ados.<\/p>\n<p>&nbsp;<\/p>\n<p>Santa Maria de Jetib\u00e1.<\/p>\n<p>&nbsp;<\/p>\n<p>Santa Teresa.<\/p>\n<p>&nbsp;<\/p>\n<p>Pinheiros.<\/p>\n<p>&nbsp;<\/p>\n<p>&nbsp;<\/p>\n<p>&nbsp;<\/p>\n<p>Art. 2\u00ba. Republique o ANEXO I &#8211; <a href=\"https:\/\/www.tjes.jus.br\/corregedoria\/2022\/05\/13\/ato-normativo-no-049-2022-disp-13-05-2022\/\">Ato Normativo n\u00ba 49\/22<\/a>, de 13 de maio de 2022.<\/p>\n<p>&nbsp;<\/p>\n<p>&nbsp;<\/p>\n<p>Art. 3\u00ba. Este Ato Normativo entra em vigor na data de sua publica\u00e7\u00e3o.<\/p>\n<p>&nbsp;<\/p>\n<p>&nbsp;<\/p>\n<p>Publique-se por 05 (cinco) dias consecutivos no Di\u00e1rio da Justi\u00e7a Eletr\u00f4nico.<\/p>\n<p>&nbsp;<\/p>\n<p>&nbsp;<\/p>\n<p>Vit\u00f3ria\/ES, 13\u00a0de junho de 2022.<\/p>\n<p><strong>\u00a0<\/strong><\/p>\n<p>&nbsp;<\/p>\n<p>&nbsp;<\/p>\n<p>&nbsp;<\/p>\n<p style=\"text-align: center;\"><strong>Desembargador FABIO CLEM DE OLIVEIRA<\/strong><\/p>\n<p style=\"text-align: center;\"><strong>Presidente<\/strong><\/p>\n<p style=\"text-align: center;\"><strong><a href=\"https:\/\/sistemas.tjes.jus.br\/ediario\/images\/ANEXO_IMPLANTA%C3%87%C3%83O_DO_PJE_-_12-05-22_2.pdf\">ANEXO &#8211; CLIQUE AQUI<\/a><\/strong><\/p>\n","protected":false},"excerpt":{"rendered":"<p>PODER JUDICI\u00c1RIO DO ESTADO DO ESP\u00cdRITO SANTO &#8211; PJES RUA DESEMBARGADOR HOMERO MAFRA,60 &#8211; Bairro ENSEADA DO SU\u00c1 &#8211; CEP 29050906 &#8211; Vit\u00f3ria &#8211; ES &#8211; www.tjes.jus.br TRIBUNAL DE JUSTICA DO ESPIRITO SANTO PRESIDENCIA COMITE DE GOVERNANCA DE TIC &nbsp; &nbsp; Processo n\u00ba:\u00a07003842-98.2022.8.08.0000 Assunto: Expans\u00e3o PJe &nbsp; &nbsp; ATO NORMATIVO N\u00ba 071 \/2022 &nbsp; &nbsp; [&hellip;]<\/p>\n","protected":false},"author":16,"featured_media":0,"comment_status":"closed","ping_status":"closed","sticky":false,"template":"","format":"standard","meta":{"footnotes":""},"categories":[4,14],"tags":[],"_links":{"self":[{"href":"https:\/\/www.tjes.jus.br\/corregedoria\/wp-json\/wp\/v2\/posts\/34255"}],"collection":[{"href":"https:\/\/www.tjes.jus.br\/corregedoria\/wp-json\/wp\/v2\/posts"}],"about":[{"href":"https:\/\/www.tjes.jus.br\/corregedoria\/wp-json\/wp\/v2\/types\/post"}],"author":[{"embeddable":true,"href":"https:\/\/www.tjes.jus.br\/corregedoria\/wp-json\/wp\/v2\/users\/16"}],"replies":[{"embeddable":true,"href":"https:\/\/www.tjes.jus.br\/corregedoria\/wp-json\/wp\/v2\/comments?post=34255"}],"version-history":[{"count":3,"href":"https:\/\/www.tjes.jus.br\/corregedoria\/wp-json\/wp\/v2\/posts\/34255\/revisions"}],"predecessor-version":[{"id":34267,"href":"https:\/\/www.tjes.jus.br\/corregedoria\/wp-json\/wp\/v2\/posts\/34255\/revisions\/34267"}],"wp:attachment":[{"href":"https:\/\/www.tjes.jus.br\/corregedoria\/wp-json\/wp\/v2\/media?parent=34255"}],"wp:term":[{"taxonomy":"category","embeddable":true,"href":"https:\/\/www.tjes.jus.br\/corregedoria\/wp-json\/wp\/v2\/categories?post=34255"},{"taxonomy":"post_tag","embeddable":true,"href":"https:\/\/www.tjes.jus.br\/corregedoria\/wp-json\/wp\/v2\/tags?post=34255"}],"curies":[{"name":"wp","href":"https:\/\/api.w.org\/{rel}","templated":true}]}}